{"id":42313,"date":"2014-01-23T09:31:41","date_gmt":"2014-01-23T12:31:41","guid":{"rendered":"http:\/\/www.eltrabajo.cl\/portal\/?p=42313"},"modified":"2014-01-23T09:31:41","modified_gmt":"2014-01-23T12:31:41","slug":"destituyen-a-jefe-de-dipma-edwin-martinez-tras-sumario-administrativo","status":"publish","type":"post","link":"https:\/\/eltrabajo.cl\/portal\/destituyen-a-jefe-de-dipma-edwin-martinez-tras-sumario-administrativo\/","title":{"rendered":"Destituyen a Jefe de Dipma, Edwin Mart\u00ednez, tras Sumario Administrativo"},"content":{"rendered":"<figure id=\"attachment_42314\" aria-describedby=\"caption-attachment-42314\" style=\"width: 317px\" class=\"wp-caption alignleft\"><a href=\"https:\/\/i0.wp.com\/www.eltrabajo.cl\/portal\/wp-content\/uploads\/2014\/01\/Edwin-Martinez.jpg\"><img data-recalc-dims=\"1\" loading=\"lazy\" decoding=\"async\" class=\" wp-image-42314 \" title=\"Edwin Mart\u00ednez autoriz\u00f3 a una empresa, con su firma y sin la venia de alcald\u00eda, el funcionamiento de una escombrera municipal.\" alt=\"Edwin Mart\u00ednez autoriz\u00f3 a una empresa, con su firma y sin la venia de alcald\u00eda, el funcionamiento de una escombrera municipal.\" src=\"https:\/\/i0.wp.com\/www.eltrabajo.cl\/portal\/wp-content\/uploads\/2014\/01\/Edwin-Martinez.jpg?resize=317%2C292\" width=\"317\" height=\"292\" srcset=\"https:\/\/i0.wp.com\/eltrabajo.cl\/portal\/wp-content\/uploads\/2014\/01\/Edwin-Martinez.jpg?w=529&amp;ssl=1 529w, https:\/\/i0.wp.com\/eltrabajo.cl\/portal\/wp-content\/uploads\/2014\/01\/Edwin-Martinez.jpg?resize=163%2C150&amp;ssl=1 163w, https:\/\/i0.wp.com\/eltrabajo.cl\/portal\/wp-content\/uploads\/2014\/01\/Edwin-Martinez.jpg?resize=300%2C275&amp;ssl=1 300w, https:\/\/i0.wp.com\/eltrabajo.cl\/portal\/wp-content\/uploads\/2014\/01\/Edwin-Martinez.jpg?resize=150%2C137&amp;ssl=1 150w, https:\/\/i0.wp.com\/eltrabajo.cl\/portal\/wp-content\/uploads\/2014\/01\/Edwin-Martinez.jpg?resize=400%2C367&amp;ssl=1 400w\" sizes=\"auto, (max-width: 317px) 100vw, 317px\" \/><\/a><figcaption id=\"caption-attachment-42314\" class=\"wp-caption-text\">Edwin Mart\u00ednez autoriz\u00f3 a una empresa, con su firma y sin la venia de alcald\u00eda, el funcionamiento de una escombrera municipal.<\/figcaption><\/figure>\n<ul>\n<li><strong>Jefe de la Direcci\u00f3n de Protecci\u00f3n del Medio Ambiente de la municipalidad, autoriz\u00f3 durante el 2012 y 2013, a una empresa para que operara como escombrera municipal.<\/strong><\/li>\n<\/ul>\n<p>El Abogado del Departamento Jur\u00eddico de la Municipalidad de San Felipe, Mauricio Mass, confirm\u00f3 en la ma\u00f1ana de ayer la destituci\u00f3n del Jefe de la Direcci\u00f3n de Protecci\u00f3n del Medio Ambiente (Dipma), Edwin Mart\u00ednez, por autorizar a una empresa para que operara como escombrera municipal, sin que ello fuese autorizado por el Alcalde Jaime Amar, en 2012; y ratificando la autorizaci\u00f3n durante el a\u00f1o 2013, sin que el hecho lo conociera el Alcalde Patricio Freire.<\/p>\n<p>La determinaci\u00f3n se adopt\u00f3 tras culminar un sumario administrativo instruido en el segundo semestre de 2013, el que tuvo por Fiscal al Administrador Municipal, Patricio Gonz\u00e1lez.<\/p>\n<figure id=\"attachment_42315\" aria-describedby=\"caption-attachment-42315\" style=\"width: 317px\" class=\"wp-caption alignright\"><a href=\"https:\/\/i0.wp.com\/www.eltrabajo.cl\/portal\/wp-content\/uploads\/2014\/01\/Mauricio-Mass.jpg\"><img data-recalc-dims=\"1\" loading=\"lazy\" decoding=\"async\" class=\" wp-image-42315 \" title=\"Mauricio Mass, Abogado del Departamento Jur\u00eddico de la Municipalidad de San Felipe.\" alt=\"Mauricio Mass, Abogado del Departamento Jur\u00eddico de la Municipalidad de San Felipe.\" src=\"https:\/\/i0.wp.com\/www.eltrabajo.cl\/portal\/wp-content\/uploads\/2014\/01\/Mauricio-Mass.jpg?resize=317%2C292\" width=\"317\" height=\"292\" srcset=\"https:\/\/i0.wp.com\/eltrabajo.cl\/portal\/wp-content\/uploads\/2014\/01\/Mauricio-Mass.jpg?w=529&amp;ssl=1 529w, https:\/\/i0.wp.com\/eltrabajo.cl\/portal\/wp-content\/uploads\/2014\/01\/Mauricio-Mass.jpg?resize=162%2C150&amp;ssl=1 162w, https:\/\/i0.wp.com\/eltrabajo.cl\/portal\/wp-content\/uploads\/2014\/01\/Mauricio-Mass.jpg?resize=300%2C276&amp;ssl=1 300w, https:\/\/i0.wp.com\/eltrabajo.cl\/portal\/wp-content\/uploads\/2014\/01\/Mauricio-Mass.jpg?resize=150%2C138&amp;ssl=1 150w, https:\/\/i0.wp.com\/eltrabajo.cl\/portal\/wp-content\/uploads\/2014\/01\/Mauricio-Mass.jpg?resize=400%2C368&amp;ssl=1 400w\" sizes=\"auto, (max-width: 317px) 100vw, 317px\" \/><\/a><figcaption id=\"caption-attachment-42315\" class=\"wp-caption-text\">Mauricio Mass, Abogado del Departamento Jur\u00eddico de la Municipalidad de San Felipe.<\/figcaption><\/figure>\n<p>El sumario, estableci\u00f3 que Mart\u00ednez extendi\u00f3 a la empresa de \u00c1ridos Vargas, un certificado firmado por \u00e9l para que funcionara en sus terrenos una escombrera, la cual no ten\u00eda ning\u00fan tipo de permisos, ni patentes y lo que es m\u00e1s grave, nunca fue autorizada por el Concejo Municipal, ni por el ex-alcalde Jaime Amar y la actual autoridad municipal, Patricio Freire, en tanto que tampoco existe alg\u00fan documento formal que acreditara o que delegara la facultad al Jefe de la Dipma para autorizar ese tipo de negocios.<\/p>\n<p>&nbsp;<\/p>\n<p><strong>ACTU\u00d3 SIN AUTORIDAD<\/strong><\/p>\n<p>El sumario administrativo concluy\u00f3 que Mart\u00ednez no ten\u00eda ninguna autoridad o facultad para extender ese tipo de autorizaciones. La misma investigaci\u00f3n estableci\u00f3 que aunque el tema fue abordado a modo de idea en alguna sesi\u00f3n del Concejo Municipal de la \u00e9poca, nunca hubo un proyecto formal o propuesta real ingresada para crear una escombrera Municipal.<\/p>\n<p>Seg\u00fan se\u00f1al\u00f3 Mauricio Mass, esta situaci\u00f3n fue corroborada por el ex-alcalde Jaime Amar, quien declar\u00f3 ante el fiscal del sumario, ocasi\u00f3n que el ex-edil desconoci\u00f3 cualquier autorizaci\u00f3n para una iniciativa de esas caracter\u00edsticas, lo mismo que expres\u00f3 el Director de Obras y los integrantes de la Mesa Territorial Municipal.<\/p>\n<p>Asimismo, qued\u00f3 establecido que Mart\u00ednez autoriz\u00f3 dicha escombrera con la extensi\u00f3n de certificados en el a\u00f1o 2012, per\u00edodo del ex-alcalde Jaime Amar y 2013, durante la gesti\u00f3n de Patricio Freire, administraci\u00f3n que no ten\u00eda conocimiento de la existencia de un recinto de esas caracter\u00edsticas.<\/p>\n<p>\u00abEl sumario se inici\u00f3 en el mes de septiembre de 2013, existiendo algunos problemas de tramitaci\u00f3n, ya que Edwin Mart\u00ednez estuvo desde ese mismo d\u00eda, con una licencia m\u00e9dica bastante prolongada, con posterioridad a eso se formularon dos cargos, d\u00e1ndole la oportunidad al funcionario para que hiciera su defensa, la que present\u00f3 en tiempo y forma, pero los cargos no pudieron ser desvirtuados, precisamente reafirmaron la visi\u00f3n que ten\u00eda el fiscal sumariante al formular los cargos\u00bb, se\u00f1al\u00f3 Mass.<\/p>\n<p>La gravedad del caso es que Mart\u00ednez autoriz\u00f3 un negocio para una empresa sin estar facultado, para que lucrara, dejando o no permitiendo que el Municipio pudiese generar all\u00ed un proyecto en condiciones normales cumpliendo la normativa.<\/p>\n<p>&nbsp;<\/p>\n","protected":false},"excerpt":{"rendered":"<p>Jefe de la Direcci\u00f3n de Protecci\u00f3n del Medio Ambiente de la municipalidad, autoriz\u00f3 durante el 2012 y 2013, a una empresa para que operara como escombrera municipal. El Abogado del Departamento Jur\u00eddico&#8230;<\/p>\n","protected":false},"author":482,"featured_media":42314,"comment_status":"open","ping_status":"closed","sticky":false,"template":"","format":"standard","meta":{"advanced_seo_description":"","jetpack_seo_html_title":"","jetpack_seo_noindex":false,"_jetpack_memberships_contains_paid_content":false,"footnotes":""},"categories":[1],"tags":[],"class_list":["post-42313","post","type-post","status-publish","format-standard","has-post-thumbnail","hentry","category-cronica"],"jetpack_featured_media_url":"https:\/\/i0.wp.com\/eltrabajo.cl\/portal\/wp-content\/uploads\/2014\/01\/Edwin-Martinez.jpg?fit=529%2C486&ssl=1","jetpack_sharing_enabled":true,"jetpack_likes_enabled":true,"jetpack-related-posts":[],"_links":{"self":[{"href":"https:\/\/eltrabajo.cl\/portal\/wp-json\/wp\/v2\/posts\/42313","targetHints":{"allow":["GET"]}}],"collection":[{"href":"https:\/\/eltrabajo.cl\/portal\/wp-json\/wp\/v2\/posts"}],"about":[{"href":"https:\/\/eltrabajo.cl\/portal\/wp-json\/wp\/v2\/types\/post"}],"author":[{"embeddable":true,"href":"https:\/\/eltrabajo.cl\/portal\/wp-json\/wp\/v2\/users\/482"}],"replies":[{"embeddable":true,"href":"https:\/\/eltrabajo.cl\/portal\/wp-json\/wp\/v2\/comments?post=42313"}],"version-history":[{"count":0,"href":"https:\/\/eltrabajo.cl\/portal\/wp-json\/wp\/v2\/posts\/42313\/revisions"}],"wp:featuredmedia":[{"embeddable":true,"href":"https:\/\/eltrabajo.cl\/portal\/wp-json\/wp\/v2\/media\/42314"}],"wp:attachment":[{"href":"https:\/\/eltrabajo.cl\/portal\/wp-json\/wp\/v2\/media?parent=42313"}],"wp:term":[{"taxonomy":"category","embeddable":true,"href":"https:\/\/eltrabajo.cl\/portal\/wp-json\/wp\/v2\/categories?post=42313"},{"taxonomy":"post_tag","embeddable":true,"href":"https:\/\/eltrabajo.cl\/portal\/wp-json\/wp\/v2\/tags?post=42313"}],"curies":[{"name":"wp","href":"https:\/\/api.w.org\/{rel}","templated":true}]}}