{"id":42337,"date":"2014-01-24T09:30:03","date_gmt":"2014-01-24T12:30:03","guid":{"rendered":"http:\/\/www.eltrabajo.cl\/portal\/?p=42337"},"modified":"2014-01-24T09:30:03","modified_gmt":"2014-01-24T12:30:03","slug":"mas-de-170-personas-terminaron-curso-de-manipulacion-de-alimentos","status":"publish","type":"post","link":"https:\/\/eltrabajo.cl\/portal\/mas-de-170-personas-terminaron-curso-de-manipulacion-de-alimentos\/","title":{"rendered":"M\u00e1s de 170 personas terminaron Curso de Manipulaci\u00f3n de alimentos"},"content":{"rendered":"<figure id=\"attachment_42338\" aria-describedby=\"caption-attachment-42338\" style=\"width: 529px\" class=\"wp-caption alignnone\"><a href=\"https:\/\/i0.wp.com\/www.eltrabajo.cl\/portal\/wp-content\/uploads\/2014\/01\/certificacio2.jpg\"><img data-recalc-dims=\"1\" loading=\"lazy\" decoding=\"async\" class=\"size-full wp-image-42338\" title=\"La Gobernadora Edith Quiroz se\u00f1al\u00f3 que estos cursos fueron el trabajo realizado con los gestores territoriales de la gobernaci\u00f3n, a fin de mejorar las condiciones laborales y la calidad de vida de los andinos.\" alt=\"La Gobernadora Edith Quiroz se\u00f1al\u00f3 que estos cursos fueron el trabajo realizado con los gestores territoriales de la gobernaci\u00f3n, a fin de mejorar las condiciones laborales y la calidad de vida de los andinos.\" src=\"https:\/\/i0.wp.com\/www.eltrabajo.cl\/portal\/wp-content\/uploads\/2014\/01\/certificacio2.jpg?resize=529%2C353\" width=\"529\" height=\"353\" srcset=\"https:\/\/i0.wp.com\/eltrabajo.cl\/portal\/wp-content\/uploads\/2014\/01\/certificacio2.jpg?w=529&amp;ssl=1 529w, https:\/\/i0.wp.com\/eltrabajo.cl\/portal\/wp-content\/uploads\/2014\/01\/certificacio2.jpg?resize=200%2C133&amp;ssl=1 200w, https:\/\/i0.wp.com\/eltrabajo.cl\/portal\/wp-content\/uploads\/2014\/01\/certificacio2.jpg?resize=300%2C200&amp;ssl=1 300w, https:\/\/i0.wp.com\/eltrabajo.cl\/portal\/wp-content\/uploads\/2014\/01\/certificacio2.jpg?resize=150%2C100&amp;ssl=1 150w, https:\/\/i0.wp.com\/eltrabajo.cl\/portal\/wp-content\/uploads\/2014\/01\/certificacio2.jpg?resize=400%2C266&amp;ssl=1 400w\" sizes=\"auto, (max-width: 529px) 100vw, 529px\" \/><\/a><figcaption id=\"caption-attachment-42338\" class=\"wp-caption-text\">La Gobernadora Edith Quiroz se\u00f1al\u00f3 que estos cursos fueron el trabajo realizado con los gestores territoriales de la gobernaci\u00f3n, a fin de mejorar las condiciones laborales y la calidad de vida de los andinos.<\/figcaption><\/figure>\n<p><strong>LOS ANDES<\/strong>.- Un total de 172 personas fueron capacitadas el a\u00f1o 2013 en Manipulaci\u00f3n de alimentos, gracias a un acuerdo entre la Gobernaci\u00f3n Provincial y la Serem\u00eda de Salud. En dependencias de la gobernaci\u00f3n, se llev\u00f3 adelante la entrega de certificados del \u00faltimo grupo que particip\u00f3 de estos cursos. La Gobernadora Edith Quiroz se\u00f1al\u00f3 que estos cursos fueron el trabajo realizado con los gestores territoriales de la gobernaci\u00f3n, a fin de mejorar las condiciones laborales y la calidad de vida de los andinos, abri\u00e9ndoles las posibilidades de capacitarse y poder postular a mejores trabajos, con mejores rentas y mayor estabilidad.<\/p>\n<figure id=\"attachment_42339\" aria-describedby=\"caption-attachment-42339\" style=\"width: 423px\" class=\"wp-caption alignright\"><a href=\"https:\/\/i0.wp.com\/www.eltrabajo.cl\/portal\/wp-content\/uploads\/2014\/01\/certificacion1.jpg\"><img data-recalc-dims=\"1\" loading=\"lazy\" decoding=\"async\" class=\" wp-image-42339 \" title=\"Un total de 172 personas fueron capacitadas el a\u00f1o 2013 en Manipulaci\u00f3n de alimentos, gracias a un acuerdo entre la Gobernaci\u00f3n Provincial y la Serem\u00eda de Salud.\" alt=\"Un total de 172 personas fueron capacitadas el a\u00f1o 2013 en Manipulaci\u00f3n de alimentos, gracias a un acuerdo entre la Gobernaci\u00f3n Provincial y la Serem\u00eda de Salud.\" src=\"https:\/\/i0.wp.com\/www.eltrabajo.cl\/portal\/wp-content\/uploads\/2014\/01\/certificacion1.jpg?resize=423%2C282\" width=\"423\" height=\"282\" srcset=\"https:\/\/i0.wp.com\/eltrabajo.cl\/portal\/wp-content\/uploads\/2014\/01\/certificacion1.jpg?w=529&amp;ssl=1 529w, https:\/\/i0.wp.com\/eltrabajo.cl\/portal\/wp-content\/uploads\/2014\/01\/certificacion1.jpg?resize=200%2C133&amp;ssl=1 200w, https:\/\/i0.wp.com\/eltrabajo.cl\/portal\/wp-content\/uploads\/2014\/01\/certificacion1.jpg?resize=300%2C200&amp;ssl=1 300w, https:\/\/i0.wp.com\/eltrabajo.cl\/portal\/wp-content\/uploads\/2014\/01\/certificacion1.jpg?resize=150%2C100&amp;ssl=1 150w, https:\/\/i0.wp.com\/eltrabajo.cl\/portal\/wp-content\/uploads\/2014\/01\/certificacion1.jpg?resize=400%2C266&amp;ssl=1 400w\" sizes=\"auto, (max-width: 423px) 100vw, 423px\" \/><\/a><figcaption id=\"caption-attachment-42339\" class=\"wp-caption-text\">Un total de 172 personas fueron capacitadas el a\u00f1o 2013 en Manipulaci\u00f3n de alimentos, gracias a un acuerdo entre la Gobernaci\u00f3n Provincial y la Serem\u00eda de Salud.<\/figcaption><\/figure>\n<p>Mencion\u00f3 tambi\u00e9n que hubo\u00a0una participaci\u00f3n muy importante en la provincia en las charlas relacionadas con los derechos previsionales, favoreciendo a un total de mil 200 personas. \u00abAdem\u00e1s tuvimos una alta participaci\u00f3n como gobernaci\u00f3n en poder direccionar a gente que participara de los cursos de Sence de formaci\u00f3n de trabajo y esos fueron impartidos por la Universidad Playa Ancha donde participaron 87 personas\u00bb, inform\u00f3 la autoridad.<\/p>\n<p>Precis\u00f3 que esos cursos tienen un costo de un $1.300.000 por persona, \u00abpor lo que nosotros como gobernaci\u00f3n hemos querido entregar estas herramientas\u00bb.<\/p>\n<p>&nbsp;<\/p>\n","protected":false},"excerpt":{"rendered":"<p>LOS ANDES.- Un total de 172 personas fueron capacitadas el a\u00f1o 2013 en Manipulaci\u00f3n de alimentos, gracias a un acuerdo entre la Gobernaci\u00f3n Provincial y la Serem\u00eda de Salud. En dependencias de&#8230;<\/p>\n","protected":false},"author":482,"featured_media":42338,"comment_status":"open","ping_status":"closed","sticky":false,"template":"","format":"standard","meta":{"advanced_seo_description":"","jetpack_seo_html_title":"","jetpack_seo_noindex":false,"_jetpack_memberships_contains_paid_content":false,"footnotes":""},"categories":[1],"tags":[],"class_list":["post-42337","post","type-post","status-publish","format-standard","has-post-thumbnail","hentry","category-cronica"],"jetpack_featured_media_url":"https:\/\/i0.wp.com\/eltrabajo.cl\/portal\/wp-content\/uploads\/2014\/01\/certificacio2.jpg?fit=529%2C353&ssl=1","jetpack_sharing_enabled":true,"jetpack_likes_enabled":true,"jetpack-related-posts":[],"_links":{"self":[{"href":"https:\/\/eltrabajo.cl\/portal\/wp-json\/wp\/v2\/posts\/42337","targetHints":{"allow":["GET"]}}],"collection":[{"href":"https:\/\/eltrabajo.cl\/portal\/wp-json\/wp\/v2\/posts"}],"about":[{"href":"https:\/\/eltrabajo.cl\/portal\/wp-json\/wp\/v2\/types\/post"}],"author":[{"embeddable":true,"href":"https:\/\/eltrabajo.cl\/portal\/wp-json\/wp\/v2\/users\/482"}],"replies":[{"embeddable":true,"href":"https:\/\/eltrabajo.cl\/portal\/wp-json\/wp\/v2\/comments?post=42337"}],"version-history":[{"count":0,"href":"https:\/\/eltrabajo.cl\/portal\/wp-json\/wp\/v2\/posts\/42337\/revisions"}],"wp:featuredmedia":[{"embeddable":true,"href":"https:\/\/eltrabajo.cl\/portal\/wp-json\/wp\/v2\/media\/42338"}],"wp:attachment":[{"href":"https:\/\/eltrabajo.cl\/portal\/wp-json\/wp\/v2\/media?parent=42337"}],"wp:term":[{"taxonomy":"category","embeddable":true,"href":"https:\/\/eltrabajo.cl\/portal\/wp-json\/wp\/v2\/categories?post=42337"},{"taxonomy":"post_tag","embeddable":true,"href":"https:\/\/eltrabajo.cl\/portal\/wp-json\/wp\/v2\/tags?post=42337"}],"curies":[{"name":"wp","href":"https:\/\/api.w.org\/{rel}","templated":true}]}}