{"id":42342,"date":"2014-01-24T09:31:26","date_gmt":"2014-01-24T12:31:26","guid":{"rendered":"http:\/\/www.eltrabajo.cl\/portal\/?p=42342"},"modified":"2014-01-24T09:31:26","modified_gmt":"2014-01-24T12:31:26","slug":"suboficial-acusado-de-conducir-totalmente-ebrio-volvio-a-sus-funciones","status":"publish","type":"post","link":"https:\/\/eltrabajo.cl\/portal\/suboficial-acusado-de-conducir-totalmente-ebrio-volvio-a-sus-funciones\/","title":{"rendered":"Suboficial acusado de conducir totalmente ebrio volvi\u00f3 a sus funciones"},"content":{"rendered":"<figure id=\"attachment_42343\" aria-describedby=\"caption-attachment-42343\" style=\"width: 528px\" class=\"wp-caption alignnone\"><a href=\"https:\/\/i0.wp.com\/www.eltrabajo.cl\/portal\/wp-content\/uploads\/2014\/01\/vehiculo.jpg\"><img data-recalc-dims=\"1\" loading=\"lazy\" decoding=\"async\" class=\"size-full wp-image-42343\" title=\"El veh\u00edculo del suboficial fue hallado con da\u00f1os en la v\u00eda p\u00fablica en el sector de la Villa Las Acacias en San Felipe.\" alt=\"El veh\u00edculo del suboficial fue hallado con da\u00f1os en la v\u00eda p\u00fablica en el sector de la Villa Las Acacias en San Felipe.\" src=\"https:\/\/i0.wp.com\/www.eltrabajo.cl\/portal\/wp-content\/uploads\/2014\/01\/vehiculo.jpg?resize=528%2C281\" width=\"528\" height=\"281\" srcset=\"https:\/\/i0.wp.com\/eltrabajo.cl\/portal\/wp-content\/uploads\/2014\/01\/vehiculo.jpg?w=528&amp;ssl=1 528w, https:\/\/i0.wp.com\/eltrabajo.cl\/portal\/wp-content\/uploads\/2014\/01\/vehiculo.jpg?resize=200%2C106&amp;ssl=1 200w, https:\/\/i0.wp.com\/eltrabajo.cl\/portal\/wp-content\/uploads\/2014\/01\/vehiculo.jpg?resize=300%2C159&amp;ssl=1 300w, https:\/\/i0.wp.com\/eltrabajo.cl\/portal\/wp-content\/uploads\/2014\/01\/vehiculo.jpg?resize=150%2C79&amp;ssl=1 150w, https:\/\/i0.wp.com\/eltrabajo.cl\/portal\/wp-content\/uploads\/2014\/01\/vehiculo.jpg?resize=400%2C212&amp;ssl=1 400w\" sizes=\"auto, (max-width: 528px) 100vw, 528px\" \/><\/a><figcaption id=\"caption-attachment-42343\" class=\"wp-caption-text\">El veh\u00edculo del suboficial fue hallado con da\u00f1os en la v\u00eda p\u00fablica en el sector de la Villa Las Acacias en San Felipe.<\/figcaption><\/figure>\n<p>El Suboficial Mayor de Carabineros y ex jefe de tenencia de Putaendo, Pedro Moreno Cruces, volvi\u00f3 a sus funciones, esta vez asignado a la Segunda Comisar\u00eda de Carabineros de San Felipe, despu\u00e9s de dos meses de haber sido acusado de protagonizar un grave hecho de conducci\u00f3n en estado de ebriedad y sin que hasta la fecha el alto mando de la instituci\u00f3n haya entregado una respuesta oficial y p\u00fablica sobre estos graves sucesos.<\/p>\n<p>Recordemos que el pasado 13 de noviembre el Suboficial Moreno, seg\u00fan consta en el parte policial enviado a la fiscal\u00eda de San Felipe, fue sorprendido en el sector Punta del Olivo, en un control policial, en estado de ebriedad por su fuerte h\u00e1lito alcoh\u00f3lico, rostro congestionado, incoherencia al hablar e inestabilidad, seg\u00fan se\u00f1ala textualmente el documento enviado a la fiscal\u00eda.<\/p>\n<p>A pesar que en un principio Carabineros de la Prefectura intentaba ocultar estos hechos con una informaci\u00f3n oficial errada, al conocerse p\u00fablicamente el parte de Carabineros que publicamos en extenso, se inici\u00f3 una investigaci\u00f3n administrativa y luego un sumario ordenado por el alto mando de la Prefectura de Carabineros de Aconcagua.<\/p>\n<p>Fue as\u00ed como el Prefecto de Carabineros, Marcelo Dur\u00e1n, el d\u00eda 16 de noviembre del a\u00f1o 2013 indic\u00f3 que se hab\u00eda ordenado una investigaci\u00f3n administrativa, agregando que el sumario tiene mucha m\u00e1s relevancia, pues al final de la etapa investigativa es \u00e9l quien resuelve finalmente las eventuales sanciones, agregando que en este momento hay un fiscal nombrado al interior de Carabineros que lleva adelante este sumario y que deber\u00eda entregar el resultado de su investigaci\u00f3n dentro de los pr\u00f3ximos 10 d\u00edas.<\/p>\n<p>A\u00f1adi\u00f3 que la comunidad puede estar tranquila pues se actuar\u00e1 con suma transparencia, tal como \u00e9l ya lo ha hecho con los sumarios que afectaron a Carabineros en la comuna de Llay-Llay y San Esteban, donde en parte del di\u00e1logo que entablamos con el Coronel Dur\u00e1n, en forma categ\u00f3rica se\u00f1al\u00f3 que su pol\u00edtica es la transparencia, con un proceso justo donde todos puedan presentar sus descargos, aclarando que es ah\u00ed donde se deber\u00e1n demostrar las eventuales presiones, no queriendo adelantar una opini\u00f3n, pero reiterando que la comunidad ser\u00e1 informada oportunamente una vez que tenga el sumario en su mano y en base a esos antecedentes resuelva finalmente.<\/p>\n<p>Han pasado poco m\u00e1s de dos meses y nuestro medio a trav\u00e9s de distintas formas ha solicitado ser recibido por el Prefecto Dur\u00e1n y en varias ocasiones se nos ha indicado que el sumario no est\u00e1 terminado, se ha extendido y que a\u00fan faltan diligencias por realizar.<\/p>\n<p>Este jueves, el Suboficial Mayor Pedro Moreno Cruces, a bordo de un radiopatrulla de Carabineros, encabez\u00f3 una fiscalizaci\u00f3n vehicular en la carretera que une Putaendo con San Felipe en las cercan\u00edas del puente Enc\u00f3n, lo que llam\u00f3 la atenci\u00f3n, pues en un principio se dijo que hab\u00eda un sumario y que mientras \u00e9ste estuviera en desarrollo, el oficial antes nombrado estar\u00eda alejado de sus funciones. No obstante, al consultar telef\u00f3nicamente al Comisario (S), Capit\u00e1n Alfredo Castillo, nos indic\u00f3 que no sab\u00eda si efectivamente el suboficial mayor estaba o no estaba trabajando, lo que resulta dif\u00edcil de entender pues es \u00e9l quien est\u00e1 a cargo del \u00e1rea operativa y deb\u00eda saber qu\u00e9 oficiales ten\u00eda en la calle a esa hora de la ma\u00f1ana.<\/p>\n<p>Por otro lado, Putaendo Informa tiene informaci\u00f3n en cuanto a que los dos Carabineros que fiscalizaron y denunciaron al Suboficial Moreno, han sido hostigados por parte de la instituci\u00f3n y ya han sido notificados que ser\u00e1n sancionados por \u201cno haber cumplido bien su trabajo\u201d, y a pesar de la transparencia que prometi\u00f3 el alto mando de Carabineros, claramente esto no se ha cumplido y en m\u00e1s de dos meses a\u00fan no han sido capaces de informar qu\u00e9 ocurri\u00f3 con el sumario, mientras que en situaciones como la que afectaron a dos carabineros en San Esteban, que tambi\u00e9n fueron denunciados por estar en estado de ebriedad en calidad de civil y sin haber alcoholemia de por medio, \u00e9stos fueron dados de baja en 24 horas.<\/p>\n<p>Dejamos en claro que no se trata de perseguir al Suboficial Pedro Moreno Cruces, pero claramente se debe se\u00f1alar que desde un principio el alto mando de Carabineros de San Felipe ha tratado de ocultar informaci\u00f3n, cambiar la versi\u00f3n de los hechos y la prueba m\u00e1s concreta es la declaraci\u00f3n entregada por el Comandante Alarc\u00f3n, que en su momento entreg\u00f3 una versi\u00f3n radicalmente distinta a los hechos que este medio pudo recoger con pruebas en terreno el d\u00eda que ocurrieron las situaciones antes narradas.<\/p>\n<p>Patricio Gallardo M.<\/p>\n","protected":false},"excerpt":{"rendered":"<p>El Suboficial Mayor de Carabineros y ex jefe de tenencia de Putaendo, Pedro Moreno Cruces, volvi\u00f3 a sus funciones, esta vez asignado a la Segunda Comisar\u00eda de Carabineros de San Felipe, despu\u00e9s&#8230;<\/p>\n","protected":false},"author":482,"featured_media":42343,"comment_status":"open","ping_status":"closed","sticky":false,"template":"","format":"standard","meta":{"advanced_seo_description":"","jetpack_seo_html_title":"","jetpack_seo_noindex":false,"_jetpack_memberships_contains_paid_content":false,"footnotes":""},"categories":[1],"tags":[],"class_list":["post-42342","post","type-post","status-publish","format-standard","has-post-thumbnail","hentry","category-cronica"],"jetpack_featured_media_url":"https:\/\/i0.wp.com\/eltrabajo.cl\/portal\/wp-content\/uploads\/2014\/01\/vehiculo.jpg?fit=528%2C281&ssl=1","jetpack_sharing_enabled":true,"jetpack_likes_enabled":true,"jetpack-related-posts":[],"_links":{"self":[{"href":"https:\/\/eltrabajo.cl\/portal\/wp-json\/wp\/v2\/posts\/42342","targetHints":{"allow":["GET"]}}],"collection":[{"href":"https:\/\/eltrabajo.cl\/portal\/wp-json\/wp\/v2\/posts"}],"about":[{"href":"https:\/\/eltrabajo.cl\/portal\/wp-json\/wp\/v2\/types\/post"}],"author":[{"embeddable":true,"href":"https:\/\/eltrabajo.cl\/portal\/wp-json\/wp\/v2\/users\/482"}],"replies":[{"embeddable":true,"href":"https:\/\/eltrabajo.cl\/portal\/wp-json\/wp\/v2\/comments?post=42342"}],"version-history":[{"count":0,"href":"https:\/\/eltrabajo.cl\/portal\/wp-json\/wp\/v2\/posts\/42342\/revisions"}],"wp:featuredmedia":[{"embeddable":true,"href":"https:\/\/eltrabajo.cl\/portal\/wp-json\/wp\/v2\/media\/42343"}],"wp:attachment":[{"href":"https:\/\/eltrabajo.cl\/portal\/wp-json\/wp\/v2\/media?parent=42342"}],"wp:term":[{"taxonomy":"category","embeddable":true,"href":"https:\/\/eltrabajo.cl\/portal\/wp-json\/wp\/v2\/categories?post=42342"},{"taxonomy":"post_tag","embeddable":true,"href":"https:\/\/eltrabajo.cl\/portal\/wp-json\/wp\/v2\/tags?post=42342"}],"curies":[{"name":"wp","href":"https:\/\/api.w.org\/{rel}","templated":true}]}}