{"id":42345,"date":"2014-01-24T09:32:40","date_gmt":"2014-01-24T12:32:40","guid":{"rendered":"http:\/\/www.eltrabajo.cl\/portal\/?p=42345"},"modified":"2014-01-24T09:32:40","modified_gmt":"2014-01-24T12:32:40","slug":"concejal-jeannette-sotomayor-critica-a-fiscalia-por-dejar-libre-a-asaltante","status":"publish","type":"post","link":"https:\/\/eltrabajo.cl\/portal\/concejal-jeannette-sotomayor-critica-a-fiscalia-por-dejar-libre-a-asaltante\/","title":{"rendered":"Concejal Jeannette Sotomayor critica a Fiscal\u00eda por dejar libre a asaltante"},"content":{"rendered":"<figure id=\"attachment_42346\" aria-describedby=\"caption-attachment-42346\" style=\"width: 317px\" class=\"wp-caption alignleft\"><a href=\"https:\/\/i0.wp.com\/www.eltrabajo.cl\/portal\/wp-content\/uploads\/2014\/01\/Jeanette-sotomayor.jpg\"><img data-recalc-dims=\"1\" loading=\"lazy\" decoding=\"async\" class=\" wp-image-42346 \" title=\"La concejala manifest\u00f3 sentirse impotente frente al actuar de la justicia, criticando duramente a la Fiscal\u00eda Local de San Felipe. (Foto de archivo).\" alt=\"La concejala manifest\u00f3 sentirse impotente frente al actuar de la justicia, criticando duramente a la Fiscal\u00eda Local de San Felipe. (Foto de archivo).\" src=\"https:\/\/i0.wp.com\/www.eltrabajo.cl\/portal\/wp-content\/uploads\/2014\/01\/Jeanette-sotomayor.jpg?resize=317%2C238\" width=\"317\" height=\"238\" srcset=\"https:\/\/i0.wp.com\/eltrabajo.cl\/portal\/wp-content\/uploads\/2014\/01\/Jeanette-sotomayor.jpg?w=528&amp;ssl=1 528w, https:\/\/i0.wp.com\/eltrabajo.cl\/portal\/wp-content\/uploads\/2014\/01\/Jeanette-sotomayor.jpg?resize=200%2C150&amp;ssl=1 200w, https:\/\/i0.wp.com\/eltrabajo.cl\/portal\/wp-content\/uploads\/2014\/01\/Jeanette-sotomayor.jpg?resize=300%2C225&amp;ssl=1 300w, https:\/\/i0.wp.com\/eltrabajo.cl\/portal\/wp-content\/uploads\/2014\/01\/Jeanette-sotomayor.jpg?resize=150%2C112&amp;ssl=1 150w, https:\/\/i0.wp.com\/eltrabajo.cl\/portal\/wp-content\/uploads\/2014\/01\/Jeanette-sotomayor.jpg?resize=400%2C300&amp;ssl=1 400w\" sizes=\"auto, (max-width: 317px) 100vw, 317px\" \/><\/a><figcaption id=\"caption-attachment-42346\" class=\"wp-caption-text\">La concejala manifest\u00f3 sentirse impotente frente al actuar de la justicia, criticando duramente a la Fiscal\u00eda Local de San Felipe. (Foto de archivo).<\/figcaption><\/figure>\n<p>Una dura cr\u00edtica al Ministerio P\u00fablico realiz\u00f3 la concejala Jeannette Sotomayor, luego que se dispusiera la libertad para el sujeto que, portando un cuchillo, la asalt\u00f3 violentamente la tarde del jueves pasado en su local \u2018El Ba\u00fal de las Manualidades\u2019, ubicado en calle Portus casi al llegar a Santo Domingo.<\/p>\n<p>A las 17:20 horas, a pocos minutos de abrir su local \u2018El Ba\u00fal de Manualidades\u2019, la concejala Sotomayor sufri\u00f3 un violento asalto cometido por un solitario delincuente armado con un cuchillo, que despu\u00e9s de amenazarla de muerte logr\u00f3 huir con 300 mil pesos en dinero efectivo, correspondiente a lo recaudado por la Caja Vecina que funciona en el establecimiento.<\/p>\n<p>Seg\u00fan se\u00f1al\u00f3 la personera, al concurrir a Carabineros ese d\u00eda no pudo reconocer en un set fotogr\u00e1fico presentado por la polic\u00eda, a su asaltante, sin embargo la tarde del viernes fue llamada a la Segunda Comisar\u00eda para realizar nuevamente un reconocimiento de im\u00e1genes, porque el eventual asaltante hab\u00eda sido detenido.<\/p>\n<p>Una vez en las instalaciones policiales, Jeannette Sotomayor, acompa\u00f1ada por uno de sus hijos, logr\u00f3 reconocer en una de las fotos al delincuente, siendo informada de que el antisocial hab\u00eda sido detenido esa tarde, cuando perpetraba otro delito en la ciudad, quedando citada para el d\u00eda lunes para ratificar la denuncia que hab\u00eda presentado despu\u00e9s de sufrir el violento asalto.<\/p>\n<p>\u201cEl d\u00eda viernes lo reconocimos junto a otra ni\u00f1a de Putaendo que hab\u00eda sido asaltada ese d\u00eda, donde fue retenido por personal de parqu\u00edmetros, tambi\u00e9n lo reconocieron de una joyer\u00eda donde hab\u00eda asaltado. Entonces despu\u00e9s de ese tr\u00e1mite qued\u00e9 tranquila, porque hab\u00eda sido detenido, pero el d\u00eda lunes cuando fui a ratificar mi denuncia a Carabineros, me encuentro con la sorpresa de que el sujeto hab\u00eda sido dejado en libertad por orden de la Fiscal\u00eda, cosa que me dej\u00f3 muy mal sicol\u00f3gicamente, me sent\u00ed con una impotencia enorme, vulnerada\u201d, se\u00f1al\u00f3 la concejal PPD.<\/p>\n<p>Pese a lo anterior, la edil reconoci\u00f3 y valor\u00f3 el trabajo de la polic\u00eda uniformada en el caso, en t\u00e9rminos que logr\u00f3 detener a este individuo, pero afirm\u00f3 que es inaceptable la postura de la Fiscal\u00eda. \u201cDicen que lo dej\u00f3 en libertad porque necesitaba m\u00e1s antecedentes, porque se estaba haciendo una investigaci\u00f3n. Frente a lo cual sostengo abiertamente que la Fiscal\u00eda est\u00e1 haciendo mal su trabajo, porque Carabineros no saca nada con detener a los delincuentes, si despu\u00e9s la Fiscal\u00eda los est\u00e1 soltando\u201d, manifest\u00f3.<\/p>\n<p>Agreg\u00f3 que este individuo registra antecedentes policiales anteriores, pero no es de la zona y adem\u00e1s registra cuatro domicilios distintos, en Curacav\u00ed, La Serena, Valpara\u00edso y Putaendo.<\/p>\n<p>La concejala en conversaci\u00f3n con Diario El Trabajo manifest\u00f3 su solidaridad con todas aquellas v\u00edctimas de robo y episodios violentos, manifestando que al ser una v\u00edctima m\u00e1s de la delincuencia, comprende perfectamente lo que se viven y en ese sentido, aprovechar\u00e1 su condici\u00f3n de concejal para luchar contra esta problem\u00e1tica.<\/p>\n<p>&nbsp;<\/p>\n","protected":false},"excerpt":{"rendered":"<p>Una dura cr\u00edtica al Ministerio P\u00fablico realiz\u00f3 la concejala Jeannette Sotomayor, luego que se dispusiera la libertad para el sujeto que, portando un cuchillo, la asalt\u00f3 violentamente la tarde del jueves pasado&#8230;<\/p>\n","protected":false},"author":482,"featured_media":42346,"comment_status":"open","ping_status":"closed","sticky":false,"template":"","format":"standard","meta":{"advanced_seo_description":"","jetpack_seo_html_title":"","jetpack_seo_noindex":false,"_jetpack_memberships_contains_paid_content":false,"footnotes":""},"categories":[1],"tags":[],"class_list":["post-42345","post","type-post","status-publish","format-standard","has-post-thumbnail","hentry","category-cronica"],"jetpack_featured_media_url":"https:\/\/i0.wp.com\/eltrabajo.cl\/portal\/wp-content\/uploads\/2014\/01\/Jeanette-sotomayor.jpg?fit=528%2C396&ssl=1","jetpack_sharing_enabled":true,"jetpack_likes_enabled":true,"jetpack-related-posts":[],"_links":{"self":[{"href":"https:\/\/eltrabajo.cl\/portal\/wp-json\/wp\/v2\/posts\/42345","targetHints":{"allow":["GET"]}}],"collection":[{"href":"https:\/\/eltrabajo.cl\/portal\/wp-json\/wp\/v2\/posts"}],"about":[{"href":"https:\/\/eltrabajo.cl\/portal\/wp-json\/wp\/v2\/types\/post"}],"author":[{"embeddable":true,"href":"https:\/\/eltrabajo.cl\/portal\/wp-json\/wp\/v2\/users\/482"}],"replies":[{"embeddable":true,"href":"https:\/\/eltrabajo.cl\/portal\/wp-json\/wp\/v2\/comments?post=42345"}],"version-history":[{"count":0,"href":"https:\/\/eltrabajo.cl\/portal\/wp-json\/wp\/v2\/posts\/42345\/revisions"}],"wp:featuredmedia":[{"embeddable":true,"href":"https:\/\/eltrabajo.cl\/portal\/wp-json\/wp\/v2\/media\/42346"}],"wp:attachment":[{"href":"https:\/\/eltrabajo.cl\/portal\/wp-json\/wp\/v2\/media?parent=42345"}],"wp:term":[{"taxonomy":"category","embeddable":true,"href":"https:\/\/eltrabajo.cl\/portal\/wp-json\/wp\/v2\/categories?post=42345"},{"taxonomy":"post_tag","embeddable":true,"href":"https:\/\/eltrabajo.cl\/portal\/wp-json\/wp\/v2\/tags?post=42345"}],"curies":[{"name":"wp","href":"https:\/\/api.w.org\/{rel}","templated":true}]}}