{"id":42349,"date":"2014-01-24T09:34:36","date_gmt":"2014-01-24T12:34:36","guid":{"rendered":"http:\/\/www.eltrabajo.cl\/portal\/?p=42349"},"modified":"2014-01-24T09:34:36","modified_gmt":"2014-01-24T12:34:36","slug":"gitanos-se-instalaron-en-catemu-en-campamento-el-arrayan","status":"publish","type":"post","link":"https:\/\/eltrabajo.cl\/portal\/gitanos-se-instalaron-en-catemu-en-campamento-el-arrayan\/","title":{"rendered":"Gitanos se instalaron en Catemu en campamento El Array\u00e1n"},"content":{"rendered":"<figure id=\"attachment_42350\" aria-describedby=\"caption-attachment-42350\" style=\"width: 529px\" class=\"wp-caption alignnone\"><a href=\"https:\/\/i0.wp.com\/www.eltrabajo.cl\/portal\/wp-content\/uploads\/2014\/01\/Campamento-El-Arrayan.jpg\"><img data-recalc-dims=\"1\" loading=\"lazy\" decoding=\"async\" class=\"size-full wp-image-42350\" title=\"Los gitanos est\u00e1n instalados en un predio particular, que no contar\u00eda con los debidos cierres, perteneciente a la familia Undurraga. (Fotograf\u00eda: @catemunoticias)\" alt=\"Los gitanos est\u00e1n instalados en un predio particular, que no contar\u00eda con los debidos cierres, perteneciente a la familia Undurraga. (Fotograf\u00eda: @catemunoticias)\" src=\"https:\/\/i0.wp.com\/www.eltrabajo.cl\/portal\/wp-content\/uploads\/2014\/01\/Campamento-El-Arrayan.jpg?resize=529%2C397\" width=\"529\" height=\"397\" srcset=\"https:\/\/i0.wp.com\/eltrabajo.cl\/portal\/wp-content\/uploads\/2014\/01\/Campamento-El-Arrayan.jpg?w=529&amp;ssl=1 529w, https:\/\/i0.wp.com\/eltrabajo.cl\/portal\/wp-content\/uploads\/2014\/01\/Campamento-El-Arrayan.jpg?resize=200%2C150&amp;ssl=1 200w, https:\/\/i0.wp.com\/eltrabajo.cl\/portal\/wp-content\/uploads\/2014\/01\/Campamento-El-Arrayan.jpg?resize=300%2C225&amp;ssl=1 300w, https:\/\/i0.wp.com\/eltrabajo.cl\/portal\/wp-content\/uploads\/2014\/01\/Campamento-El-Arrayan.jpg?resize=150%2C112&amp;ssl=1 150w, https:\/\/i0.wp.com\/eltrabajo.cl\/portal\/wp-content\/uploads\/2014\/01\/Campamento-El-Arrayan.jpg?resize=400%2C300&amp;ssl=1 400w\" sizes=\"auto, (max-width: 529px) 100vw, 529px\" \/><\/a><figcaption id=\"caption-attachment-42350\" class=\"wp-caption-text\">Los gitanos est\u00e1n instalados en un predio particular, que no contar\u00eda con los debidos cierres, perteneciente a la familia Undurraga. (Fotograf\u00eda: @catemunoticias)<\/figcaption><\/figure>\n<ul>\n<li><strong>Se tomaron un terreno particular de familia Undurraga, en tanto que se han presentado problemas puntuales con j\u00f3venes gitanos que beben excesivamente alcohol.<\/strong><\/li>\n<\/ul>\n<p>Se supon\u00eda que el cami\u00f3n que dispuso la municipalidad de San Felipe ten\u00eda como destino final la ciudad de La Calera. No obstante, hab\u00eda claridad en t\u00e9rminos que ellos decid\u00edan d\u00f3nde bajar.<\/p>\n<p>Se supon\u00eda tambi\u00e9n que los gitanos con veh\u00edculo se ir\u00edan a Los Vilos o Pe\u00f1ablanca.<\/p>\n<p>Sin embargo, nada de eso ocurri\u00f3, porque finalmente los gitanos que fueron desalojados del terreno colindante al Estadio Fiscal, a la entrada de San Felipe, no encontraron mejor cosa que irse a Catemu, donde ya hab\u00eda instalado un campamento gitano hace algunas semanas.<\/p>\n<p>Actualmente, hay m\u00e1s de veinte carpas en el campamento, donde primeramente hab\u00eda la mitad, pero aument\u00f3 debido a la llegada de los gitanos que estaban en San Felipe.<\/p>\n<p>La informaci\u00f3n fue corroborada por el concejal Claudio N\u00fa\u00f1ez, quien en entrevista con Radio 10, manifest\u00f3 que si bien el af\u00e1n de las autoridades locales no es tener las mismas dificultades que se enfrentaron para el desalojo en San Felipe, pero adem\u00e1s, comprendiendo que el terreno es particular, ellos esperan que este tema pueda ser resuelto en breve.<\/p>\n<p>Claudio N\u00fa\u00f1ez se\u00f1al\u00f3 que los problemas con los gitanos han sido menores en relaci\u00f3n a como se dio su permanencia en San Felipe. En esta comuna, la situaci\u00f3n m\u00e1s compleja ha sido con algunos j\u00f3venes de este campamento, que beben excesivamente alcohol y causan algunas situaciones irregulares. Sin embargo, no se han presentado otros hechos que motiven cierto grado de rechazo de parte de la comunidad.<\/p>\n<p>\u201cTampoco queremos caer en un tema discriminatorio, porque no va con nuestra esencia y adem\u00e1s, porque entendemos que son personas que tienen derechos. Aun as\u00ed, su presencia no deja de alterar la vida de los vecinos del sector colindante al predio, por temas vinculados al alcohol\u201d, se\u00f1al\u00f3 el concejal PPD.<\/p>\n<p>Seg\u00fan se ha conocido, el abogado de la familia due\u00f1a de este terreno, Carlos Quesney, habr\u00eda hecho una presentaci\u00f3n a la Fiscal\u00eda por el delito de usurpaci\u00f3n, no obstante no se ha dispuesto ninguna orden para investigar u otra acci\u00f3n que ponga fin a esta irregularidad. A\u00fan as\u00ed, la familia propietaria le habr\u00eda entregado un plazo de diez d\u00edas para abandonar este predio.<\/p>\n<p>Hasta el momento, no existe claridad acerca de los pasos a seguir en este caso, puntualmente en lo que dice relaci\u00f3n con la participaci\u00f3n de la Gobernaci\u00f3n Provincial de San Felipe, que en el caso de la capit\u00e1n provincial, fue en definitiva el organismo que emiti\u00f3 la resoluci\u00f3n de desalojo.<\/p>\n<p>&nbsp;<\/p>\n","protected":false},"excerpt":{"rendered":"<p>Se tomaron un terreno particular de familia Undurraga, en tanto que se han presentado problemas puntuales con j\u00f3venes gitanos que beben excesivamente alcohol. Se supon\u00eda que el cami\u00f3n que dispuso la municipalidad&#8230;<\/p>\n","protected":false},"author":482,"featured_media":42350,"comment_status":"open","ping_status":"closed","sticky":false,"template":"","format":"standard","meta":{"advanced_seo_description":"","jetpack_seo_html_title":"","jetpack_seo_noindex":false,"_jetpack_memberships_contains_paid_content":false,"footnotes":""},"categories":[1],"tags":[],"class_list":["post-42349","post","type-post","status-publish","format-standard","has-post-thumbnail","hentry","category-cronica"],"jetpack_featured_media_url":"https:\/\/i0.wp.com\/eltrabajo.cl\/portal\/wp-content\/uploads\/2014\/01\/Campamento-El-Arrayan.jpg?fit=529%2C397&ssl=1","jetpack_sharing_enabled":true,"jetpack_likes_enabled":true,"jetpack-related-posts":[],"_links":{"self":[{"href":"https:\/\/eltrabajo.cl\/portal\/wp-json\/wp\/v2\/posts\/42349","targetHints":{"allow":["GET"]}}],"collection":[{"href":"https:\/\/eltrabajo.cl\/portal\/wp-json\/wp\/v2\/posts"}],"about":[{"href":"https:\/\/eltrabajo.cl\/portal\/wp-json\/wp\/v2\/types\/post"}],"author":[{"embeddable":true,"href":"https:\/\/eltrabajo.cl\/portal\/wp-json\/wp\/v2\/users\/482"}],"replies":[{"embeddable":true,"href":"https:\/\/eltrabajo.cl\/portal\/wp-json\/wp\/v2\/comments?post=42349"}],"version-history":[{"count":0,"href":"https:\/\/eltrabajo.cl\/portal\/wp-json\/wp\/v2\/posts\/42349\/revisions"}],"wp:featuredmedia":[{"embeddable":true,"href":"https:\/\/eltrabajo.cl\/portal\/wp-json\/wp\/v2\/media\/42350"}],"wp:attachment":[{"href":"https:\/\/eltrabajo.cl\/portal\/wp-json\/wp\/v2\/media?parent=42349"}],"wp:term":[{"taxonomy":"category","embeddable":true,"href":"https:\/\/eltrabajo.cl\/portal\/wp-json\/wp\/v2\/categories?post=42349"},{"taxonomy":"post_tag","embeddable":true,"href":"https:\/\/eltrabajo.cl\/portal\/wp-json\/wp\/v2\/tags?post=42349"}],"curies":[{"name":"wp","href":"https:\/\/api.w.org\/{rel}","templated":true}]}}