{"id":42352,"date":"2014-01-24T09:35:45","date_gmt":"2014-01-24T12:35:45","guid":{"rendered":"http:\/\/www.eltrabajo.cl\/portal\/?p=42352"},"modified":"2014-01-24T09:35:45","modified_gmt":"2014-01-24T12:35:45","slug":"doctora-carmen-castillo-figura-como-candidata-a-ministra-de-salud","status":"publish","type":"post","link":"https:\/\/eltrabajo.cl\/portal\/doctora-carmen-castillo-figura-como-candidata-a-ministra-de-salud\/","title":{"rendered":"Doctora Carmen Castillo figura como candidata a Ministra de Salud"},"content":{"rendered":"<figure id=\"attachment_42353\" aria-describedby=\"caption-attachment-42353\" style=\"width: 317px\" class=\"wp-caption alignleft\"><a href=\"https:\/\/i0.wp.com\/www.eltrabajo.cl\/portal\/wp-content\/uploads\/2014\/01\/Doctora-Castillo.jpg\"><img data-recalc-dims=\"1\" loading=\"lazy\" decoding=\"async\" class=\" wp-image-42353 \" title=\"Se habla en los c\u00edrculos cercanos a Michelle Bachelet, que la doctora Carmen Castillo podr\u00eda ocupar el cargo de ministra de Salud o bien de subsecretaria de esta cartera. (Foto de archivo)\" alt=\"Se habla en los c\u00edrculos cercanos a Michelle Bachelet, que la doctora Carmen Castillo podr\u00eda ocupar el cargo de ministra de Salud o bien de subsecretaria de esta cartera. (Foto de archivo)\" src=\"https:\/\/i0.wp.com\/www.eltrabajo.cl\/portal\/wp-content\/uploads\/2014\/01\/Doctora-Castillo.jpg?resize=317%2C424\" width=\"317\" height=\"424\" srcset=\"https:\/\/i0.wp.com\/eltrabajo.cl\/portal\/wp-content\/uploads\/2014\/01\/Doctora-Castillo.jpg?w=529&amp;ssl=1 529w, https:\/\/i0.wp.com\/eltrabajo.cl\/portal\/wp-content\/uploads\/2014\/01\/Doctora-Castillo.jpg?resize=112%2C150&amp;ssl=1 112w, https:\/\/i0.wp.com\/eltrabajo.cl\/portal\/wp-content\/uploads\/2014\/01\/Doctora-Castillo.jpg?resize=224%2C300&amp;ssl=1 224w\" sizes=\"auto, (max-width: 317px) 100vw, 317px\" \/><\/a><figcaption id=\"caption-attachment-42353\" class=\"wp-caption-text\">Se habla en los c\u00edrculos cercanos a Michelle Bachelet, que la doctora Carmen Castillo podr\u00eda ocupar el cargo de ministra de Salud o bien de subsecretaria de esta cartera. (Foto de archivo)<\/figcaption><\/figure>\n<p>La ex jefa del Servicio de Salud Aconcagua y actual directora del Campus San Felipe de la Universidad de Valpara\u00edso, doctora Carmen Castillo, figura entre las candidatas al cargo de Ministra de Salud, en el marco del gobierno de Michelle Bachelet cuyo per\u00edodo parte el pr\u00f3ximo 11 de Marzo.<\/p>\n<p>As\u00ed al menos lo informa el Diario La Tercera en su edici\u00f3n en l\u00ednea, que se\u00f1ala que cercanos al c\u00edrculo de la futura mandataria aseguraron que hace tres d\u00edas que el elenco estar\u00eda definido. Pese a ello, el anuncio se habr\u00eda retardado por problemas en la designaci\u00f3n de los subsecretarios e intendentes.<\/p>\n<p>Sin embargo, gran parte de las futuras autoridades ser\u00eda notificada s\u00f3lo horas antes de la designaci\u00f3n oficial. Este modelo ser\u00e1 replicado con los jefes partidarios, a quienes ya se comprometi\u00f3 una comunicaci\u00f3n previa. La reserva es tal, que en los partidos la especulaci\u00f3n acerca de los nombres sigue siendo tema de debate.<\/p>\n<p>Seg\u00fan consignan medios de comunicaci\u00f3n nacionales, para Salud, una cartera prioritaria para Bachelet, hay una larga lista de nombres. Entre ellos, el diputado PPD Enrique Accorsi, el presidente del Colegio M\u00e9dico, Enrique Paris, y las doctoras Carmen Castillo y Elia Molina, la ex directora del ISP Jannette Vega y los acad\u00e9micos Mauro Tamayo y Ang\u00e9lica Verdugo.<\/p>\n<p>Carmen Castillo Taucher es Endocrin\u00f3loga y en su carrera p\u00fablica fue directora del Servicio de Salud Aconcagua (2000-2010), durante los gobiernos de Ricardo Lagos y Michelle Bachelet, posteriormente dirigi\u00f3 el CESFAM de Santa Mar\u00eda y actualmente es la Directora del Campus San Felipe de la Universidad de Valpara\u00edso.<\/p>\n<p>Lo cierto es que el nombre de Carmen Castillo Taucher, en los \u00faltimos d\u00edas ha sido mencionado insistentemente para ser nombrada Ministra de Salud o bien ocupando la Subsecretar\u00eda de esta cartera, tom\u00e1ndose como argumento que la profesional en abril del 2013 fue convocada por Michelle Bachelet como candidata presidencial, para que integrara el equipo a cargo de elaborar la propuesta en salud p\u00fablica y atenci\u00f3n primaria para incorporarla al programa de su futuro Gobierno.<\/p>\n<p>En la Segpres podr\u00eda llegar el diputado DC Jorge Burgos y la esposa del Diputado PPD Marco Antonio N\u00fa\u00f1ez y ex asesora de Felipe Harboe, Pamela Figueroa.<\/p>\n<p>&nbsp;<\/p>\n","protected":false},"excerpt":{"rendered":"<p>La ex jefa del Servicio de Salud Aconcagua y actual directora del Campus San Felipe de la Universidad de Valpara\u00edso, doctora Carmen Castillo, figura entre las candidatas al cargo de Ministra de&#8230;<\/p>\n","protected":false},"author":482,"featured_media":42353,"comment_status":"open","ping_status":"closed","sticky":false,"template":"","format":"standard","meta":{"advanced_seo_description":"","jetpack_seo_html_title":"","jetpack_seo_noindex":false,"_jetpack_memberships_contains_paid_content":false,"footnotes":""},"categories":[1],"tags":[],"class_list":["post-42352","post","type-post","status-publish","format-standard","has-post-thumbnail","hentry","category-cronica"],"jetpack_featured_media_url":"https:\/\/i0.wp.com\/eltrabajo.cl\/portal\/wp-content\/uploads\/2014\/01\/Doctora-Castillo.jpg?fit=529%2C706&ssl=1","jetpack_sharing_enabled":true,"jetpack_likes_enabled":true,"jetpack-related-posts":[],"_links":{"self":[{"href":"https:\/\/eltrabajo.cl\/portal\/wp-json\/wp\/v2\/posts\/42352","targetHints":{"allow":["GET"]}}],"collection":[{"href":"https:\/\/eltrabajo.cl\/portal\/wp-json\/wp\/v2\/posts"}],"about":[{"href":"https:\/\/eltrabajo.cl\/portal\/wp-json\/wp\/v2\/types\/post"}],"author":[{"embeddable":true,"href":"https:\/\/eltrabajo.cl\/portal\/wp-json\/wp\/v2\/users\/482"}],"replies":[{"embeddable":true,"href":"https:\/\/eltrabajo.cl\/portal\/wp-json\/wp\/v2\/comments?post=42352"}],"version-history":[{"count":0,"href":"https:\/\/eltrabajo.cl\/portal\/wp-json\/wp\/v2\/posts\/42352\/revisions"}],"wp:featuredmedia":[{"embeddable":true,"href":"https:\/\/eltrabajo.cl\/portal\/wp-json\/wp\/v2\/media\/42353"}],"wp:attachment":[{"href":"https:\/\/eltrabajo.cl\/portal\/wp-json\/wp\/v2\/media?parent=42352"}],"wp:term":[{"taxonomy":"category","embeddable":true,"href":"https:\/\/eltrabajo.cl\/portal\/wp-json\/wp\/v2\/categories?post=42352"},{"taxonomy":"post_tag","embeddable":true,"href":"https:\/\/eltrabajo.cl\/portal\/wp-json\/wp\/v2\/tags?post=42352"}],"curies":[{"name":"wp","href":"https:\/\/api.w.org\/{rel}","templated":true}]}}