{"id":42382,"date":"2014-01-27T09:59:08","date_gmt":"2014-01-27T12:59:08","guid":{"rendered":"http:\/\/www.eltrabajo.cl\/portal\/?p=42382"},"modified":"2014-01-27T09:59:08","modified_gmt":"2014-01-27T12:59:08","slug":"ninos-con-diabetes-participaron-en-campamento-santa-ana-2014","status":"publish","type":"post","link":"https:\/\/eltrabajo.cl\/portal\/ninos-con-diabetes-participaron-en-campamento-santa-ana-2014\/","title":{"rendered":"Ni\u00f1os con diabetes participaron en Campamento Santa Ana 2014"},"content":{"rendered":"<figure id=\"attachment_42383\" aria-describedby=\"caption-attachment-42383\" style=\"width: 528px\" class=\"wp-caption alignnone\"><a href=\"https:\/\/i0.wp.com\/www.eltrabajo.cl\/portal\/wp-content\/uploads\/2014\/01\/Diabetes1.jpg\"><img data-recalc-dims=\"1\" loading=\"lazy\" decoding=\"async\" class=\"size-full wp-image-42383\" title=\"Estos cuatro ni\u00f1os sanfelipe\u00f1os con diabetes, participaron en el Campamento de verano Santa Ana 2014 que organiza FDJ, que se celebr\u00f3 entre el 8 y el 11 de enero en el Club de Campo Santa Ana, ubicado en la comuna de Villa Alemana.\" alt=\"Estos cuatro ni\u00f1os sanfelipe\u00f1os con diabetes, participaron en el Campamento de verano Santa Ana 2014 que organiza FDJ, que se celebr\u00f3 entre el 8 y el 11 de enero en el Club de Campo Santa Ana, ubicado en la comuna de Villa Alemana.\" src=\"https:\/\/i0.wp.com\/www.eltrabajo.cl\/portal\/wp-content\/uploads\/2014\/01\/Diabetes1.jpg?resize=528%2C397\" width=\"528\" height=\"397\" srcset=\"https:\/\/i0.wp.com\/eltrabajo.cl\/portal\/wp-content\/uploads\/2014\/01\/Diabetes1.jpg?w=528&amp;ssl=1 528w, https:\/\/i0.wp.com\/eltrabajo.cl\/portal\/wp-content\/uploads\/2014\/01\/Diabetes1.jpg?resize=200%2C150&amp;ssl=1 200w, https:\/\/i0.wp.com\/eltrabajo.cl\/portal\/wp-content\/uploads\/2014\/01\/Diabetes1.jpg?resize=300%2C225&amp;ssl=1 300w, https:\/\/i0.wp.com\/eltrabajo.cl\/portal\/wp-content\/uploads\/2014\/01\/Diabetes1.jpg?resize=150%2C112&amp;ssl=1 150w, https:\/\/i0.wp.com\/eltrabajo.cl\/portal\/wp-content\/uploads\/2014\/01\/Diabetes1.jpg?resize=400%2C300&amp;ssl=1 400w\" sizes=\"auto, (max-width: 528px) 100vw, 528px\" \/><\/a><figcaption id=\"caption-attachment-42383\" class=\"wp-caption-text\">Estos cuatro ni\u00f1os sanfelipe\u00f1os con diabetes, participaron en el Campamento de verano Santa Ana 2014 que organiza FDJ, que se celebr\u00f3 entre el 8 y el 11 de enero en el Club de Campo Santa Ana, ubicado en la comuna de Villa Alemana.<\/figcaption><\/figure>\n<p>Tres ni\u00f1os y una ni\u00f1a con diabetes, residentes en la comuna, participaron en el Campamento de verano Santa Ana 2014 que organiza la Fundaci\u00f3n Diabetes Juvenil (FDJ), que se celebr\u00f3 entre el 8 y el 11 de enero en el Club de Campo Santa Ana, ubicado en la comuna de Villa Alemana, V regi\u00f3n, donde los ni\u00f1os pudieron compartir con 60 campistas de ocho a doce a\u00f1os, procedentes de todo Chile y quienes contaron con el apoyo de la Municipalidad de San Felipe, que facilit\u00f3 el transporte.<\/p>\n<p>La Fundaci\u00f3n Diabetes Juvenil de Chile es una instituci\u00f3n sin fines de lucro, creada en 1988 por diab\u00e9ticos y padres de ellos, cuyo objetivo es educar y apoyar a todos los diab\u00e9ticos que usan insulina. Los Campamentos son una instancia denominada por la FDJ como una \u2018escuela al aire libre\u2019, la cual tiene por objetivo principal reunir a ni\u00f1os y adolescentes con diabetes, para aprender del tratamiento, estimular el cuidado y la perseverancia en \u00e9ste.<\/p>\n<p>El campamento de verano tiene una capacidad de 60 campistas aproximadamente en cada una de las tres sesiones, los que son divididos en cuatro grupos de acuerdo a su edad. Cada grupo est\u00e1 compuesto por doce a 15 campistas, a cargo de cinco monitores m\u00e1s una enfermera. A su vez, estos grupos son supervisados por el staff de m\u00e9dicos, enfermeras, nutricionistas y psic\u00f3logos.<\/p>\n<p>A trav\u00e9s de este campamento y cada una de sus actividades, los ni\u00f1os y j\u00f3venes insulinodependientes pueden aprender las herramientas necesarias para su autocontrol, fomentando la confianza y autoestima en un ambiente de sana y segura diversi\u00f3n en interacci\u00f3n con sus pares.<\/p>\n","protected":false},"excerpt":{"rendered":"<p>Tres ni\u00f1os y una ni\u00f1a con diabetes, residentes en la comuna, participaron en el Campamento de verano Santa Ana 2014 que organiza la Fundaci\u00f3n Diabetes Juvenil (FDJ), que se celebr\u00f3 entre el&#8230;<\/p>\n","protected":false},"author":482,"featured_media":42383,"comment_status":"open","ping_status":"closed","sticky":false,"template":"","format":"standard","meta":{"advanced_seo_description":"","jetpack_seo_html_title":"","jetpack_seo_noindex":false,"_jetpack_memberships_contains_paid_content":false,"footnotes":""},"categories":[15],"tags":[],"class_list":["post-42382","post","type-post","status-publish","format-standard","has-post-thumbnail","hentry","category-comunidad"],"jetpack_featured_media_url":"https:\/\/i0.wp.com\/eltrabajo.cl\/portal\/wp-content\/uploads\/2014\/01\/Diabetes1.jpg?fit=528%2C397&ssl=1","jetpack_sharing_enabled":true,"jetpack_likes_enabled":true,"jetpack-related-posts":[],"_links":{"self":[{"href":"https:\/\/eltrabajo.cl\/portal\/wp-json\/wp\/v2\/posts\/42382","targetHints":{"allow":["GET"]}}],"collection":[{"href":"https:\/\/eltrabajo.cl\/portal\/wp-json\/wp\/v2\/posts"}],"about":[{"href":"https:\/\/eltrabajo.cl\/portal\/wp-json\/wp\/v2\/types\/post"}],"author":[{"embeddable":true,"href":"https:\/\/eltrabajo.cl\/portal\/wp-json\/wp\/v2\/users\/482"}],"replies":[{"embeddable":true,"href":"https:\/\/eltrabajo.cl\/portal\/wp-json\/wp\/v2\/comments?post=42382"}],"version-history":[{"count":0,"href":"https:\/\/eltrabajo.cl\/portal\/wp-json\/wp\/v2\/posts\/42382\/revisions"}],"wp:featuredmedia":[{"embeddable":true,"href":"https:\/\/eltrabajo.cl\/portal\/wp-json\/wp\/v2\/media\/42383"}],"wp:attachment":[{"href":"https:\/\/eltrabajo.cl\/portal\/wp-json\/wp\/v2\/media?parent=42382"}],"wp:term":[{"taxonomy":"category","embeddable":true,"href":"https:\/\/eltrabajo.cl\/portal\/wp-json\/wp\/v2\/categories?post=42382"},{"taxonomy":"post_tag","embeddable":true,"href":"https:\/\/eltrabajo.cl\/portal\/wp-json\/wp\/v2\/tags?post=42382"}],"curies":[{"name":"wp","href":"https:\/\/api.w.org\/{rel}","templated":true}]}}