{"id":42385,"date":"2014-01-27T10:05:22","date_gmt":"2014-01-27T13:05:22","guid":{"rendered":"http:\/\/www.eltrabajo.cl\/portal\/?p=42385"},"modified":"2014-01-27T10:05:22","modified_gmt":"2014-01-27T13:05:22","slug":"todo-un-exito-resulto-la-pena-organizada-por-los-carmelitos","status":"publish","type":"post","link":"https:\/\/eltrabajo.cl\/portal\/todo-un-exito-resulto-la-pena-organizada-por-los-carmelitos\/","title":{"rendered":"Todo un \u00e9xito result\u00f3 la pe\u00f1a organizada por Los Carmelitos"},"content":{"rendered":"<p>A beneficio de parroquia de Rinconada de Silva:<\/p>\n<figure id=\"attachment_42386\" aria-describedby=\"caption-attachment-42386\" style=\"width: 529px\" class=\"wp-caption alignnone\"><a href=\"https:\/\/i0.wp.com\/www.eltrabajo.cl\/portal\/wp-content\/uploads\/2014\/01\/Carmelos1.jpg\"><img data-recalc-dims=\"1\" loading=\"lazy\" decoding=\"async\" class=\"size-full wp-image-42386\" title=\"El Grupo Folcl\u00f3rico San Antonio de Putaendo, mostr\u00f3 toda su calidad con danzas campesinas como El Pequ\u00e9n y El Repicado.\" alt=\"El Grupo Folcl\u00f3rico San Antonio de Putaendo, mostr\u00f3 toda su calidad con danzas campesinas como El Pequ\u00e9n y El Repicado.\" src=\"https:\/\/i0.wp.com\/www.eltrabajo.cl\/portal\/wp-content\/uploads\/2014\/01\/Carmelos1.jpg?resize=529%2C251\" width=\"529\" height=\"251\" srcset=\"https:\/\/i0.wp.com\/eltrabajo.cl\/portal\/wp-content\/uploads\/2014\/01\/Carmelos1.jpg?w=529&amp;ssl=1 529w, https:\/\/i0.wp.com\/eltrabajo.cl\/portal\/wp-content\/uploads\/2014\/01\/Carmelos1.jpg?resize=200%2C94&amp;ssl=1 200w, https:\/\/i0.wp.com\/eltrabajo.cl\/portal\/wp-content\/uploads\/2014\/01\/Carmelos1.jpg?resize=300%2C142&amp;ssl=1 300w, https:\/\/i0.wp.com\/eltrabajo.cl\/portal\/wp-content\/uploads\/2014\/01\/Carmelos1.jpg?resize=150%2C71&amp;ssl=1 150w, https:\/\/i0.wp.com\/eltrabajo.cl\/portal\/wp-content\/uploads\/2014\/01\/Carmelos1.jpg?resize=400%2C189&amp;ssl=1 400w\" sizes=\"auto, (max-width: 529px) 100vw, 529px\" \/><\/a><figcaption id=\"caption-attachment-42386\" class=\"wp-caption-text\">El Grupo Folcl\u00f3rico San Antonio de Putaendo, mostr\u00f3 toda su calidad con danzas campesinas como El Pequ\u00e9n y El Repicado.<\/figcaption><\/figure>\n<p><strong>PUTAENDO.<\/strong>&#8211; La pe\u00f1a folcl\u00f3rica organizada por el Conjunto Los Carmelitos de Rinconada de Silva, fue todo un \u00e9xito, pues reuni\u00f3 a grandes exponentes de la m\u00fasica chilena y latinoamericana, adem\u00e1s de una importante cantidad de p\u00fablico. En dependencias del Liceo Rep\u00fablica de Estados Unidos, pasadas las 22:30 horas de este s\u00e1bado, se dio inicio a esta pe\u00f1a folcl\u00f3rica que fue organizada \u00edntegramente por el Grupo Los Carmelitos, que en esta ocasi\u00f3n quiso cooperar con la Parroquia Nuestra Se\u00f1ora del Carmen de Rinconada de Silva en cuanto a lograr reunir el dinero para pagar la camioneta que la comunidad adquiri\u00f3 para la parroquia.<\/p>\n<figure id=\"attachment_42387\" aria-describedby=\"caption-attachment-42387\" style=\"width: 423px\" class=\"wp-caption alignright\"><a href=\"https:\/\/i0.wp.com\/www.eltrabajo.cl\/portal\/wp-content\/uploads\/2014\/01\/Carmelos2.jpg\"><img data-recalc-dims=\"1\" loading=\"lazy\" decoding=\"async\" class=\" wp-image-42387  \" title=\"Los Carmelitos con un maravilloso baile a La Tirana y nuevamente el Bafocla con un baile pascuense cerraron esta hermosa pe\u00f1a folcl\u00f3rica.\" alt=\"Los Carmelitos con un maravilloso baile a La Tirana y nuevamente el Bafocla con un baile pascuense cerraron esta hermosa pe\u00f1a folcl\u00f3rica.\" src=\"https:\/\/i0.wp.com\/www.eltrabajo.cl\/portal\/wp-content\/uploads\/2014\/01\/Carmelos2.jpg?resize=423%2C232\" width=\"423\" height=\"232\" srcset=\"https:\/\/i0.wp.com\/eltrabajo.cl\/portal\/wp-content\/uploads\/2014\/01\/Carmelos2.jpg?w=529&amp;ssl=1 529w, https:\/\/i0.wp.com\/eltrabajo.cl\/portal\/wp-content\/uploads\/2014\/01\/Carmelos2.jpg?resize=200%2C109&amp;ssl=1 200w, https:\/\/i0.wp.com\/eltrabajo.cl\/portal\/wp-content\/uploads\/2014\/01\/Carmelos2.jpg?resize=300%2C164&amp;ssl=1 300w, https:\/\/i0.wp.com\/eltrabajo.cl\/portal\/wp-content\/uploads\/2014\/01\/Carmelos2.jpg?resize=150%2C82&amp;ssl=1 150w, https:\/\/i0.wp.com\/eltrabajo.cl\/portal\/wp-content\/uploads\/2014\/01\/Carmelos2.jpg?resize=400%2C219&amp;ssl=1 400w\" sizes=\"auto, (max-width: 423px) 100vw, 423px\" \/><\/a><figcaption id=\"caption-attachment-42387\" class=\"wp-caption-text\">Los Carmelitos con un maravilloso baile a La Tirana y nuevamente el Bafocla con un baile pascuense cerraron esta hermosa pe\u00f1a folcl\u00f3rica.<\/figcaption><\/figure>\n<p>Valeria Mu\u00f1oz y Luis Casas, j\u00f3venes rinconadinos, iniciaron la pe\u00f1a folcl\u00f3rica con tres hermosos pies de cueca y luego los anfitriones, Los Carmelitos mostraron toda su calidad art\u00edstica con la puesta en escena de El Trauco.<\/p>\n<figure id=\"attachment_42388\" aria-describedby=\"caption-attachment-42388\" style=\"width: 423px\" class=\"wp-caption alignleft\"><a href=\"https:\/\/i0.wp.com\/www.eltrabajo.cl\/portal\/wp-content\/uploads\/2014\/01\/Carmelos3.jpg\"><img data-recalc-dims=\"1\" loading=\"lazy\" decoding=\"async\" class=\" wp-image-42388 \" title=\"La pe\u00f1a folcl\u00f3rica organizada por el Conjunto Los Carmelitos de Rinconada de Silva, fue todo un \u00e9xito, pues reuni\u00f3 a grandes exponentes de la m\u00fasica chilena y latinoamericana.\" alt=\"La pe\u00f1a folcl\u00f3rica organizada por el Conjunto Los Carmelitos de Rinconada de Silva, fue todo un \u00e9xito, pues reuni\u00f3 a grandes exponentes de la m\u00fasica chilena y latinoamericana.\" src=\"https:\/\/i0.wp.com\/www.eltrabajo.cl\/portal\/wp-content\/uploads\/2014\/01\/Carmelos3.jpg?resize=423%2C279\" width=\"423\" height=\"279\" srcset=\"https:\/\/i0.wp.com\/eltrabajo.cl\/portal\/wp-content\/uploads\/2014\/01\/Carmelos3.jpg?w=529&amp;ssl=1 529w, https:\/\/i0.wp.com\/eltrabajo.cl\/portal\/wp-content\/uploads\/2014\/01\/Carmelos3.jpg?resize=200%2C131&amp;ssl=1 200w, https:\/\/i0.wp.com\/eltrabajo.cl\/portal\/wp-content\/uploads\/2014\/01\/Carmelos3.jpg?resize=300%2C197&amp;ssl=1 300w, https:\/\/i0.wp.com\/eltrabajo.cl\/portal\/wp-content\/uploads\/2014\/01\/Carmelos3.jpg?resize=150%2C98&amp;ssl=1 150w, https:\/\/i0.wp.com\/eltrabajo.cl\/portal\/wp-content\/uploads\/2014\/01\/Carmelos3.jpg?resize=400%2C263&amp;ssl=1 400w\" sizes=\"auto, (max-width: 423px) 100vw, 423px\" \/><\/a><figcaption id=\"caption-attachment-42388\" class=\"wp-caption-text\">La pe\u00f1a folcl\u00f3rica organizada por el Conjunto Los Carmelitos de Rinconada de Silva, fue todo un \u00e9xito, pues reuni\u00f3 a grandes exponentes de la m\u00fasica chilena y latinoamericana.<\/figcaption><\/figure>\n<p>La poetisa Paula Godoy, pseud\u00f3nimo de Sara Olgu\u00edn, tambi\u00e9n quiso estar presente y entreg\u00f3 sus m\u00e1s hermosos poemas, entre los que destac\u00f3 el poema a la Virgen del Carmen que est\u00e1 al interior de los Ba\u00f1os del Parr\u00f3n.<\/p>\n<p>Posteriormente el Ballet Folcl\u00f3rico Bafocla de la ciudad de Los Andes, con casi doce a\u00f1os de trayectoria y que se ha presentado en distintos escenarios del pa\u00eds y el mundo, hizo su presentaci\u00f3n con una imponente muestra nortina que cont\u00f3 con m\u00e1s de 35 integrantes que mostraron por qu\u00e9 son el elenco oficial que representa a la comuna de Los Andes.<\/p>\n<p>En tanto, el Grupo Folcl\u00f3rico San Antonio de Putaendo, que funciona al alero de la Parroquia San Antonio de Padua y que se fund\u00f3 en agosto del a\u00f1o 2013 bajo la direcci\u00f3n coreogr\u00e1fica de la Profesora Massiel Salinas Villarroel, mostr\u00f3 toda su calidad con danzas campesinas como El Pequ\u00e9n y El Repicado, adem\u00e1s destacaron las j\u00f3venes y se\u00f1oras que conforman este grupo folcl\u00f3rico.<\/p>\n<p>Jos\u00e9 Pablo Catal\u00e1n, poeta popular y payador de la VI Regi\u00f3n, Los Carmelitos con un maravilloso baile a La Tirana y nuevamente el Bafocla con un baile pascuense cerraron esta hermosa pe\u00f1a folcl\u00f3rica que cont\u00f3 con un arduo trabajo del Comit\u00e9 Econ\u00f3mico de la Parroquia de Rinconada de Silva y la asistencia de personas de diferentes sectores de la comuna.<\/p>\n<p>El cura Ricardo G\u00f3mez, que estuvo presente en la jornada, hizo saber a trav\u00e9s de Diario El Trabajo su m\u00e1s completo agradecimiento a todas las personas que han participado en organizar distintas actividades para juntar el dinero y adquirir la camioneta y a quienes han colaborado, adem\u00e1s se\u00f1al\u00f3 que la Parroquia de Rinconada de Silva no tan solo ha sentido el cari\u00f1o de sus fieles en estas actividades, sino que tambi\u00e9n en la lucha que siguen dando para que los terrenos de la Ermita de los Ba\u00f1os del Parr\u00f3n y donde est\u00e1 emplazado el Cristo de Madera del sector pasen legalmente a propiedad de la parroquia, agregando que lamentablemente y seg\u00fan se lo inform\u00f3 el Obispo Cristian Contreras, la Serran\u00eda de Rinconada de Silva no ha dado respuesta a la solicitud que el obispo realiz\u00f3 para reunirse con la directiva y tratar este delicado tema, por lo que el sacerdote lament\u00f3 que la serran\u00eda no haya tomado en cuenta esta importante solicitud del obispo e indic\u00f3 que siguen disponibles para dialogar, pero hasta el momento no han visto intenci\u00f3n alguna de la Directiva de la Serran\u00eda de Rinconada de Silva, en abrirse a la posibilidad de tener un di\u00e1logo, escuchar y entender lo que la parroquia est\u00e1 solicitando.<\/p>\n<p>Patricio Gallardo M.<\/p>\n<p>&nbsp;<\/p>\n","protected":false},"excerpt":{"rendered":"<p>A beneficio de parroquia de Rinconada de Silva: PUTAENDO.&#8211; La pe\u00f1a folcl\u00f3rica organizada por el Conjunto Los Carmelitos de Rinconada de Silva, fue todo un \u00e9xito, pues reuni\u00f3 a grandes exponentes de&#8230;<\/p>\n","protected":false},"author":482,"featured_media":42386,"comment_status":"open","ping_status":"closed","sticky":false,"template":"","format":"standard","meta":{"advanced_seo_description":"","jetpack_seo_html_title":"","jetpack_seo_noindex":false,"_jetpack_memberships_contains_paid_content":false,"footnotes":""},"categories":[15],"tags":[],"class_list":["post-42385","post","type-post","status-publish","format-standard","has-post-thumbnail","hentry","category-comunidad"],"jetpack_featured_media_url":"https:\/\/i0.wp.com\/eltrabajo.cl\/portal\/wp-content\/uploads\/2014\/01\/Carmelos1.jpg?fit=529%2C251&ssl=1","jetpack_sharing_enabled":true,"jetpack_likes_enabled":true,"jetpack-related-posts":[],"_links":{"self":[{"href":"https:\/\/eltrabajo.cl\/portal\/wp-json\/wp\/v2\/posts\/42385","targetHints":{"allow":["GET"]}}],"collection":[{"href":"https:\/\/eltrabajo.cl\/portal\/wp-json\/wp\/v2\/posts"}],"about":[{"href":"https:\/\/eltrabajo.cl\/portal\/wp-json\/wp\/v2\/types\/post"}],"author":[{"embeddable":true,"href":"https:\/\/eltrabajo.cl\/portal\/wp-json\/wp\/v2\/users\/482"}],"replies":[{"embeddable":true,"href":"https:\/\/eltrabajo.cl\/portal\/wp-json\/wp\/v2\/comments?post=42385"}],"version-history":[{"count":0,"href":"https:\/\/eltrabajo.cl\/portal\/wp-json\/wp\/v2\/posts\/42385\/revisions"}],"wp:featuredmedia":[{"embeddable":true,"href":"https:\/\/eltrabajo.cl\/portal\/wp-json\/wp\/v2\/media\/42386"}],"wp:attachment":[{"href":"https:\/\/eltrabajo.cl\/portal\/wp-json\/wp\/v2\/media?parent=42385"}],"wp:term":[{"taxonomy":"category","embeddable":true,"href":"https:\/\/eltrabajo.cl\/portal\/wp-json\/wp\/v2\/categories?post=42385"},{"taxonomy":"post_tag","embeddable":true,"href":"https:\/\/eltrabajo.cl\/portal\/wp-json\/wp\/v2\/tags?post=42385"}],"curies":[{"name":"wp","href":"https:\/\/api.w.org\/{rel}","templated":true}]}}