{"id":42398,"date":"2014-01-27T10:12:04","date_gmt":"2014-01-27T13:12:04","guid":{"rendered":"http:\/\/www.eltrabajo.cl\/portal\/?p=42398"},"modified":"2014-01-27T10:12:04","modified_gmt":"2014-01-27T13:12:04","slug":"gremios-de-colectivos-solicitan-que-calle-maipu-quede-como-via-exclusiva","status":"publish","type":"post","link":"https:\/\/eltrabajo.cl\/portal\/gremios-de-colectivos-solicitan-que-calle-maipu-quede-como-via-exclusiva\/","title":{"rendered":"Gremios de colectivos solicitan que Calle Maip\u00fa quede como v\u00eda exclusiva"},"content":{"rendered":"<figure id=\"attachment_42401\" aria-describedby=\"caption-attachment-42401\" style=\"width: 529px\" class=\"wp-caption alignnone\"><a href=\"https:\/\/i0.wp.com\/www.eltrabajo.cl\/portal\/wp-content\/uploads\/2014\/01\/calle-maipu8.jpg\"><img data-recalc-dims=\"1\" loading=\"lazy\" decoding=\"async\" class=\"size-full wp-image-42401\" title=\"El Consejo Superior de Taxis Colectivos de Los Andes, propuso al municipio dejar como v\u00eda exclusiva sin estacionamientos Calle Maip\u00fa.\" alt=\"El Consejo Superior de Taxis Colectivos de Los Andes, propuso al municipio dejar como v\u00eda exclusiva sin estacionamientos Calle Maip\u00fa.\" src=\"https:\/\/i0.wp.com\/www.eltrabajo.cl\/portal\/wp-content\/uploads\/2014\/01\/calle-maipu8.jpg?resize=529%2C366\" width=\"529\" height=\"366\" srcset=\"https:\/\/i0.wp.com\/eltrabajo.cl\/portal\/wp-content\/uploads\/2014\/01\/calle-maipu8.jpg?w=529&amp;ssl=1 529w, https:\/\/i0.wp.com\/eltrabajo.cl\/portal\/wp-content\/uploads\/2014\/01\/calle-maipu8.jpg?resize=200%2C138&amp;ssl=1 200w, https:\/\/i0.wp.com\/eltrabajo.cl\/portal\/wp-content\/uploads\/2014\/01\/calle-maipu8.jpg?resize=300%2C207&amp;ssl=1 300w, https:\/\/i0.wp.com\/eltrabajo.cl\/portal\/wp-content\/uploads\/2014\/01\/calle-maipu8.jpg?resize=150%2C103&amp;ssl=1 150w, https:\/\/i0.wp.com\/eltrabajo.cl\/portal\/wp-content\/uploads\/2014\/01\/calle-maipu8.jpg?resize=400%2C276&amp;ssl=1 400w\" sizes=\"auto, (max-width: 529px) 100vw, 529px\" \/><\/a><figcaption id=\"caption-attachment-42401\" class=\"wp-caption-text\">El Consejo Superior de Taxis Colectivos de Los Andes, propuso al municipio dejar como v\u00eda exclusiva sin estacionamientos Calle Maip\u00fa.<\/figcaption><\/figure>\n<p><strong>LOS ANDES<\/strong>.- El Consejo Superior de Taxis Colectivos de Los Andes, propuso al municipio dejar como v\u00eda exclusiva sin estacionamientos Calle Maip\u00fa, mientras duren los trabajos de repavimentaci\u00f3n de Avenida Chacabuco. Ello debido a que cuando se inicien los trabajos en esa arteria, comprendidos entre Maip\u00fa y Yerbas Buenas, toda la locomoci\u00f3n colectiva que proveniente del sur y el oriente har\u00e1 ingreso al centro por Maip\u00fa.<\/p>\n<p>El presidente de la entidad, Roberto Osses, manifest\u00f3 que tal como se vislumbra para el inicio de marzo, los trabajos de la primera etapa de Chacabuco aun no estar\u00e1n listos, lo que obligar\u00e1 a que toda la locomoci\u00f3n colectiva deba entrar al centro por Maip\u00fa, lo que equivale aproximadamente a unos 350 colectivos. En este sentido y fin colaborar con soluciones, el consejo present\u00f3 esta propuesta a la municipalidad para que Maip\u00fa se transforme en v\u00eda exclusiva, a lo menos hasta calle O\u2019Higgins, a fin de que no se generen grandes congestiones.<\/p>\n<p>Al mismo tiempo, est\u00e1n proponiendo que Calle Las Heras tambi\u00e9n sea exclusiva, al menos en el tramo entre Membrillar y Papudo, a fin de agilizar los circuitos de la locomoci\u00f3n colectiva. El dirigente sostuvo que con esta propuesta la idea no es crear conflicto con las autoridades, sino aportan con soluciones antes que se produzcan los problemas viales, por lo cual espera que sean bien acogidas por la municipalidad. Por otra parte, el dirigente plante\u00f3 su escepticismo respecto a las obras de angostamiento de Avenida Pascual Baburizza, ya que con ello se generar\u00e1 una congesti\u00f3n aun mayor que la que se produce en los d\u00edas laborales.<\/p>\n<p>\u00abYo no s\u00e9 cu\u00e1l fue el objetivo de esta medida, porque si vamos a hablar de fluidez las ciudades en Chile est\u00e1n ensanchando sus calles y sus avenidas y aqu\u00ed pr\u00e1cticamente han dejado una sola pista por sentido y eso es un contrasentido, porque mientras se pide el uso racional de la bicicleta y esa calle se transforma en una arteria suicida para los ciclistas, ya que o cabe un auto o cabe una bicicleta, pero no los dos, entonces lo que ac\u00e1 est\u00e1 en tela de juicio es el uso de la calle con respecto al ciclista y estamos velando por el uso racional de esta avenida que la han transformado en una vulgar calle que no tienen ning\u00fan sentido pr\u00e1ctico, sobre todo si va a tener un impacto de flujo enorme una vez que se entregue al uso p\u00fablico la avenida Enrique de la Fuente\u00bb, espet\u00f3 Roberto Osses.<\/p>\n","protected":false},"excerpt":{"rendered":"<p>LOS ANDES.- El Consejo Superior de Taxis Colectivos de Los Andes, propuso al municipio dejar como v\u00eda exclusiva sin estacionamientos Calle Maip\u00fa, mientras duren los trabajos de repavimentaci\u00f3n de Avenida Chacabuco. Ello&#8230;<\/p>\n","protected":false},"author":482,"featured_media":42401,"comment_status":"open","ping_status":"closed","sticky":false,"template":"","format":"standard","meta":{"advanced_seo_description":"","jetpack_seo_html_title":"","jetpack_seo_noindex":false,"_jetpack_memberships_contains_paid_content":false,"footnotes":""},"categories":[1],"tags":[],"class_list":["post-42398","post","type-post","status-publish","format-standard","has-post-thumbnail","hentry","category-cronica"],"jetpack_featured_media_url":"https:\/\/i0.wp.com\/eltrabajo.cl\/portal\/wp-content\/uploads\/2014\/01\/calle-maipu8.jpg?fit=529%2C366&ssl=1","jetpack_sharing_enabled":true,"jetpack_likes_enabled":true,"jetpack-related-posts":[],"_links":{"self":[{"href":"https:\/\/eltrabajo.cl\/portal\/wp-json\/wp\/v2\/posts\/42398","targetHints":{"allow":["GET"]}}],"collection":[{"href":"https:\/\/eltrabajo.cl\/portal\/wp-json\/wp\/v2\/posts"}],"about":[{"href":"https:\/\/eltrabajo.cl\/portal\/wp-json\/wp\/v2\/types\/post"}],"author":[{"embeddable":true,"href":"https:\/\/eltrabajo.cl\/portal\/wp-json\/wp\/v2\/users\/482"}],"replies":[{"embeddable":true,"href":"https:\/\/eltrabajo.cl\/portal\/wp-json\/wp\/v2\/comments?post=42398"}],"version-history":[{"count":0,"href":"https:\/\/eltrabajo.cl\/portal\/wp-json\/wp\/v2\/posts\/42398\/revisions"}],"wp:featuredmedia":[{"embeddable":true,"href":"https:\/\/eltrabajo.cl\/portal\/wp-json\/wp\/v2\/media\/42401"}],"wp:attachment":[{"href":"https:\/\/eltrabajo.cl\/portal\/wp-json\/wp\/v2\/media?parent=42398"}],"wp:term":[{"taxonomy":"category","embeddable":true,"href":"https:\/\/eltrabajo.cl\/portal\/wp-json\/wp\/v2\/categories?post=42398"},{"taxonomy":"post_tag","embeddable":true,"href":"https:\/\/eltrabajo.cl\/portal\/wp-json\/wp\/v2\/tags?post=42398"}],"curies":[{"name":"wp","href":"https:\/\/api.w.org\/{rel}","templated":true}]}}