{"id":42403,"date":"2014-01-27T10:15:34","date_gmt":"2014-01-27T13:15:34","guid":{"rendered":"http:\/\/www.eltrabajo.cl\/portal\/?p=42403"},"modified":"2014-01-27T10:15:34","modified_gmt":"2014-01-27T13:15:34","slug":"solida-cuenta-publica-de-la-gestion-2013-entrego-gobernadora-de-san-felipe","status":"publish","type":"post","link":"https:\/\/eltrabajo.cl\/portal\/solida-cuenta-publica-de-la-gestion-2013-entrego-gobernadora-de-san-felipe\/","title":{"rendered":"S\u00f3lida Cuenta P\u00fablica de la gesti\u00f3n 2013 entreg\u00f3 Gobernadora de San Felipe"},"content":{"rendered":"<figure id=\"attachment_42399\" aria-describedby=\"caption-attachment-42399\" style=\"width: 317px\" class=\"wp-caption alignleft\"><a href=\"https:\/\/i0.wp.com\/www.eltrabajo.cl\/portal\/wp-content\/uploads\/2014\/01\/Cuenta1.jpg\"><img data-recalc-dims=\"1\" loading=\"lazy\" decoding=\"async\" class=\" wp-image-42399 \" title=\"La autoridad destac\u00f3 los hitos m\u00e1s importantes del per\u00edodo presidencial en la provincia, as\u00ed como del trabajo realizado el a\u00f1o 2013.\" alt=\"La autoridad destac\u00f3 los hitos m\u00e1s importantes del per\u00edodo presidencial en la provincia, as\u00ed como del trabajo realizado el a\u00f1o 2013.\" src=\"https:\/\/i0.wp.com\/www.eltrabajo.cl\/portal\/wp-content\/uploads\/2014\/01\/Cuenta1.jpg?resize=317%2C238\" width=\"317\" height=\"238\" srcset=\"https:\/\/i0.wp.com\/eltrabajo.cl\/portal\/wp-content\/uploads\/2014\/01\/Cuenta1.jpg?w=529&amp;ssl=1 529w, https:\/\/i0.wp.com\/eltrabajo.cl\/portal\/wp-content\/uploads\/2014\/01\/Cuenta1.jpg?resize=200%2C150&amp;ssl=1 200w, https:\/\/i0.wp.com\/eltrabajo.cl\/portal\/wp-content\/uploads\/2014\/01\/Cuenta1.jpg?resize=300%2C224&amp;ssl=1 300w, https:\/\/i0.wp.com\/eltrabajo.cl\/portal\/wp-content\/uploads\/2014\/01\/Cuenta1.jpg?resize=150%2C112&amp;ssl=1 150w, https:\/\/i0.wp.com\/eltrabajo.cl\/portal\/wp-content\/uploads\/2014\/01\/Cuenta1.jpg?resize=400%2C299&amp;ssl=1 400w\" sizes=\"auto, (max-width: 317px) 100vw, 317px\" \/><\/a><figcaption id=\"caption-attachment-42399\" class=\"wp-caption-text\">La autoridad destac\u00f3 los hitos m\u00e1s importantes del per\u00edodo presidencial en la provincia, as\u00ed como del trabajo realizado el a\u00f1o 2013.<\/figcaption><\/figure>\n<p>Ante un gran marco de p\u00fablico y en medio de una gran emotividad al t\u00e9rmino de la ceremonia, la Gobernadora Provincial de San Felipe, Patricia Boffa Casas, entreg\u00f3 una s\u00f3lida Cuenta P\u00fablica de la gesti\u00f3n desarrollada durante el a\u00f1o 2013.<\/p>\n<figure id=\"attachment_42400\" aria-describedby=\"caption-attachment-42400\" style=\"width: 423px\" class=\"wp-caption alignright\"><a href=\"https:\/\/i0.wp.com\/www.eltrabajo.cl\/portal\/wp-content\/uploads\/2014\/01\/Asistentes-a-Cuenta-Publica.jpg\"><img data-recalc-dims=\"1\" loading=\"lazy\" decoding=\"async\" class=\" wp-image-42400 \" title=\"Gran cantidad de vecinos y autoridades comunales, provinciales y regionales, participaron en la Cuenta P\u00fablica de Patricia Boffa.\" alt=\"Gran cantidad de vecinos y autoridades comunales, provinciales y regionales, participaron en la Cuenta P\u00fablica de Patricia Boffa.\" src=\"https:\/\/i0.wp.com\/www.eltrabajo.cl\/portal\/wp-content\/uploads\/2014\/01\/Asistentes-a-Cuenta-Publica.jpg?resize=423%2C230\" width=\"423\" height=\"230\" srcset=\"https:\/\/i0.wp.com\/eltrabajo.cl\/portal\/wp-content\/uploads\/2014\/01\/Asistentes-a-Cuenta-Publica.jpg?w=529&amp;ssl=1 529w, https:\/\/i0.wp.com\/eltrabajo.cl\/portal\/wp-content\/uploads\/2014\/01\/Asistentes-a-Cuenta-Publica.jpg?resize=200%2C108&amp;ssl=1 200w, https:\/\/i0.wp.com\/eltrabajo.cl\/portal\/wp-content\/uploads\/2014\/01\/Asistentes-a-Cuenta-Publica.jpg?resize=300%2C163&amp;ssl=1 300w, https:\/\/i0.wp.com\/eltrabajo.cl\/portal\/wp-content\/uploads\/2014\/01\/Asistentes-a-Cuenta-Publica.jpg?resize=150%2C81&amp;ssl=1 150w, https:\/\/i0.wp.com\/eltrabajo.cl\/portal\/wp-content\/uploads\/2014\/01\/Asistentes-a-Cuenta-Publica.jpg?resize=400%2C217&amp;ssl=1 400w\" sizes=\"auto, (max-width: 423px) 100vw, 423px\" \/><\/a><figcaption id=\"caption-attachment-42400\" class=\"wp-caption-text\">Gran cantidad de vecinos y autoridades comunales, provinciales y regionales, participaron en la Cuenta P\u00fablica de Patricia Boffa.<\/figcaption><\/figure>\n<p>La autoridad provincial, que finaliza en marzo pr\u00f3ximo su gesti\u00f3n, se refiri\u00f3 tambi\u00e9n a los hitos que marcaron la labor del gobierno del Presidente Sebasti\u00e1n Pi\u00f1era en los cuatro a\u00f1os de su per\u00edodo, resaltando la ejecuci\u00f3n de proyectos como el Embalse Chacrillas; la compra de terrenos y entrega de subsidios a los estafados de la Egis Daniela; la ejecuci\u00f3n de proyectos de riego y agua potable rural y la entrega de subsidios, as\u00ed como las gestiones que permitieron dar vida al proyecto de extensi\u00f3n del servicio de agua potable a los vecinos de Tres Esquinas.<\/p>\n<figure id=\"attachment_42404\" aria-describedby=\"caption-attachment-42404\" style=\"width: 423px\" class=\"wp-caption alignleft\"><a href=\"https:\/\/i0.wp.com\/www.eltrabajo.cl\/portal\/wp-content\/uploads\/2014\/01\/Patty-con-la-familia.jpg\"><img data-recalc-dims=\"1\" loading=\"lazy\" decoding=\"async\" class=\" wp-image-42404 \" title=\"Falt\u00f3 s\u00f3lo P\u00eda, su segunda hija, pero le acompa\u00f1aron su hijo Esteban, su nuera, su nieto Facundo, su hija menor Mar\u00eda Jos\u00e9 y su esposo, el Consejero Regional Iv\u00e1n Reyes. A ellos, se suman su madre, abuela, t\u00edas, t\u00edos y la enorme familia que siempre ha respaldado a Patricia Boffa en su gesti\u00f3n de gobernadora.\" alt=\"Falt\u00f3 s\u00f3lo P\u00eda, su segunda hija, pero le acompa\u00f1aron su hijo Esteban, su nuera, su nieto Facundo, su hija menor Mar\u00eda Jos\u00e9 y su esposo, el Consejero Regional Iv\u00e1n Reyes. A ellos, se suman su madre, abuela, t\u00edas, t\u00edos y la enorme familia que siempre ha respaldado a Patricia Boffa en su gesti\u00f3n de gobernadora.\" src=\"https:\/\/i0.wp.com\/www.eltrabajo.cl\/portal\/wp-content\/uploads\/2014\/01\/Patty-con-la-familia.jpg?resize=423%2C355\" width=\"423\" height=\"355\" srcset=\"https:\/\/i0.wp.com\/eltrabajo.cl\/portal\/wp-content\/uploads\/2014\/01\/Patty-con-la-familia.jpg?w=529&amp;ssl=1 529w, https:\/\/i0.wp.com\/eltrabajo.cl\/portal\/wp-content\/uploads\/2014\/01\/Patty-con-la-familia.jpg?resize=178%2C150&amp;ssl=1 178w, https:\/\/i0.wp.com\/eltrabajo.cl\/portal\/wp-content\/uploads\/2014\/01\/Patty-con-la-familia.jpg?resize=300%2C251&amp;ssl=1 300w, https:\/\/i0.wp.com\/eltrabajo.cl\/portal\/wp-content\/uploads\/2014\/01\/Patty-con-la-familia.jpg?resize=150%2C125&amp;ssl=1 150w, https:\/\/i0.wp.com\/eltrabajo.cl\/portal\/wp-content\/uploads\/2014\/01\/Patty-con-la-familia.jpg?resize=400%2C335&amp;ssl=1 400w\" sizes=\"auto, (max-width: 423px) 100vw, 423px\" \/><\/a><figcaption id=\"caption-attachment-42404\" class=\"wp-caption-text\">Falt\u00f3 s\u00f3lo P\u00eda, su segunda hija, pero le acompa\u00f1aron su hijo Esteban, su nuera, su nieto Facundo, su hija menor Mar\u00eda Jos\u00e9 y su esposo, el Consejero Regional Iv\u00e1n Reyes. A ellos, se suman su madre, abuela, t\u00edas, t\u00edos y la enorme familia que siempre ha respaldado a Patricia Boffa en su gesti\u00f3n de gobernadora.<\/figcaption><\/figure>\n<p>La actividad cont\u00f3 con la presencia de alcaldes, jefes de servicios, secretarios regionales ministeriales y directores regionales de distintas entidades de gobierno. Asimismo, asisti\u00f3 gran cantidad de vecinos que coparon la Plaza C\u00edvica de San Felipe, lugar donde en la tarde del viernes se realiz\u00f3 esta \u00faltima cuenta p\u00fablica de Patricia Boffa Casas.<\/p>\n<p>\u00abHemos avanzado en temas tan importantes como son los APR, pavimentos, gran cantidad de subsidios habitacionales que hemos entregado en la provincia de San Felipe, el Embalse Chacrillas, la inversi\u00f3n en salud que se ha realizado tambi\u00e9n, obras importantes en materia vial\u00bb, se\u00f1al\u00f3 la gobernadora. A\u00f1adi\u00f3 la autoridad que \u00abquiero pedir perd\u00f3n si en alg\u00fan momento me equivoqu\u00e9, pero toda mi gesti\u00f3n la he hecho con un af\u00e1n de servir, de representar dignamente al Presidentes Sebasti\u00e1n Pi\u00f1era, cargo que he ostentado con mucho orgullo\u00bb.<\/p>\n<p>En su discurso, la autoridad agradeci\u00f3 a su equipo de trabajo, a los seremis, directores regionales y jefes de servicio, as\u00ed como a los alcaldes y concejales. Dedic\u00f3 palabras de agradecimiento tambi\u00e9n a su jefe de comunicaciones, Luis Ponce Lazcano, y a su conductor, Juan Zamora, as\u00ed como a la comunidad que le respald\u00f3 en su gesti\u00f3n y ya bastante emocionada, reconoci\u00f3 estar en deuda con su familia, puntualmente con su marido e hijos, por no haber estado al cien por ciento, precisamente en su af\u00e1n de cumplir como corresponde su labor de gobernadora de la provincia.<\/p>\n<p>La Gobernadora Boffa admiti\u00f3 que el sello de su gesti\u00f3n corresponde a la cercan\u00eda con la gente que desde siempre le ha caracterizado, en tanto que la labor que a su juicio marc\u00f3 su trabajo como representante de Sebasti\u00e1n Pi\u00f1era, fue conseguir los recursos para llevar agua a los vecinos de Tres Esquinas.<\/p>\n<p>\u00abHicimos un trabajo que ning\u00fan otro gobernador fue capaz de hacer antes. Nosotros lo logramos y eso es fruto de una labor que me llevo a reunirme con ministros y subsecretarios, a golpear puertas en muchos lugares y me siento muy dichosa de saber que en marzo pr\u00f3ximo, las familias de Tres Esquinas ver\u00e1n correr agua por sus ca\u00f1er\u00edas. Eso s\u00ed, ocho familias quedaron fuera por una falla t\u00e9cnica, por lo que llamo a las autoridades para que concluyan esta iniciativa, ya que ahora ser\u00e1 mucho m\u00e1s f\u00e1cil hacerlo\u00bb, precis\u00f3 la autoridad.<\/p>\n<p>Finalmente, Boffa manifest\u00f3 que estos d\u00edas que restan de gesti\u00f3n seguir\u00e1 trabajando arduamente por la provincia y al cabo de este proceso, iniciar\u00e1 una nueva etapa, como estudiante de Servicio Social, en la Universidad de Aconcagua, pero en paralelo, colaborando en la gesti\u00f3n de su esposo el consejero regional Iv\u00e1n Reyes, a fin de gestionar proyectos en beneficio de las distintas organizaciones sociales de la comuna de San Felipe.<\/p>\n<p>&nbsp;<\/p>\n","protected":false},"excerpt":{"rendered":"<p>Ante un gran marco de p\u00fablico y en medio de una gran emotividad al t\u00e9rmino de la ceremonia, la Gobernadora Provincial de San Felipe, Patricia Boffa Casas, entreg\u00f3 una s\u00f3lida Cuenta P\u00fablica&#8230;<\/p>\n","protected":false},"author":482,"featured_media":42399,"comment_status":"open","ping_status":"closed","sticky":false,"template":"","format":"standard","meta":{"advanced_seo_description":"","jetpack_seo_html_title":"","jetpack_seo_noindex":false,"_jetpack_memberships_contains_paid_content":false,"footnotes":""},"categories":[1],"tags":[],"class_list":["post-42403","post","type-post","status-publish","format-standard","has-post-thumbnail","hentry","category-cronica"],"jetpack_featured_media_url":"https:\/\/i0.wp.com\/eltrabajo.cl\/portal\/wp-content\/uploads\/2014\/01\/Cuenta1.jpg?fit=529%2C396&ssl=1","jetpack_sharing_enabled":true,"jetpack_likes_enabled":true,"jetpack-related-posts":[],"_links":{"self":[{"href":"https:\/\/eltrabajo.cl\/portal\/wp-json\/wp\/v2\/posts\/42403","targetHints":{"allow":["GET"]}}],"collection":[{"href":"https:\/\/eltrabajo.cl\/portal\/wp-json\/wp\/v2\/posts"}],"about":[{"href":"https:\/\/eltrabajo.cl\/portal\/wp-json\/wp\/v2\/types\/post"}],"author":[{"embeddable":true,"href":"https:\/\/eltrabajo.cl\/portal\/wp-json\/wp\/v2\/users\/482"}],"replies":[{"embeddable":true,"href":"https:\/\/eltrabajo.cl\/portal\/wp-json\/wp\/v2\/comments?post=42403"}],"version-history":[{"count":0,"href":"https:\/\/eltrabajo.cl\/portal\/wp-json\/wp\/v2\/posts\/42403\/revisions"}],"wp:featuredmedia":[{"embeddable":true,"href":"https:\/\/eltrabajo.cl\/portal\/wp-json\/wp\/v2\/media\/42399"}],"wp:attachment":[{"href":"https:\/\/eltrabajo.cl\/portal\/wp-json\/wp\/v2\/media?parent=42403"}],"wp:term":[{"taxonomy":"category","embeddable":true,"href":"https:\/\/eltrabajo.cl\/portal\/wp-json\/wp\/v2\/categories?post=42403"},{"taxonomy":"post_tag","embeddable":true,"href":"https:\/\/eltrabajo.cl\/portal\/wp-json\/wp\/v2\/tags?post=42403"}],"curies":[{"name":"wp","href":"https:\/\/api.w.org\/{rel}","templated":true}]}}