{"id":42407,"date":"2014-01-27T10:17:31","date_gmt":"2014-01-27T13:17:31","guid":{"rendered":"http:\/\/www.eltrabajo.cl\/portal\/?p=42407"},"modified":"2014-01-27T10:17:31","modified_gmt":"2014-01-27T13:17:31","slug":"presidente-nacional-de-archi-desmiente-categoricamente-eventual-clausura-de-fm-vida","status":"publish","type":"post","link":"https:\/\/eltrabajo.cl\/portal\/presidente-nacional-de-archi-desmiente-categoricamente-eventual-clausura-de-fm-vida\/","title":{"rendered":"Presidente Nacional de Archi desmiente categ\u00f3ricamente eventual clausura de FM Vida"},"content":{"rendered":"<figure id=\"attachment_42408\" aria-describedby=\"caption-attachment-42408\" style=\"width: 190px\" class=\"wp-caption alignleft\"><a href=\"https:\/\/i0.wp.com\/www.eltrabajo.cl\/portal\/wp-content\/uploads\/2014\/01\/LuisPardo.jpg\"><img data-recalc-dims=\"1\" loading=\"lazy\" decoding=\"async\" class=\" wp-image-42408  \" title=\"Presidente Nacional de la Asociaci\u00f3n de Radiodifusores de Chile (Archi), Luis Pardo Sainz. \" alt=\"Presidente Nacional de la Asociaci\u00f3n de Radiodifusores de Chile (Archi), Luis Pardo Sainz. \" src=\"https:\/\/i0.wp.com\/www.eltrabajo.cl\/portal\/wp-content\/uploads\/2014\/01\/LuisPardo.jpg?resize=190%2C285\" width=\"190\" height=\"285\" srcset=\"https:\/\/i0.wp.com\/eltrabajo.cl\/portal\/wp-content\/uploads\/2014\/01\/LuisPardo.jpg?w=529&amp;ssl=1 529w, https:\/\/i0.wp.com\/eltrabajo.cl\/portal\/wp-content\/uploads\/2014\/01\/LuisPardo.jpg?resize=100%2C150&amp;ssl=1 100w, https:\/\/i0.wp.com\/eltrabajo.cl\/portal\/wp-content\/uploads\/2014\/01\/LuisPardo.jpg?resize=200%2C300&amp;ssl=1 200w, https:\/\/i0.wp.com\/eltrabajo.cl\/portal\/wp-content\/uploads\/2014\/01\/LuisPardo.jpg?resize=400%2C598&amp;ssl=1 400w\" sizes=\"auto, (max-width: 190px) 100vw, 190px\" \/><\/a><figcaption id=\"caption-attachment-42408\" class=\"wp-caption-text\">Presidente Nacional de la Asociaci\u00f3n de Radiodifusores de Chile (Archi), Luis Pardo Sainz.<\/figcaption><\/figure>\n<p><strong>PUTAENDO<\/strong>.- El Presidente Nacional de la Asociaci\u00f3n de Radiodifusores de Chile (Archi), Luis Pardo Sainz, luego de reunirse con el Director Gerente de Radio FM Vida, Luis Reinoso Am\u00e9stica, desminti\u00f3 categ\u00f3ricamente la eventual clausura de Radio FM Vida, adem\u00e1s de entregar todo su apoyo y respaldo a la emisora ante los \u00faltimos acontecimientos vividos.<\/p>\n<p>Luis Pardo en contacto telef\u00f3nico en horas de la tarde de este jueves, se\u00f1al\u00f3 que se enter\u00f3 con mucha preocupaci\u00f3n de los hechos que afectaron a Luis Reinoso en su calidad de representante legal de Radio FM Vida e indic\u00f3 que la informaci\u00f3n difundida por el propietario de otra emisora es totalmente err\u00f3nea, pues asegur\u00f3 que Archi desde un principio apoy\u00f3 jur\u00eddicamente a Radio FM Vida en cuanto a las fiscalizaciones y observaciones encontradas por la Subtel y se\u00f1al\u00f3 que efectivamente se encontraron observaciones menores y se curs\u00f3 una multa, la cual fue apelada y pagada dentro de los plazos legales correspondientes.<\/p>\n<p>Pardo dijo que respalda plenamente a Radio FM Vida y se\u00f1al\u00f3 que esta emisora juega un rol importante en el Valle del Aconcagua y que en los reiterados ataques que ha recibido la estaci\u00f3n radial en cuanto a da\u00f1os en la planta transmisora y estudios, siempre Archi ha estado preocupada e indic\u00f3 que puntualmente los hechos que afectaron a su director gerente est\u00e1n fuera de la \u00e9tica profesional que impulsa Archi y que claramente son constitutivos de delitos, adem\u00e1s se\u00f1al\u00f3 que espera que los tribunales de justicia sean en\u00e9rgicos en sancionar esta situaci\u00f3n.<\/p>\n<p>Finalmente Luis Pardo hizo un llamado a la tranquilidad a los auditores de FM Vida, pues asegur\u00f3 que esta emisora est\u00e1 totalmente en regla tanto en la Subtel como en la misma Archi y s\u00f3lo recibi\u00f3 una multa menor y que cualquier informaci\u00f3n que diga que esta emisora ser\u00e1 clausurada es de falsedad absoluta, agregando que Archi ha dispuesto su estudio jur\u00eddico que est\u00e1 asesorando en todo momento al propietario de FM Vida, Luis Reinoso.<\/p>\n<p>En tanto, Luis Reinoso se\u00f1al\u00f3 que no tan s\u00f3lo se reuni\u00f3n con el Presidente Nacional de Archi y su estudio jur\u00eddico, sino que adem\u00e1s mantuvo una importante reuni\u00f3n en la Subsecretar\u00eda de Telecomunicaciones que se encuentra indagando como documentaci\u00f3n que estaba catalogada como privada y que deb\u00eda ser entregada a su persona (Reinoso) lleg\u00f3 a manos de otro empresario radial y valor\u00f3 la disposici\u00f3n de la Subtel en atender con suma urgencia su reclamo.<\/p>\n<p>En el \u00e1mbito local, la C\u00e1mara de Comercio y Turismo de Putaendo entreg\u00f3 un amplio respaldo a Radio FM Vida y lo m\u00e1s importante, la gran mayor\u00eda de la comunidad se ha manifestado indignada por los \u00faltimos ataques recibidos por esta emisora y han hecho sentir su cari\u00f1o y aprecio al importante rol que juega estaci\u00f3n radial en el \u00e1mbito local.<\/p>\n<p>Patricio Gallardo M.<\/p>\n","protected":false},"excerpt":{"rendered":"<p>PUTAENDO.- El Presidente Nacional de la Asociaci\u00f3n de Radiodifusores de Chile (Archi), Luis Pardo Sainz, luego de reunirse con el Director Gerente de Radio FM Vida, Luis Reinoso Am\u00e9stica, desminti\u00f3 categ\u00f3ricamente la&#8230;<\/p>\n","protected":false},"author":482,"featured_media":42408,"comment_status":"open","ping_status":"closed","sticky":false,"template":"","format":"standard","meta":{"advanced_seo_description":"","jetpack_seo_html_title":"","jetpack_seo_noindex":false,"_jetpack_memberships_contains_paid_content":false,"footnotes":""},"categories":[1],"tags":[],"class_list":["post-42407","post","type-post","status-publish","format-standard","has-post-thumbnail","hentry","category-cronica"],"jetpack_featured_media_url":"https:\/\/i0.wp.com\/eltrabajo.cl\/portal\/wp-content\/uploads\/2014\/01\/LuisPardo.jpg?fit=529%2C791&ssl=1","jetpack_sharing_enabled":true,"jetpack_likes_enabled":true,"jetpack-related-posts":[],"_links":{"self":[{"href":"https:\/\/eltrabajo.cl\/portal\/wp-json\/wp\/v2\/posts\/42407","targetHints":{"allow":["GET"]}}],"collection":[{"href":"https:\/\/eltrabajo.cl\/portal\/wp-json\/wp\/v2\/posts"}],"about":[{"href":"https:\/\/eltrabajo.cl\/portal\/wp-json\/wp\/v2\/types\/post"}],"author":[{"embeddable":true,"href":"https:\/\/eltrabajo.cl\/portal\/wp-json\/wp\/v2\/users\/482"}],"replies":[{"embeddable":true,"href":"https:\/\/eltrabajo.cl\/portal\/wp-json\/wp\/v2\/comments?post=42407"}],"version-history":[{"count":0,"href":"https:\/\/eltrabajo.cl\/portal\/wp-json\/wp\/v2\/posts\/42407\/revisions"}],"wp:featuredmedia":[{"embeddable":true,"href":"https:\/\/eltrabajo.cl\/portal\/wp-json\/wp\/v2\/media\/42408"}],"wp:attachment":[{"href":"https:\/\/eltrabajo.cl\/portal\/wp-json\/wp\/v2\/media?parent=42407"}],"wp:term":[{"taxonomy":"category","embeddable":true,"href":"https:\/\/eltrabajo.cl\/portal\/wp-json\/wp\/v2\/categories?post=42407"},{"taxonomy":"post_tag","embeddable":true,"href":"https:\/\/eltrabajo.cl\/portal\/wp-json\/wp\/v2\/tags?post=42407"}],"curies":[{"name":"wp","href":"https:\/\/api.w.org\/{rel}","templated":true}]}}