{"id":42412,"date":"2014-01-27T10:19:04","date_gmt":"2014-01-27T13:19:04","guid":{"rendered":"http:\/\/www.eltrabajo.cl\/portal\/?p=42412"},"modified":"2014-01-27T10:19:04","modified_gmt":"2014-01-27T13:19:04","slug":"cientos-asistieron-al-tour-patrimonial-patrimonial-nocturno","status":"publish","type":"post","link":"https:\/\/eltrabajo.cl\/portal\/cientos-asistieron-al-tour-patrimonial-patrimonial-nocturno\/","title":{"rendered":"Cientos asistieron al Tour patrimonial Patrimonial Nocturno"},"content":{"rendered":"<figure id=\"attachment_42413\" aria-describedby=\"caption-attachment-42413\" style=\"width: 529px\" class=\"wp-caption alignnone\"><a href=\"https:\/\/i0.wp.com\/www.eltrabajo.cl\/portal\/wp-content\/uploads\/2014\/01\/visita-cementerio-2.jpg\"><img data-recalc-dims=\"1\" loading=\"lazy\" decoding=\"async\" class=\"size-full wp-image-42413\" title=\"Alrededor de 300 personas llegaron hasta el Cementerio Municipal de Almendral en San Felipe, para participar en el Tour patrimonial nocturno.\" alt=\"Alrededor de 300 personas llegaron hasta el Cementerio Municipal de Almendral en San Felipe, para participar en el Tour patrimonial nocturno.\" src=\"https:\/\/i0.wp.com\/www.eltrabajo.cl\/portal\/wp-content\/uploads\/2014\/01\/visita-cementerio-2.jpg?resize=529%2C397\" width=\"529\" height=\"397\" srcset=\"https:\/\/i0.wp.com\/eltrabajo.cl\/portal\/wp-content\/uploads\/2014\/01\/visita-cementerio-2.jpg?w=529&amp;ssl=1 529w, https:\/\/i0.wp.com\/eltrabajo.cl\/portal\/wp-content\/uploads\/2014\/01\/visita-cementerio-2.jpg?resize=200%2C150&amp;ssl=1 200w, https:\/\/i0.wp.com\/eltrabajo.cl\/portal\/wp-content\/uploads\/2014\/01\/visita-cementerio-2.jpg?resize=300%2C225&amp;ssl=1 300w, https:\/\/i0.wp.com\/eltrabajo.cl\/portal\/wp-content\/uploads\/2014\/01\/visita-cementerio-2.jpg?resize=150%2C112&amp;ssl=1 150w, https:\/\/i0.wp.com\/eltrabajo.cl\/portal\/wp-content\/uploads\/2014\/01\/visita-cementerio-2.jpg?resize=400%2C300&amp;ssl=1 400w\" sizes=\"auto, (max-width: 529px) 100vw, 529px\" \/><\/a><figcaption id=\"caption-attachment-42413\" class=\"wp-caption-text\">Alrededor de 300 personas llegaron hasta el Cementerio Municipal de Almendral en San Felipe, para participar en el Tour patrimonial nocturno.<\/figcaption><\/figure>\n<p>Alrededor de 300 personas llegaron hasta el Cementerio Municipal de Almendral en San Felipe, para participar en el Tour patrimonial nocturno, organizado por el Departamento de Cultura de la Municipalidad de San Felipe. Enmarcado en las actividades de verano organizadas por este departamento, este jueves la cita era en la puerta del Cementerio de Almendral, para realizar un recorrido por las instalaciones y conocer m\u00e1s en profundidad parte de la historia de nuestra comuna. El recorrido comenz\u00f3 alrededor de las 21:00 horas, con las m\u00e1s de trescientas personas que desde temprano llegaron al lugar, quienes recorrieron las instalaciones, junto a los dos gu\u00edas que contaron distintas historias sobre las personas que est\u00e1n sepultadas en este lugar.<\/p>\n<p>\u00abLa visita que vivimos ayer fue bastante bonita por el entusiasmo de cientos de sanfelipe\u00f1os que participaron en esta visita nocturna al Cementerio de Almendral, en la cual hemos querido rescatar lugares de la ciudad, abrir instituciones, edificios, para que nos reencontremos todos con la historia y las memorias locales y as\u00ed entonces la misma comunidad se va empoderando de su historia y recuperando espacios, como es el sello que el Alcalde Patricio Freire ha se\u00f1alado durante su gesti\u00f3n\u00bb, se\u00f1al\u00f3 Manuel Z\u00fa\u00f1iga, Encargado de Cultura y Patrimonio.<\/p>\n<p>La idea ahora, es continuar con este tipo de actividades, todos los meses, con un sistema de inscripci\u00f3n previa, con grupos m\u00e1s peque\u00f1os, para que los asistentes puedan disfrutar del recorrido y conocer m\u00e1s nuestra historia.<\/p>\n<p>\u00abTomamos la decisi\u00f3n de hacer estas visitas con inscripciones, quienes est\u00e9n interesados en visitar el cementerio de noche pueden enviar un correo con los nombres de las personas que desean participar a cultura@sanfe.cl y vamos a estar haciendo grupo de 30 \u00f3 40 personas para que la visita guiada tenga el sentido que nosotros quer\u00edamos, que era que quienes participen puedan captar la historia que encierra el Cementerio Municipal de Almendral\u00bb, se\u00f1al\u00f3 Ricardo Ruiz, Coordinador Comunal de Cultura.<\/p>\n<p>Los asistentes quedaron felices de participar de la actividad, destacando el inter\u00e9s que gener\u00f3 el recorrido nocturno por el cementerio.<\/p>\n<p>\u00abBastante interesante, yo no soy de ac\u00e1, vivo hace dos a\u00f1os ac\u00e1 y por eso es s\u00faper interesante conocer la historia de la zona, de varios personajes de ac\u00e1, felicitaciones a la Municipalidad de generar esta instancia y que se repita, porque habr\u00eda m\u00e1s gente interesada en participar y as\u00ed tendr\u00eda acceso a estos espacios de cultura\u00bb, manifest\u00f3 Alex Flores.<\/p>\n<p>\u00abFant\u00e1stico que se hagan estas cosas, y nosotros vinimos para conocer parte de la historia de nuestra comuna, lo mejor es que pod\u00edamos participar y aportar con datos hist\u00f3ricos, por eso esperamos que se haga de nuevo\u00bb, sostuvo Raquel Berr\u00edos.<\/p>\n<p>\u00abEstas iniciativas resultan bastante interesantes cuando se involucra a la comunidad en conocer de su historia desde otra perspectiva y ojala este tipo de iniciativas se sigan realizando para que la comunidad se sienta reflejada en su historia y sean constructores de patrimonio en San Felipe\u00bb, dijo Joaqu\u00edn Gallardo.<\/p>\n<p>&nbsp;<\/p>\n","protected":false},"excerpt":{"rendered":"<p>Alrededor de 300 personas llegaron hasta el Cementerio Municipal de Almendral en San Felipe, para participar en el Tour patrimonial nocturno, organizado por el Departamento de Cultura de la Municipalidad de San&#8230;<\/p>\n","protected":false},"author":482,"featured_media":42413,"comment_status":"open","ping_status":"closed","sticky":false,"template":"","format":"standard","meta":{"advanced_seo_description":"","jetpack_seo_html_title":"","jetpack_seo_noindex":false,"_jetpack_memberships_contains_paid_content":false,"footnotes":""},"categories":[1],"tags":[],"class_list":["post-42412","post","type-post","status-publish","format-standard","has-post-thumbnail","hentry","category-cronica"],"jetpack_featured_media_url":"https:\/\/i0.wp.com\/eltrabajo.cl\/portal\/wp-content\/uploads\/2014\/01\/visita-cementerio-2.jpg?fit=529%2C397&ssl=1","jetpack_sharing_enabled":true,"jetpack_likes_enabled":true,"jetpack-related-posts":[],"_links":{"self":[{"href":"https:\/\/eltrabajo.cl\/portal\/wp-json\/wp\/v2\/posts\/42412","targetHints":{"allow":["GET"]}}],"collection":[{"href":"https:\/\/eltrabajo.cl\/portal\/wp-json\/wp\/v2\/posts"}],"about":[{"href":"https:\/\/eltrabajo.cl\/portal\/wp-json\/wp\/v2\/types\/post"}],"author":[{"embeddable":true,"href":"https:\/\/eltrabajo.cl\/portal\/wp-json\/wp\/v2\/users\/482"}],"replies":[{"embeddable":true,"href":"https:\/\/eltrabajo.cl\/portal\/wp-json\/wp\/v2\/comments?post=42412"}],"version-history":[{"count":0,"href":"https:\/\/eltrabajo.cl\/portal\/wp-json\/wp\/v2\/posts\/42412\/revisions"}],"wp:featuredmedia":[{"embeddable":true,"href":"https:\/\/eltrabajo.cl\/portal\/wp-json\/wp\/v2\/media\/42413"}],"wp:attachment":[{"href":"https:\/\/eltrabajo.cl\/portal\/wp-json\/wp\/v2\/media?parent=42412"}],"wp:term":[{"taxonomy":"category","embeddable":true,"href":"https:\/\/eltrabajo.cl\/portal\/wp-json\/wp\/v2\/categories?post=42412"},{"taxonomy":"post_tag","embeddable":true,"href":"https:\/\/eltrabajo.cl\/portal\/wp-json\/wp\/v2\/tags?post=42412"}],"curies":[{"name":"wp","href":"https:\/\/api.w.org\/{rel}","templated":true}]}}