{"id":42426,"date":"2014-01-27T10:35:19","date_gmt":"2014-01-27T13:35:19","guid":{"rendered":"http:\/\/www.eltrabajo.cl\/portal\/?p=42426"},"modified":"2014-01-27T10:35:19","modified_gmt":"2014-01-27T13:35:19","slug":"motoquera-pamela-gonzalez-nueva-reina-de-la-primavera","status":"publish","type":"post","link":"https:\/\/eltrabajo.cl\/portal\/motoquera-pamela-gonzalez-nueva-reina-de-la-primavera\/","title":{"rendered":"Motoquera Pamela Gonz\u00e1lez nueva Reina de la Primavera"},"content":{"rendered":"<figure id=\"attachment_42427\" aria-describedby=\"caption-attachment-42427\" style=\"width: 529px\" class=\"wp-caption alignnone\"><a href=\"https:\/\/i0.wp.com\/www.eltrabajo.cl\/portal\/wp-content\/uploads\/2014\/01\/Primavera1.jpg\"><img data-recalc-dims=\"1\" loading=\"lazy\" decoding=\"async\" class=\"size-full wp-image-42427\" title=\"TENEMOS REINA.- Pamela Gonz\u00e1lez fue coronada como Reina de la Primavera y Verano, ella particip\u00f3 alegremente en representaci\u00f3n del Grupo The Chain Chopper.\" alt=\"TENEMOS REINA.- Pamela Gonz\u00e1lez fue coronada como Reina de la Primavera y Verano, ella particip\u00f3 alegremente en representaci\u00f3n del Grupo The Chain Chopper.\" src=\"https:\/\/i0.wp.com\/www.eltrabajo.cl\/portal\/wp-content\/uploads\/2014\/01\/Primavera1.jpg?resize=529%2C409\" width=\"529\" height=\"409\" srcset=\"https:\/\/i0.wp.com\/eltrabajo.cl\/portal\/wp-content\/uploads\/2014\/01\/Primavera1.jpg?w=529&amp;ssl=1 529w, https:\/\/i0.wp.com\/eltrabajo.cl\/portal\/wp-content\/uploads\/2014\/01\/Primavera1.jpg?resize=194%2C150&amp;ssl=1 194w, https:\/\/i0.wp.com\/eltrabajo.cl\/portal\/wp-content\/uploads\/2014\/01\/Primavera1.jpg?resize=300%2C231&amp;ssl=1 300w, https:\/\/i0.wp.com\/eltrabajo.cl\/portal\/wp-content\/uploads\/2014\/01\/Primavera1.jpg?resize=150%2C115&amp;ssl=1 150w, https:\/\/i0.wp.com\/eltrabajo.cl\/portal\/wp-content\/uploads\/2014\/01\/Primavera1.jpg?resize=400%2C309&amp;ssl=1 400w\" sizes=\"auto, (max-width: 529px) 100vw, 529px\" \/><\/a><figcaption id=\"caption-attachment-42427\" class=\"wp-caption-text\">TENEMOS REINA.- Pamela Gonz\u00e1lez fue coronada como Reina de la Primavera y Verano, ella particip\u00f3 alegremente en representaci\u00f3n del Grupo The Chain Chopper.<\/figcaption><\/figure>\n<p>El color y la alegr\u00eda de los participantes en el desfile de carros aleg\u00f3ricos, dieron vida a la Fiesta de la Primavera y Verano, que se realiz\u00f3 en horas de la tarde de este s\u00e1bado 25 de enero. Aunque la fiesta hab\u00eda sido postergada desde el mes de noviembre, finalmente se realiz\u00f3 este fin de semana y en ella participaron varios grupos organizados con sus carros aleg\u00f3ricos.<\/p>\n<figure id=\"attachment_42429\" aria-describedby=\"caption-attachment-42429\" style=\"width: 317px\" class=\"wp-caption alignright\"><a href=\"https:\/\/i0.wp.com\/www.eltrabajo.cl\/portal\/wp-content\/uploads\/2014\/01\/Pamela-Gonzalez.jpg\"><img data-recalc-dims=\"1\" loading=\"lazy\" decoding=\"async\" class=\" wp-image-42429 \" title=\"LA REINA.- Pamela Gonz\u00e1lez, motoquera que ostentar\u00e1 el t\u00edtulo de Reina de la Primavera hasta noviembre de este a\u00f1o.\" alt=\"LA REINA.- Pamela Gonz\u00e1lez, motoquera que ostentar\u00e1 el t\u00edtulo de Reina de la Primavera hasta noviembre de este a\u00f1o.\" src=\"https:\/\/i0.wp.com\/www.eltrabajo.cl\/portal\/wp-content\/uploads\/2014\/01\/Pamela-Gonzalez.jpg?resize=317%2C274\" width=\"317\" height=\"274\" srcset=\"https:\/\/i0.wp.com\/eltrabajo.cl\/portal\/wp-content\/uploads\/2014\/01\/Pamela-Gonzalez.jpg?w=529&amp;ssl=1 529w, https:\/\/i0.wp.com\/eltrabajo.cl\/portal\/wp-content\/uploads\/2014\/01\/Pamela-Gonzalez.jpg?resize=174%2C150&amp;ssl=1 174w, https:\/\/i0.wp.com\/eltrabajo.cl\/portal\/wp-content\/uploads\/2014\/01\/Pamela-Gonzalez.jpg?resize=300%2C258&amp;ssl=1 300w, https:\/\/i0.wp.com\/eltrabajo.cl\/portal\/wp-content\/uploads\/2014\/01\/Pamela-Gonzalez.jpg?resize=150%2C129&amp;ssl=1 150w, https:\/\/i0.wp.com\/eltrabajo.cl\/portal\/wp-content\/uploads\/2014\/01\/Pamela-Gonzalez.jpg?resize=400%2C344&amp;ssl=1 400w\" sizes=\"auto, (max-width: 317px) 100vw, 317px\" \/><\/a><figcaption id=\"caption-attachment-42429\" class=\"wp-caption-text\">LA REINA.- Pamela Gonz\u00e1lez, motoquera que ostentar\u00e1 el t\u00edtulo de Reina de la Primavera hasta noviembre de este a\u00f1o.<\/figcaption><\/figure>\n<figure id=\"attachment_42428\" aria-describedby=\"caption-attachment-42428\" style=\"width: 423px\" class=\"wp-caption alignleft\"><a href=\"https:\/\/i0.wp.com\/www.eltrabajo.cl\/portal\/wp-content\/uploads\/2014\/01\/Primavera2.jpg\"><img data-recalc-dims=\"1\" loading=\"lazy\" decoding=\"async\" class=\"wp-image-42428 \" title=\"LOCURA.- Los motoqueros del Chain Chopper quedaron como locos al escuchar el nombre de Pamela Gonz\u00e1lez como la nueva Reina de la Primavera.\" alt=\"LOCURA.- Los motoqueros del Chain Chopper quedaron como locos al escuchar el nombre de Pamela Gonz\u00e1lez como la nueva Reina de la Primavera.\" src=\"https:\/\/i0.wp.com\/www.eltrabajo.cl\/portal\/wp-content\/uploads\/2014\/01\/Primavera2.jpg?resize=423%2C284\" width=\"423\" height=\"284\" srcset=\"https:\/\/i0.wp.com\/eltrabajo.cl\/portal\/wp-content\/uploads\/2014\/01\/Primavera2.jpg?w=529&amp;ssl=1 529w, https:\/\/i0.wp.com\/eltrabajo.cl\/portal\/wp-content\/uploads\/2014\/01\/Primavera2.jpg?resize=200%2C134&amp;ssl=1 200w, https:\/\/i0.wp.com\/eltrabajo.cl\/portal\/wp-content\/uploads\/2014\/01\/Primavera2.jpg?resize=300%2C201&amp;ssl=1 300w, https:\/\/i0.wp.com\/eltrabajo.cl\/portal\/wp-content\/uploads\/2014\/01\/Primavera2.jpg?resize=150%2C100&amp;ssl=1 150w, https:\/\/i0.wp.com\/eltrabajo.cl\/portal\/wp-content\/uploads\/2014\/01\/Primavera2.jpg?resize=400%2C268&amp;ssl=1 400w\" sizes=\"auto, (max-width: 423px) 100vw, 423px\" \/><\/a><figcaption id=\"caption-attachment-42428\" class=\"wp-caption-text\">LOCURA.- Los motoqueros del Chain Chopper quedaron como locos al escuchar el nombre de Pamela Gonz\u00e1lez como la nueva Reina de la Primavera.<\/figcaption><\/figure>\n<p>El desfile comenz\u00f3 pasadas las 18:00 horas y el primer carro en pasar frente al jurado fue el del sector de La Quebrada, ambientado en Isla de Pascua. La Reina, acompa\u00f1ada del \u2018Rey Feo\u2019, bajaron del carro y el Jurado hizo una pregunta a la reina, lo que tambi\u00e9n ten\u00eda puntaje para el resultado final.<\/p>\n<figure id=\"attachment_42431\" aria-describedby=\"caption-attachment-42431\" style=\"width: 423px\" class=\"wp-caption alignright\"><a href=\"https:\/\/i0.wp.com\/www.eltrabajo.cl\/portal\/wp-content\/uploads\/2014\/01\/Primavera4.jpg\"><img data-recalc-dims=\"1\" loading=\"lazy\" decoding=\"async\" class=\"wp-image-42431 \" title=\"CURIM\u00d3N IMPRESIONANTE.- Ellas son un grupo de vecinas de Curim\u00f3n, quienes armaron el carro con el tema del trabajo agr\u00edcola y el campo chileno y finalmente pas\u00f3 frente al Jurado.\" alt=\"CURIM\u00d3N IMPRESIONANTE.- Ellas son un grupo de vecinas de Curim\u00f3n, quienes armaron el carro con el tema del trabajo agr\u00edcola y el campo chileno y finalmente pas\u00f3 frente al Jurado.\" src=\"https:\/\/i0.wp.com\/www.eltrabajo.cl\/portal\/wp-content\/uploads\/2014\/01\/Primavera4.jpg?resize=423%2C319\" width=\"423\" height=\"319\" srcset=\"https:\/\/i0.wp.com\/eltrabajo.cl\/portal\/wp-content\/uploads\/2014\/01\/Primavera4.jpg?w=529&amp;ssl=1 529w, https:\/\/i0.wp.com\/eltrabajo.cl\/portal\/wp-content\/uploads\/2014\/01\/Primavera4.jpg?resize=200%2C150&amp;ssl=1 200w, https:\/\/i0.wp.com\/eltrabajo.cl\/portal\/wp-content\/uploads\/2014\/01\/Primavera4.jpg?resize=300%2C226&amp;ssl=1 300w, https:\/\/i0.wp.com\/eltrabajo.cl\/portal\/wp-content\/uploads\/2014\/01\/Primavera4.jpg?resize=150%2C113&amp;ssl=1 150w, https:\/\/i0.wp.com\/eltrabajo.cl\/portal\/wp-content\/uploads\/2014\/01\/Primavera4.jpg?resize=400%2C301&amp;ssl=1 400w\" sizes=\"auto, (max-width: 423px) 100vw, 423px\" \/><\/a><figcaption id=\"caption-attachment-42431\" class=\"wp-caption-text\">CURIM\u00d3N IMPRESIONANTE.- Ellas son un grupo de vecinas de Curim\u00f3n, quienes armaron el carro con el tema del trabajo agr\u00edcola y el campo chileno y finalmente pas\u00f3 frente al Jurado.<\/figcaption><\/figure>\n<p>Luego el Comit\u00e9 Villa VIP present\u00f3 su carro ambientado en una casa, el objetivo principal de estos vecinos y que los ha motivado a realizar varias actividades para concretarlo. El tercer carro fue armado por los motoqueros. El Grupo The Chain Chopper tambi\u00e9n quiso estar participar presente en la fiesta, entregando como mensaje, que todos al momento de salir deben cuidarse y no consumir alcohol si manejan y en su paso por el centro de la comuna estos entusiastas motoqueros hicieron rugir los motores.<\/p>\n<figure id=\"attachment_42432\" aria-describedby=\"caption-attachment-42432\" style=\"width: 423px\" class=\"wp-caption alignleft\"><a href=\"https:\/\/i0.wp.com\/www.eltrabajo.cl\/portal\/wp-content\/uploads\/2014\/01\/Primavera3.jpg\"><img data-recalc-dims=\"1\" loading=\"lazy\" decoding=\"async\" class=\" wp-image-42432 \" title=\"LOS MUNICIPALES.- Aqu\u00ed vemos un carro de los funcionarios municipales, inspirados en los caballeros y damas antiguas de la comuna, paseando por la Plaza de Armas y la tradicional pileta.  \" alt=\"LOS MUNICIPALES.- Aqu\u00ed vemos un carro de los funcionarios municipales, inspirados en los caballeros y damas antiguas de la comuna, paseando por la Plaza de Armas y la tradicional pileta.  \" src=\"https:\/\/i0.wp.com\/www.eltrabajo.cl\/portal\/wp-content\/uploads\/2014\/01\/Primavera3.jpg?resize=423%2C230\" width=\"423\" height=\"230\" srcset=\"https:\/\/i0.wp.com\/eltrabajo.cl\/portal\/wp-content\/uploads\/2014\/01\/Primavera3.jpg?w=529&amp;ssl=1 529w, https:\/\/i0.wp.com\/eltrabajo.cl\/portal\/wp-content\/uploads\/2014\/01\/Primavera3.jpg?resize=200%2C108&amp;ssl=1 200w, https:\/\/i0.wp.com\/eltrabajo.cl\/portal\/wp-content\/uploads\/2014\/01\/Primavera3.jpg?resize=300%2C162&amp;ssl=1 300w, https:\/\/i0.wp.com\/eltrabajo.cl\/portal\/wp-content\/uploads\/2014\/01\/Primavera3.jpg?resize=150%2C81&amp;ssl=1 150w, https:\/\/i0.wp.com\/eltrabajo.cl\/portal\/wp-content\/uploads\/2014\/01\/Primavera3.jpg?resize=400%2C217&amp;ssl=1 400w\" sizes=\"auto, (max-width: 423px) 100vw, 423px\" \/><\/a><figcaption id=\"caption-attachment-42432\" class=\"wp-caption-text\">LOS MUNICIPALES.- Aqu\u00ed vemos un carro de los funcionarios municipales, inspirados en los caballeros y damas antiguas de la comuna, paseando por la Plaza de Armas y la tradicional pileta.<\/figcaption><\/figure>\n<p>Luego fue el turno de un grupo de vecinas de Curim\u00f3n, quienes armaron el carro con el tema del trabajo agr\u00edcola y el campo chileno y finalmente pas\u00f3 frente al Jurado, un carro de los funcionarios municipales, inspirados en los caballeros y damas antiguas de la comuna, paseando por la Plaza de Armas y la tradicional pileta.<\/p>\n<p><strong>PAMELA CORONADA<\/strong><\/p>\n<p>Mientras el Jurado deliberaba, los carros dieron vuelta a la plaza, resultando finalmente como ganadores el carro aleg\u00f3rico de los motoqueros y su candidata Pamela Gonz\u00e1lez fue coronada como Reina de la Primavera y Verano. La reina se mostr\u00f3 muy contenta del resultado y agradeci\u00f3 a todos los motoqueros que participaron entusiasmados en la actividad, realizando distintas actividades para lograr el puntaje que permiti\u00f3 que ella alcanzara el t\u00edtulo de reina.<\/p>\n<p>\u00abTrabajamos muy duro, nos esper\u00e1bamos este lugar, somos 36 en este grupo y desde que se dieron las bases estamos todos trabajando, ahora m\u00e1s que nunca queremos seguir participando y compartiendo con la comunidad\u00bb, dijo Pamela Gonz\u00e1lez, la nueva soberana.<\/p>\n<p>El Alcalde Patricio Freire destac\u00f3 el nivel de organizaci\u00f3n de los grupos que participaron y se\u00f1al\u00f3 que la nueva soberana participar\u00e1 en las actividades organizadas por la Municipalidad para este a\u00f1o 2014.<\/p>\n<p>\u00abEstamos felices de haber compartido esta premiaci\u00f3n, muy lindos los carros aleg\u00f3ricos y las reinas, todas muy bellas, ahora la reina nos va a acompa\u00f1ar en las actividades del municipio y as\u00ed fomentar esta participaci\u00f3n ciudadana, en estas fiestas que son una tradici\u00f3n en San Felipe\u00bb, dijo el jefe comunal.<\/p>\n<p>&nbsp;<\/p>\n","protected":false},"excerpt":{"rendered":"<p>El color y la alegr\u00eda de los participantes en el desfile de carros aleg\u00f3ricos, dieron vida a la Fiesta de la Primavera y Verano, que se realiz\u00f3 en horas de la tarde&#8230;<\/p>\n","protected":false},"author":482,"featured_media":42427,"comment_status":"open","ping_status":"closed","sticky":false,"template":"","format":"standard","meta":{"advanced_seo_description":"","jetpack_seo_html_title":"","jetpack_seo_noindex":false,"_jetpack_memberships_contains_paid_content":false,"footnotes":""},"categories":[15],"tags":[],"class_list":["post-42426","post","type-post","status-publish","format-standard","has-post-thumbnail","hentry","category-comunidad"],"jetpack_featured_media_url":"https:\/\/i0.wp.com\/eltrabajo.cl\/portal\/wp-content\/uploads\/2014\/01\/Primavera1.jpg?fit=529%2C409&ssl=1","jetpack_sharing_enabled":true,"jetpack_likes_enabled":true,"jetpack-related-posts":[],"_links":{"self":[{"href":"https:\/\/eltrabajo.cl\/portal\/wp-json\/wp\/v2\/posts\/42426","targetHints":{"allow":["GET"]}}],"collection":[{"href":"https:\/\/eltrabajo.cl\/portal\/wp-json\/wp\/v2\/posts"}],"about":[{"href":"https:\/\/eltrabajo.cl\/portal\/wp-json\/wp\/v2\/types\/post"}],"author":[{"embeddable":true,"href":"https:\/\/eltrabajo.cl\/portal\/wp-json\/wp\/v2\/users\/482"}],"replies":[{"embeddable":true,"href":"https:\/\/eltrabajo.cl\/portal\/wp-json\/wp\/v2\/comments?post=42426"}],"version-history":[{"count":0,"href":"https:\/\/eltrabajo.cl\/portal\/wp-json\/wp\/v2\/posts\/42426\/revisions"}],"wp:featuredmedia":[{"embeddable":true,"href":"https:\/\/eltrabajo.cl\/portal\/wp-json\/wp\/v2\/media\/42427"}],"wp:attachment":[{"href":"https:\/\/eltrabajo.cl\/portal\/wp-json\/wp\/v2\/media?parent=42426"}],"wp:term":[{"taxonomy":"category","embeddable":true,"href":"https:\/\/eltrabajo.cl\/portal\/wp-json\/wp\/v2\/categories?post=42426"},{"taxonomy":"post_tag","embeddable":true,"href":"https:\/\/eltrabajo.cl\/portal\/wp-json\/wp\/v2\/tags?post=42426"}],"curies":[{"name":"wp","href":"https:\/\/api.w.org\/{rel}","templated":true}]}}