{"id":42443,"date":"2014-01-28T10:46:32","date_gmt":"2014-01-28T13:46:32","guid":{"rendered":"http:\/\/www.eltrabajo.cl\/portal\/?p=42443"},"modified":"2014-01-28T10:46:32","modified_gmt":"2014-01-28T13:46:32","slug":"san-felipe-campeon-del-nacional-u-13-jugado-en-la-comuna","status":"publish","type":"post","link":"https:\/\/eltrabajo.cl\/portal\/san-felipe-campeon-del-nacional-u-13-jugado-en-la-comuna\/","title":{"rendered":"San Felipe Campe\u00f3n del Nacional U-13 jugado en la comuna"},"content":{"rendered":"<figure id=\"attachment_42444\" aria-describedby=\"caption-attachment-42444\" style=\"width: 529px\" class=\"wp-caption alignnone\"><a href=\"https:\/\/i0.wp.com\/www.eltrabajo.cl\/portal\/wp-content\/uploads\/2014\/01\/Campeones1.jpg\"><img data-recalc-dims=\"1\" loading=\"lazy\" decoding=\"async\" class=\"size-full wp-image-42444\" title=\"LOS CAMPEONES.- La Selecci\u00f3n de B\u00e1squetbol de San Felipe, en la categor\u00eda U-13, result\u00f3 ganador del Campeonato Nacional realizado durante la semana pasada en nuestra comuna.\" alt=\"LOS CAMPEONES.- La Selecci\u00f3n de B\u00e1squetbol de San Felipe, en la categor\u00eda U-13, result\u00f3 ganador del Campeonato Nacional realizado durante la semana pasada en nuestra comuna.\" src=\"https:\/\/i0.wp.com\/www.eltrabajo.cl\/portal\/wp-content\/uploads\/2014\/01\/Campeones1.jpg?resize=529%2C287\" width=\"529\" height=\"287\" srcset=\"https:\/\/i0.wp.com\/eltrabajo.cl\/portal\/wp-content\/uploads\/2014\/01\/Campeones1.jpg?w=529&amp;ssl=1 529w, https:\/\/i0.wp.com\/eltrabajo.cl\/portal\/wp-content\/uploads\/2014\/01\/Campeones1.jpg?resize=200%2C108&amp;ssl=1 200w, https:\/\/i0.wp.com\/eltrabajo.cl\/portal\/wp-content\/uploads\/2014\/01\/Campeones1.jpg?resize=300%2C162&amp;ssl=1 300w, https:\/\/i0.wp.com\/eltrabajo.cl\/portal\/wp-content\/uploads\/2014\/01\/Campeones1.jpg?resize=150%2C81&amp;ssl=1 150w, https:\/\/i0.wp.com\/eltrabajo.cl\/portal\/wp-content\/uploads\/2014\/01\/Campeones1.jpg?resize=400%2C217&amp;ssl=1 400w\" sizes=\"auto, (max-width: 529px) 100vw, 529px\" \/><\/a><figcaption id=\"caption-attachment-42444\" class=\"wp-caption-text\">LOS CAMPEONES.- La Selecci\u00f3n de B\u00e1squetbol de San Felipe, en la categor\u00eda U-13, result\u00f3 ganador del Campeonato Nacional realizado durante la semana pasada en nuestra comuna.<\/figcaption><\/figure>\n<p>La Selecci\u00f3n de B\u00e1squetbol de San Felipe, en la categor\u00eda U-13, result\u00f3 ganador del Campeonato Nacional realizado durante la semana pasada en nuestra comuna y que culmin\u00f3 el s\u00e1bado reci\u00e9n pasado. En la Final con Puerto Varas, ambos cuadros llegaban como favoritos a disputar la final que se desarroll\u00f3 este s\u00e1bado y que dej\u00f3 a San Felipe con el t\u00edtulo, despu\u00e9s de un encuentro, donde los locales se impusieron desde el principio.<\/p>\n<p>Los deportistas estaban felices con el logro deportivo, el que fue posible seg\u00fan el entrenador, Felipe Rodr\u00edguez, gracias al trabajo que realizan los ni\u00f1os desde peque\u00f1os.<\/p>\n<p>\u00abEsta selecci\u00f3n es del Aconcagua y me siento muy feliz de lograr el objetivo de salir campe\u00f3n, con gente que es de la casa, que se ha entregado mucho, en un entrenamiento invisible, nos estamos preparando desde octubre con una carga importante, en el verano no hemos tenido vacaciones y logramos la victoria de San Felipe y el Campeonato U-13 que no se hab\u00eda quedado en la zona\u00bb, dijo Rodr\u00edguez.<\/p>\n<p>El cuadro sanfelipe\u00f1o tuvo que pasar varias etapas, jugando en primera instancia con Puerto Montt, luego enfrent\u00f3 a Valdivia y Santiago. El triunfo fue destacado por el Jefe del Departamento de Deportes del Municipio, se\u00f1alando que \u00abla semana pasada nos quedamos con las ganas, San Felipe qued\u00f3 en el segundo lugar, pero ahora los chicos de la U-13 dirigido por un cuadro t\u00e9cnico de Felipe Rodr\u00edguez, nos dio la alegr\u00eda en el Liceo Roberto Humeres\u00bb, se\u00f1al\u00f3 Pe\u00f1a.<\/p>\n<p>El Alcalde Patricio Freire, entreg\u00f3 los premios a los ganadores, enfatizando el apoyo que mantendr\u00e1 la Municipalidad de San Felipe a todos los deportes durante su gesti\u00f3n, con la idea de potenciar y desarrollar deportistas de elite.<\/p>\n","protected":false},"excerpt":{"rendered":"<p>La Selecci\u00f3n de B\u00e1squetbol de San Felipe, en la categor\u00eda U-13, result\u00f3 ganador del Campeonato Nacional realizado durante la semana pasada en nuestra comuna y que culmin\u00f3 el s\u00e1bado reci\u00e9n pasado. En&#8230;<\/p>\n","protected":false},"author":482,"featured_media":42444,"comment_status":"open","ping_status":"closed","sticky":false,"template":"","format":"standard","meta":{"advanced_seo_description":"","jetpack_seo_html_title":"","jetpack_seo_noindex":false,"_jetpack_memberships_contains_paid_content":false,"footnotes":""},"categories":[15],"tags":[],"class_list":["post-42443","post","type-post","status-publish","format-standard","has-post-thumbnail","hentry","category-comunidad"],"jetpack_featured_media_url":"https:\/\/i0.wp.com\/eltrabajo.cl\/portal\/wp-content\/uploads\/2014\/01\/Campeones1.jpg?fit=529%2C287&ssl=1","jetpack_sharing_enabled":true,"jetpack_likes_enabled":true,"jetpack-related-posts":[],"_links":{"self":[{"href":"https:\/\/eltrabajo.cl\/portal\/wp-json\/wp\/v2\/posts\/42443","targetHints":{"allow":["GET"]}}],"collection":[{"href":"https:\/\/eltrabajo.cl\/portal\/wp-json\/wp\/v2\/posts"}],"about":[{"href":"https:\/\/eltrabajo.cl\/portal\/wp-json\/wp\/v2\/types\/post"}],"author":[{"embeddable":true,"href":"https:\/\/eltrabajo.cl\/portal\/wp-json\/wp\/v2\/users\/482"}],"replies":[{"embeddable":true,"href":"https:\/\/eltrabajo.cl\/portal\/wp-json\/wp\/v2\/comments?post=42443"}],"version-history":[{"count":0,"href":"https:\/\/eltrabajo.cl\/portal\/wp-json\/wp\/v2\/posts\/42443\/revisions"}],"wp:featuredmedia":[{"embeddable":true,"href":"https:\/\/eltrabajo.cl\/portal\/wp-json\/wp\/v2\/media\/42444"}],"wp:attachment":[{"href":"https:\/\/eltrabajo.cl\/portal\/wp-json\/wp\/v2\/media?parent=42443"}],"wp:term":[{"taxonomy":"category","embeddable":true,"href":"https:\/\/eltrabajo.cl\/portal\/wp-json\/wp\/v2\/categories?post=42443"},{"taxonomy":"post_tag","embeddable":true,"href":"https:\/\/eltrabajo.cl\/portal\/wp-json\/wp\/v2\/tags?post=42443"}],"curies":[{"name":"wp","href":"https:\/\/api.w.org\/{rel}","templated":true}]}}