{"id":42449,"date":"2014-01-28T10:49:06","date_gmt":"2014-01-28T13:49:06","guid":{"rendered":"http:\/\/www.eltrabajo.cl\/portal\/?p=42449"},"modified":"2014-01-28T10:49:06","modified_gmt":"2014-01-28T13:49:06","slug":"con-mesa-de-trabajo-analizan-plagas-que-afectan-a-la-fruta-en-aconcagua","status":"publish","type":"post","link":"https:\/\/eltrabajo.cl\/portal\/con-mesa-de-trabajo-analizan-plagas-que-afectan-a-la-fruta-en-aconcagua\/","title":{"rendered":"Con mesa de trabajo analizan plagas que afectan a la fruta en Aconcagua"},"content":{"rendered":"<figure id=\"attachment_42450\" aria-describedby=\"caption-attachment-42450\" style=\"width: 529px\" class=\"wp-caption alignnone\"><a href=\"https:\/\/i0.wp.com\/www.eltrabajo.cl\/portal\/wp-content\/uploads\/2014\/01\/sag_mesa_1.jpg\"><img data-recalc-dims=\"1\" loading=\"lazy\" decoding=\"async\" class=\"size-full wp-image-42450\" title=\"El SAG lidera  la Mesa Moscas de la Fruta\/Lobesia botrana del Valle de Aconcagua, que reciente sesion\u00f3 en la Escuela Agr\u00edcola Pascual Baburizza de Calle Larga.\" alt=\"El SAG lidera  la Mesa Moscas de la Fruta\/Lobesia botrana del Valle de Aconcagua, que reciente sesion\u00f3 en la Escuela Agr\u00edcola Pascual Baburizza de Calle Larga.\" src=\"https:\/\/i0.wp.com\/www.eltrabajo.cl\/portal\/wp-content\/uploads\/2014\/01\/sag_mesa_1.jpg?resize=529%2C241\" width=\"529\" height=\"241\" srcset=\"https:\/\/i0.wp.com\/eltrabajo.cl\/portal\/wp-content\/uploads\/2014\/01\/sag_mesa_1.jpg?w=529&amp;ssl=1 529w, https:\/\/i0.wp.com\/eltrabajo.cl\/portal\/wp-content\/uploads\/2014\/01\/sag_mesa_1.jpg?resize=200%2C91&amp;ssl=1 200w, https:\/\/i0.wp.com\/eltrabajo.cl\/portal\/wp-content\/uploads\/2014\/01\/sag_mesa_1.jpg?resize=300%2C136&amp;ssl=1 300w, https:\/\/i0.wp.com\/eltrabajo.cl\/portal\/wp-content\/uploads\/2014\/01\/sag_mesa_1.jpg?resize=150%2C68&amp;ssl=1 150w, https:\/\/i0.wp.com\/eltrabajo.cl\/portal\/wp-content\/uploads\/2014\/01\/sag_mesa_1.jpg?resize=400%2C182&amp;ssl=1 400w\" sizes=\"auto, (max-width: 529px) 100vw, 529px\" \/><\/a><figcaption id=\"caption-attachment-42450\" class=\"wp-caption-text\">El SAG lidera la Mesa Moscas de la Fruta\/Lobesia botrana del Valle de Aconcagua, que reciente sesion\u00f3 en la Escuela Agr\u00edcola Pascual Baburizza de Calle Larga.<\/figcaption><\/figure>\n<p><strong>ACONCAGUA<\/strong>.- Con el objetivo de crear una instancia de participaci\u00f3n con el sector productivo, el SAG lidera la Mesa Moscas de la Fruta\/Lobesia botrana del Valle de Aconcagua, que reciente sesion\u00f3 en la Escuela Agr\u00edcola Pascual Baburizza de Calle Larga. Esta mesa de trabajo es aut\u00f3noma e independiente, mientras que sus atribuciones son consultivas, siendo su principal funci\u00f3n la toma decisiones en pro del sector agr\u00edcola y el seguimiento de las pol\u00edticas p\u00fablicas impulsadas por el Servicio Agr\u00edcola y Ganadero.<\/p>\n<figure id=\"attachment_42451\" aria-describedby=\"caption-attachment-42451\" style=\"width: 423px\" class=\"wp-caption alignright\"><a href=\"https:\/\/i0.wp.com\/www.eltrabajo.cl\/portal\/wp-content\/uploads\/2014\/01\/lobesia2.jpg\"><img data-recalc-dims=\"1\" loading=\"lazy\" decoding=\"async\" class=\" wp-image-42451 \" title=\"Agricultores de San Felipe y Los Andes conocen de primera fuente los sistemas de detecci\u00f3n de ambas plagas y de la erradicaci\u00f3n en el caso de la Lobesia botrana o Polilla de la Vid.\" alt=\"Agricultores de San Felipe y Los Andes conocen de primera fuente los sistemas de detecci\u00f3n de ambas plagas y de la erradicaci\u00f3n en el caso de la Lobesia botrana o Polilla de la Vid.\" src=\"https:\/\/i0.wp.com\/www.eltrabajo.cl\/portal\/wp-content\/uploads\/2014\/01\/lobesia2.jpg?resize=423%2C283\" width=\"423\" height=\"283\" srcset=\"https:\/\/i0.wp.com\/eltrabajo.cl\/portal\/wp-content\/uploads\/2014\/01\/lobesia2.jpg?w=529&amp;ssl=1 529w, https:\/\/i0.wp.com\/eltrabajo.cl\/portal\/wp-content\/uploads\/2014\/01\/lobesia2.jpg?resize=200%2C133&amp;ssl=1 200w, https:\/\/i0.wp.com\/eltrabajo.cl\/portal\/wp-content\/uploads\/2014\/01\/lobesia2.jpg?resize=300%2C200&amp;ssl=1 300w, https:\/\/i0.wp.com\/eltrabajo.cl\/portal\/wp-content\/uploads\/2014\/01\/lobesia2.jpg?resize=150%2C100&amp;ssl=1 150w, https:\/\/i0.wp.com\/eltrabajo.cl\/portal\/wp-content\/uploads\/2014\/01\/lobesia2.jpg?resize=400%2C267&amp;ssl=1 400w\" sizes=\"auto, (max-width: 423px) 100vw, 423px\" \/><\/a><figcaption id=\"caption-attachment-42451\" class=\"wp-caption-text\">Agricultores de San Felipe y Los Andes conocen de primera fuente los sistemas de detecci\u00f3n de ambas plagas y de la erradicaci\u00f3n en el caso de la Lobesia botrana o Polilla de la Vid.<\/figcaption><\/figure>\n<p>El Director Regional del SAG Valpara\u00edso, Pablo Vergara Cubillos, explic\u00f3 que su funci\u00f3n es \u00abmantener una adecuada vinculaci\u00f3n p\u00fablico-privada y mejorar la informaci\u00f3n de los productores\/as regionales relacionados con ambas plagas. Para ello, el SAG Valpara\u00edso convoc\u00f3 a representantes agr\u00edcolas de las provincias de San Felipe y Los Andes. Estamos trabajando varios puntos, que paulatinamente se implementar\u00e1n en su beneficio directo\u00bb.<\/p>\n<p>Una de estas medidas es la creaci\u00f3n de un equipo regional de reacci\u00f3n inmediata ante la aparici\u00f3n de brotes de moscas de la fruta, cuya funci\u00f3n ser\u00e1 adoptar acciones de control dentro de las 24 horas de iniciada la plaga, con lo cual se gana en tiempo de reacci\u00f3n. En la mesa participan representantes de las asociaciones de agricultores de las provincias de San Felipe y Los Andes, quienes conocen de primera fuente los sistemas de detecci\u00f3n de ambas plagas y de la erradicaci\u00f3n en el caso de la Lobesia botrana o Polilla de la Vid.<\/p>\n<p>Al respecto, el presidente de la Asociaci\u00f3n de Agricultores de Los Andes, Rodrigo Echeverr\u00eda, valor\u00f3 su creaci\u00f3n, destacando su importancia en el desarrollo de las actividades productivas del valle.<\/p>\n<p>\u00abEl hecho de contar con esta retroalimentaci\u00f3n del SAG, nos permite estar informado y poder coordinar de manera directa nuestras inquietudes y planteamientos. Felicito al SAG y a su Director Regional por este trabajo coordinado y ordenado\u00bb.<\/p>\n<p>Esta mesa nace de un lineamiento del Gobierno de Chile, que considera como eje estrat\u00e9gico la Participaci\u00f3n Ciudadana, y particularmente el fortalecimiento de las organizaciones de la sociedad civil. Con ello, se apunta a mejorar la eficiencia y efectividad de las pol\u00edticas p\u00fablicas, adem\u00e1s de fortalecer los canales de informaci\u00f3n y la opini\u00f3n de la ciudadan\u00eda.<\/p>\n<p>&nbsp;<\/p>\n","protected":false},"excerpt":{"rendered":"<p>ACONCAGUA.- Con el objetivo de crear una instancia de participaci\u00f3n con el sector productivo, el SAG lidera la Mesa Moscas de la Fruta\/Lobesia botrana del Valle de Aconcagua, que reciente sesion\u00f3 en&#8230;<\/p>\n","protected":false},"author":482,"featured_media":42450,"comment_status":"open","ping_status":"closed","sticky":false,"template":"","format":"standard","meta":{"advanced_seo_description":"","jetpack_seo_html_title":"","jetpack_seo_noindex":false,"_jetpack_memberships_contains_paid_content":false,"footnotes":""},"categories":[1],"tags":[],"class_list":["post-42449","post","type-post","status-publish","format-standard","has-post-thumbnail","hentry","category-cronica"],"jetpack_featured_media_url":"https:\/\/i0.wp.com\/eltrabajo.cl\/portal\/wp-content\/uploads\/2014\/01\/sag_mesa_1.jpg?fit=529%2C241&ssl=1","jetpack_sharing_enabled":true,"jetpack_likes_enabled":true,"jetpack-related-posts":[],"_links":{"self":[{"href":"https:\/\/eltrabajo.cl\/portal\/wp-json\/wp\/v2\/posts\/42449","targetHints":{"allow":["GET"]}}],"collection":[{"href":"https:\/\/eltrabajo.cl\/portal\/wp-json\/wp\/v2\/posts"}],"about":[{"href":"https:\/\/eltrabajo.cl\/portal\/wp-json\/wp\/v2\/types\/post"}],"author":[{"embeddable":true,"href":"https:\/\/eltrabajo.cl\/portal\/wp-json\/wp\/v2\/users\/482"}],"replies":[{"embeddable":true,"href":"https:\/\/eltrabajo.cl\/portal\/wp-json\/wp\/v2\/comments?post=42449"}],"version-history":[{"count":0,"href":"https:\/\/eltrabajo.cl\/portal\/wp-json\/wp\/v2\/posts\/42449\/revisions"}],"wp:featuredmedia":[{"embeddable":true,"href":"https:\/\/eltrabajo.cl\/portal\/wp-json\/wp\/v2\/media\/42450"}],"wp:attachment":[{"href":"https:\/\/eltrabajo.cl\/portal\/wp-json\/wp\/v2\/media?parent=42449"}],"wp:term":[{"taxonomy":"category","embeddable":true,"href":"https:\/\/eltrabajo.cl\/portal\/wp-json\/wp\/v2\/categories?post=42449"},{"taxonomy":"post_tag","embeddable":true,"href":"https:\/\/eltrabajo.cl\/portal\/wp-json\/wp\/v2\/tags?post=42449"}],"curies":[{"name":"wp","href":"https:\/\/api.w.org\/{rel}","templated":true}]}}