{"id":42454,"date":"2014-01-28T10:50:02","date_gmt":"2014-01-28T13:50:02","guid":{"rendered":"http:\/\/www.eltrabajo.cl\/portal\/?p=42454"},"modified":"2014-01-28T10:50:02","modified_gmt":"2014-01-28T13:50:02","slug":"comenzaron-las-inscripciones-para-las-becas-laborales-sence","status":"publish","type":"post","link":"https:\/\/eltrabajo.cl\/portal\/comenzaron-las-inscripciones-para-las-becas-laborales-sence\/","title":{"rendered":"Comenzaron las inscripciones para las becas laborales Sence"},"content":{"rendered":"<figure id=\"attachment_42455\" aria-describedby=\"caption-attachment-42455\" style=\"width: 370px\" class=\"wp-caption alignleft\"><a href=\"https:\/\/i0.wp.com\/www.eltrabajo.cl\/portal\/wp-content\/uploads\/2014\/01\/gob-becassence.jpg\"><img data-recalc-dims=\"1\" loading=\"lazy\" decoding=\"async\" class=\" wp-image-42455 \" title=\"La idea es que las personas tengan mejores herramientas para conseguir trabajos estables y mejor remunerados.\" alt=\"La idea es que las personas tengan mejores herramientas para conseguir trabajos estables y mejor remunerados.\" src=\"https:\/\/i0.wp.com\/www.eltrabajo.cl\/portal\/wp-content\/uploads\/2014\/01\/gob-becassence.jpg?resize=370%2C247\" width=\"370\" height=\"247\" srcset=\"https:\/\/i0.wp.com\/eltrabajo.cl\/portal\/wp-content\/uploads\/2014\/01\/gob-becassence.jpg?w=529&amp;ssl=1 529w, https:\/\/i0.wp.com\/eltrabajo.cl\/portal\/wp-content\/uploads\/2014\/01\/gob-becassence.jpg?resize=200%2C133&amp;ssl=1 200w, https:\/\/i0.wp.com\/eltrabajo.cl\/portal\/wp-content\/uploads\/2014\/01\/gob-becassence.jpg?resize=300%2C200&amp;ssl=1 300w, https:\/\/i0.wp.com\/eltrabajo.cl\/portal\/wp-content\/uploads\/2014\/01\/gob-becassence.jpg?resize=150%2C100&amp;ssl=1 150w, https:\/\/i0.wp.com\/eltrabajo.cl\/portal\/wp-content\/uploads\/2014\/01\/gob-becassence.jpg?resize=400%2C266&amp;ssl=1 400w\" sizes=\"auto, (max-width: 370px) 100vw, 370px\" \/><\/a><figcaption id=\"caption-attachment-42455\" class=\"wp-caption-text\">La idea es que las personas tengan mejores herramientas para conseguir trabajos estables y mejor remunerados.<\/figcaption><\/figure>\n<p><strong>LOS ANDES.<\/strong>&#8211; En pleno proceso de inscripci\u00f3n, se encuentra el Programa de Becas Laborales que entrega el Semce para personas vulnerables y que corresponden a oficios relacionados con el \u00e1rea productiva de la provincia. La Gobernadora Edith Quiroz se\u00f1al\u00f3 que estas becas est\u00e1n dirigidas a personas que se encuentran cesantes, que buscan trabajo por primera vez, de sectores vulnerables y personas que han estado privadas de libertad, siendo el gran objetivo el poder dotarlas de herramientas para que puedan conseguir empleos estables y mejor remunerados.<\/p>\n<p>Indic\u00f3 que los interesados se pueden dirigir a las OMIL de los municipios, a la gobernaci\u00f3n o bien a fundaciones privadas como Prodemu a fin de poder ir armando los grupos para definir los cursos que se dictar\u00e1n. La autoridad precis\u00f3 que no cuentan con una cantidad de cupos determinados, \u00abpues vamos a ir conformado los cursos sobre la base del n\u00famero de inscritos y por eso es muy importante que en nuestra provincia de Los Andes se formen grupos atingentes a los polos de desarrollo para poder tener la conexi\u00f3n con las pr\u00e1cticas y los futuros trabajos\u00bb.<\/p>\n<p>Por su parte, la Coordinadora Provincial del Sence, Sabrina Ambler, record\u00f3 que estas becas laborales corresponden a las antiguas becas de franquicias tributarias y se llevan adelante con los remantes que dejan las empresas para capacitaci\u00f3n. Explic\u00f3 que cada curso que se imparte no puede tener menos de 8 personas ni m\u00e1s de 25, \u00aby estamos hablando de m\u00e1s de 200 cursos de capacitaci\u00f3n en diferentes oficios y por eso la cantidad de beneficiados es relativa\u00bb.<\/p>\n<p>Ambler detall\u00f3 los cursos est\u00e1n focalizados principalmente en \u00e1reas relacionadas con miner\u00eda, turismo, servicios, agricultora, \u00abpero que sean pertinentes a nuestra realidad en la provincia\u00bb.<\/p>\n<p>Se\u00f1al\u00f3 que entre los requisitos para postular est\u00e1 el tener entre 18 y 65 a\u00f1os, que pertenezcan al 60% m\u00e1s vulnerable de la poblaci\u00f3n y que posean ficha de protecci\u00f3n social con un m\u00e1ximo de hasta 11.600 puntos. La presentaci\u00f3n de estos cursos, deben hacerse hasta el d\u00eda 16 de febrero por intermedio de las organizaciones sin fines de lucro y luego de ellos se informar\u00e1 cu\u00e1les resultaron favorecidas para dictarlos.<\/p>\n<p>&nbsp;<\/p>\n","protected":false},"excerpt":{"rendered":"<p>LOS ANDES.&#8211; En pleno proceso de inscripci\u00f3n, se encuentra el Programa de Becas Laborales que entrega el Semce para personas vulnerables y que corresponden a oficios relacionados con el \u00e1rea productiva de&#8230;<\/p>\n","protected":false},"author":482,"featured_media":42455,"comment_status":"open","ping_status":"closed","sticky":false,"template":"","format":"standard","meta":{"advanced_seo_description":"","jetpack_seo_html_title":"","jetpack_seo_noindex":false,"_jetpack_memberships_contains_paid_content":false,"footnotes":""},"categories":[1],"tags":[],"class_list":["post-42454","post","type-post","status-publish","format-standard","has-post-thumbnail","hentry","category-cronica"],"jetpack_featured_media_url":"https:\/\/i0.wp.com\/eltrabajo.cl\/portal\/wp-content\/uploads\/2014\/01\/gob-becassence.jpg?fit=529%2C353&ssl=1","jetpack_sharing_enabled":true,"jetpack_likes_enabled":true,"jetpack-related-posts":[],"_links":{"self":[{"href":"https:\/\/eltrabajo.cl\/portal\/wp-json\/wp\/v2\/posts\/42454","targetHints":{"allow":["GET"]}}],"collection":[{"href":"https:\/\/eltrabajo.cl\/portal\/wp-json\/wp\/v2\/posts"}],"about":[{"href":"https:\/\/eltrabajo.cl\/portal\/wp-json\/wp\/v2\/types\/post"}],"author":[{"embeddable":true,"href":"https:\/\/eltrabajo.cl\/portal\/wp-json\/wp\/v2\/users\/482"}],"replies":[{"embeddable":true,"href":"https:\/\/eltrabajo.cl\/portal\/wp-json\/wp\/v2\/comments?post=42454"}],"version-history":[{"count":0,"href":"https:\/\/eltrabajo.cl\/portal\/wp-json\/wp\/v2\/posts\/42454\/revisions"}],"wp:featuredmedia":[{"embeddable":true,"href":"https:\/\/eltrabajo.cl\/portal\/wp-json\/wp\/v2\/media\/42455"}],"wp:attachment":[{"href":"https:\/\/eltrabajo.cl\/portal\/wp-json\/wp\/v2\/media?parent=42454"}],"wp:term":[{"taxonomy":"category","embeddable":true,"href":"https:\/\/eltrabajo.cl\/portal\/wp-json\/wp\/v2\/categories?post=42454"},{"taxonomy":"post_tag","embeddable":true,"href":"https:\/\/eltrabajo.cl\/portal\/wp-json\/wp\/v2\/tags?post=42454"}],"curies":[{"name":"wp","href":"https:\/\/api.w.org\/{rel}","templated":true}]}}