{"id":42457,"date":"2014-01-28T10:50:57","date_gmt":"2014-01-28T13:50:57","guid":{"rendered":"http:\/\/www.eltrabajo.cl\/portal\/?p=42457"},"modified":"2014-01-28T10:50:57","modified_gmt":"2014-01-28T13:50:57","slug":"escuela-espana-implementara-jornada-escolar-completa-en-todos-sus-cursos","status":"publish","type":"post","link":"https:\/\/eltrabajo.cl\/portal\/escuela-espana-implementara-jornada-escolar-completa-en-todos-sus-cursos\/","title":{"rendered":"Escuela Espa\u00f1a implementar\u00e1 Jornada Escolar Completa en todos sus cursos"},"content":{"rendered":"<figure id=\"attachment_42458\" aria-describedby=\"caption-attachment-42458\" style=\"width: 529px\" class=\"wp-caption alignnone\"><a href=\"https:\/\/i0.wp.com\/www.eltrabajo.cl\/portal\/wp-content\/uploads\/2014\/01\/ESCUELA-ESPA%C3%91A.jpg\"><img data-recalc-dims=\"1\" loading=\"lazy\" decoding=\"async\" class=\"size-full wp-image-42458\" title=\"El Alcalde Mauricio Navarro junto a un grupo de alumnas de la Escuela Espa\u00f1a, la cual a contar de este a\u00f1o tendr\u00e1 jornada escolar completa.\" alt=\"El Alcalde Mauricio Navarro junto a un grupo de alumnas de la Escuela Espa\u00f1a, la cual a contar de este a\u00f1o tendr\u00e1 jornada escolar completa.\" src=\"https:\/\/i0.wp.com\/www.eltrabajo.cl\/portal\/wp-content\/uploads\/2014\/01\/ESCUELA-ESPA%C3%91A.jpg?resize=529%2C279\" width=\"529\" height=\"279\" srcset=\"https:\/\/i0.wp.com\/eltrabajo.cl\/portal\/wp-content\/uploads\/2014\/01\/ESCUELA-ESPA%C3%91A.jpg?w=529&amp;ssl=1 529w, https:\/\/i0.wp.com\/eltrabajo.cl\/portal\/wp-content\/uploads\/2014\/01\/ESCUELA-ESPA%C3%91A.jpg?resize=200%2C105&amp;ssl=1 200w, https:\/\/i0.wp.com\/eltrabajo.cl\/portal\/wp-content\/uploads\/2014\/01\/ESCUELA-ESPA%C3%91A.jpg?resize=300%2C158&amp;ssl=1 300w, https:\/\/i0.wp.com\/eltrabajo.cl\/portal\/wp-content\/uploads\/2014\/01\/ESCUELA-ESPA%C3%91A.jpg?resize=150%2C79&amp;ssl=1 150w, https:\/\/i0.wp.com\/eltrabajo.cl\/portal\/wp-content\/uploads\/2014\/01\/ESCUELA-ESPA%C3%91A.jpg?resize=400%2C210&amp;ssl=1 400w\" sizes=\"auto, (max-width: 529px) 100vw, 529px\" \/><\/a><figcaption id=\"caption-attachment-42458\" class=\"wp-caption-text\">El Alcalde Mauricio Navarro junto a un grupo de alumnas de la Escuela Espa\u00f1a, la cual a contar de este a\u00f1o tendr\u00e1 jornada escolar completa.<\/figcaption><\/figure>\n<p><strong>LOS ANDES.<\/strong>&#8211; La Escuela Espa\u00f1a de Los Andes implementar\u00e1, a partir del pr\u00f3ximo periodo escolar que se inicia en marzo, la modalidad de Jornada Escolar Completa desde las 8:00 hasta las 16:00 horas, para todos sus niveles de prekinder a octavo a\u00f1o b\u00e1sico. As\u00ed lo dio a conocer Mar\u00eda Soledad Reinoso, Directora de la Direcci\u00f3n de Educaci\u00f3n Municipal (Daem), quien sostuvo que las matr\u00edculas se abrir\u00e1n el pr\u00f3ximo 10 de febrero entre 8:00 y 14:00 horas.<\/p>\n<p>\u00abA contar del lunes 24 de febrero, en tanto, este horario se extender\u00e1, para lo cual tenemos vacantes disponibles, al igual que la jornada completa de los cursos preb\u00e1sicos de la Escuela Jos\u00e9 Miguel Carrera, la medida que hemos tomado con la Escuela Espa\u00f1a genera tranquilidad en los padres que trabajan\u00bb, sostuvo la directora, entendiendo que el cuidado de los ni\u00f1os durante el horario laboral es una preocupaci\u00f3n permanente, que se ve minimizada estando los mismos en el colegio.<\/p>\n<p>\u00abAdem\u00e1s, en el caso del prekinder y kinder, el horario de salida en la tarde, eventualmente, se podr\u00eda extender hasta las 17:00 horas como una forma de apoyar a\u00fan m\u00e1s a las familias\u00bb, puntualiz\u00f3 Reinoso.<\/p>\n<p>Por otra parte, se destac\u00f3 que a diferencia del establecimiento de Calle Galicia, en el emblem\u00e1tico colegio de Av. Independencia con Esmeralda la determinaci\u00f3n considera tambi\u00e9n a los cursos de ense\u00f1anza b\u00e1sica, ampliando el beneficio a una cantidad significativa de alumnos. Finalmente se indic\u00f3 que los ni\u00f1os de prekinder y kinder cuentan con espacios diferenciados, asimismo, durante su permanencia en el establecimiento todos los escolares recibir\u00e1n almuerzo.<\/p>\n<p>&nbsp;<\/p>\n","protected":false},"excerpt":{"rendered":"<p>LOS ANDES.&#8211; La Escuela Espa\u00f1a de Los Andes implementar\u00e1, a partir del pr\u00f3ximo periodo escolar que se inicia en marzo, la modalidad de Jornada Escolar Completa desde las 8:00 hasta las 16:00&#8230;<\/p>\n","protected":false},"author":482,"featured_media":42458,"comment_status":"open","ping_status":"closed","sticky":false,"template":"","format":"standard","meta":{"advanced_seo_description":"","jetpack_seo_html_title":"","jetpack_seo_noindex":false,"_jetpack_memberships_contains_paid_content":false,"footnotes":""},"categories":[1],"tags":[],"class_list":["post-42457","post","type-post","status-publish","format-standard","has-post-thumbnail","hentry","category-cronica"],"jetpack_featured_media_url":"https:\/\/i0.wp.com\/eltrabajo.cl\/portal\/wp-content\/uploads\/2014\/01\/ESCUELA-ESPA%C3%91A.jpg?fit=529%2C279&ssl=1","jetpack_sharing_enabled":true,"jetpack_likes_enabled":true,"jetpack-related-posts":[],"_links":{"self":[{"href":"https:\/\/eltrabajo.cl\/portal\/wp-json\/wp\/v2\/posts\/42457","targetHints":{"allow":["GET"]}}],"collection":[{"href":"https:\/\/eltrabajo.cl\/portal\/wp-json\/wp\/v2\/posts"}],"about":[{"href":"https:\/\/eltrabajo.cl\/portal\/wp-json\/wp\/v2\/types\/post"}],"author":[{"embeddable":true,"href":"https:\/\/eltrabajo.cl\/portal\/wp-json\/wp\/v2\/users\/482"}],"replies":[{"embeddable":true,"href":"https:\/\/eltrabajo.cl\/portal\/wp-json\/wp\/v2\/comments?post=42457"}],"version-history":[{"count":0,"href":"https:\/\/eltrabajo.cl\/portal\/wp-json\/wp\/v2\/posts\/42457\/revisions"}],"wp:featuredmedia":[{"embeddable":true,"href":"https:\/\/eltrabajo.cl\/portal\/wp-json\/wp\/v2\/media\/42458"}],"wp:attachment":[{"href":"https:\/\/eltrabajo.cl\/portal\/wp-json\/wp\/v2\/media?parent=42457"}],"wp:term":[{"taxonomy":"category","embeddable":true,"href":"https:\/\/eltrabajo.cl\/portal\/wp-json\/wp\/v2\/categories?post=42457"},{"taxonomy":"post_tag","embeddable":true,"href":"https:\/\/eltrabajo.cl\/portal\/wp-json\/wp\/v2\/tags?post=42457"}],"curies":[{"name":"wp","href":"https:\/\/api.w.org\/{rel}","templated":true}]}}