{"id":42460,"date":"2014-01-28T11:03:14","date_gmt":"2014-01-28T14:03:14","guid":{"rendered":"http:\/\/www.eltrabajo.cl\/portal\/?p=42460"},"modified":"2014-01-28T11:04:05","modified_gmt":"2014-01-28T14:04:05","slug":"carnes-kar-arranca-con-campana-en-pro-de-escuelitas-vulnerables","status":"publish","type":"post","link":"https:\/\/eltrabajo.cl\/portal\/carnes-kar-arranca-con-campana-en-pro-de-escuelitas-vulnerables\/","title":{"rendered":"Carnes KAR arranca con campa\u00f1a en pro de escuelitas vulnerables"},"content":{"rendered":"<figure id=\"attachment_42461\" aria-describedby=\"caption-attachment-42461\" style=\"width: 529px\" class=\"wp-caption alignnone\"><a href=\"https:\/\/i0.wp.com\/www.eltrabajo.cl\/portal\/wp-content\/uploads\/2014\/01\/Cuadernos1.jpg\"><img data-recalc-dims=\"1\" loading=\"lazy\" decoding=\"async\" class=\"size-full wp-image-42461\" title=\"A DONAR.- Las c\u00e1maras de Diario El Trabajo captan el momento en que  Mar\u00eda Antonieta Cabrera entrega varios \u00fatiles escolares a personal de Carnes KAR.\" alt=\"A DONAR.- Las c\u00e1maras de Diario El Trabajo captan el momento en que  Mar\u00eda Antonieta Cabrera entrega varios \u00fatiles escolares a personal de Carnes KAR.\" src=\"https:\/\/i0.wp.com\/www.eltrabajo.cl\/portal\/wp-content\/uploads\/2014\/01\/Cuadernos1.jpg?resize=529%2C280\" width=\"529\" height=\"280\" srcset=\"https:\/\/i0.wp.com\/eltrabajo.cl\/portal\/wp-content\/uploads\/2014\/01\/Cuadernos1.jpg?w=529&amp;ssl=1 529w, https:\/\/i0.wp.com\/eltrabajo.cl\/portal\/wp-content\/uploads\/2014\/01\/Cuadernos1.jpg?resize=200%2C105&amp;ssl=1 200w, https:\/\/i0.wp.com\/eltrabajo.cl\/portal\/wp-content\/uploads\/2014\/01\/Cuadernos1.jpg?resize=300%2C158&amp;ssl=1 300w, https:\/\/i0.wp.com\/eltrabajo.cl\/portal\/wp-content\/uploads\/2014\/01\/Cuadernos1.jpg?resize=150%2C79&amp;ssl=1 150w, https:\/\/i0.wp.com\/eltrabajo.cl\/portal\/wp-content\/uploads\/2014\/01\/Cuadernos1.jpg?resize=400%2C211&amp;ssl=1 400w\" sizes=\"auto, (max-width: 529px) 100vw, 529px\" \/><\/a><figcaption id=\"caption-attachment-42461\" class=\"wp-caption-text\">A DONAR.- Las c\u00e1maras de Diario El Trabajo captan el momento en que Mar\u00eda Antonieta Cabrera entrega varios \u00fatiles escolares a personal de Carnes KAR.<\/figcaption><\/figure>\n<p>Con miras a brindar apoyo efectivo a las familias m\u00e1s vulnerables de nuestra provincia, familias que tienen a ni\u00f1os chicos de una edad escolar, unos 22 empleados de Carnes KAR de San Felipe, arrancaron este lunes con la campa\u00f1a de recolecta de \u00fatiles escolares \u2018Para una mejor educaci\u00f3n, a los ni\u00f1os de coraz\u00f3n\u2019, iniciativa de solidaridad social que ya empez\u00f3 a tener respuestas por parte de los sanfelipe\u00f1os.<\/p>\n<figure id=\"attachment_42462\" aria-describedby=\"caption-attachment-42462\" style=\"width: 423px\" class=\"wp-caption alignright\"><a href=\"https:\/\/i0.wp.com\/www.eltrabajo.cl\/portal\/wp-content\/uploads\/2014\/01\/Cuadernos2.jpg\"><img data-recalc-dims=\"1\" loading=\"lazy\" decoding=\"async\" class=\" wp-image-42462 \" title=\"PARTICIPEMOS.- Los interesados en aportar para esta campa\u00f1a, pueden acercarse a Carnes KAR en Prat 952, o llamar al fono 234 3511.\" alt=\"PARTICIPEMOS.- Los interesados en aportar para esta campa\u00f1a, pueden acercarse a Carnes KAR en Prat 952, o llamar al fono 234 3511.\" src=\"https:\/\/i0.wp.com\/www.eltrabajo.cl\/portal\/wp-content\/uploads\/2014\/01\/Cuadernos2.jpg?resize=423%2C314\" width=\"423\" height=\"314\" srcset=\"https:\/\/i0.wp.com\/eltrabajo.cl\/portal\/wp-content\/uploads\/2014\/01\/Cuadernos2.jpg?w=529&amp;ssl=1 529w, https:\/\/i0.wp.com\/eltrabajo.cl\/portal\/wp-content\/uploads\/2014\/01\/Cuadernos2.jpg?resize=200%2C148&amp;ssl=1 200w, https:\/\/i0.wp.com\/eltrabajo.cl\/portal\/wp-content\/uploads\/2014\/01\/Cuadernos2.jpg?resize=300%2C222&amp;ssl=1 300w, https:\/\/i0.wp.com\/eltrabajo.cl\/portal\/wp-content\/uploads\/2014\/01\/Cuadernos2.jpg?resize=150%2C111&amp;ssl=1 150w, https:\/\/i0.wp.com\/eltrabajo.cl\/portal\/wp-content\/uploads\/2014\/01\/Cuadernos2.jpg?resize=400%2C296&amp;ssl=1 400w\" sizes=\"auto, (max-width: 423px) 100vw, 423px\" \/><\/a><figcaption id=\"caption-attachment-42462\" class=\"wp-caption-text\">PARTICIPEMOS.- Los interesados en aportar para esta campa\u00f1a, pueden acercarse a Carnes KAR en Prat 952, o llamar al fono 234 3511.<\/figcaption><\/figure>\n<p>\u00abEsta idea se le ocurri\u00f3 a Don Juan Gonz\u00e1lez, el resto de compa\u00f1eros de trabajo decidimos unirnos al proyecto en virtud de la transparencia con la que ya hemos tenido en la campa\u00f1a del a\u00f1o pasado a favor de los damnificados del gran incendio de Valpara\u00edso\u00bb, coment\u00f3 a Diario El Trabajo Yeimi Aguilera, funcionaria de Carnes KAR.<\/p>\n<p>Luego que ellos iniciaran con la colecta de material did\u00e1ctico para donar a las escuelas vulnerables de la provincia, los clientes de Carnes KAR empezaron a traer cuadernos y otros art\u00edculos escolares.<\/p>\n<figure id=\"attachment_42463\" aria-describedby=\"caption-attachment-42463\" style=\"width: 422px\" class=\"wp-caption alignleft\"><a href=\"https:\/\/i0.wp.com\/www.eltrabajo.cl\/portal\/wp-content\/uploads\/2014\/01\/Juan-Gonzalez.jpg\"><img data-recalc-dims=\"1\" loading=\"lazy\" decoding=\"async\" class=\" wp-image-42463 \" title=\"Juan Gonz\u00e1lez, Gerente de Carnes KAR, muestra a Diario El Trabajo algunos de los cuadernos ya recolectados en esta campa\u00f1a.\" alt=\"Juan Gonz\u00e1lez, Gerente de Carnes KAR, muestra a Diario El Trabajo algunos de los cuadernos ya recolectados en esta campa\u00f1a.\" src=\"https:\/\/i0.wp.com\/www.eltrabajo.cl\/portal\/wp-content\/uploads\/2014\/01\/Juan-Gonzalez.jpg?resize=422%2C285\" width=\"422\" height=\"285\" srcset=\"https:\/\/i0.wp.com\/eltrabajo.cl\/portal\/wp-content\/uploads\/2014\/01\/Juan-Gonzalez.jpg?w=528&amp;ssl=1 528w, https:\/\/i0.wp.com\/eltrabajo.cl\/portal\/wp-content\/uploads\/2014\/01\/Juan-Gonzalez.jpg?resize=200%2C134&amp;ssl=1 200w, https:\/\/i0.wp.com\/eltrabajo.cl\/portal\/wp-content\/uploads\/2014\/01\/Juan-Gonzalez.jpg?resize=300%2C202&amp;ssl=1 300w, https:\/\/i0.wp.com\/eltrabajo.cl\/portal\/wp-content\/uploads\/2014\/01\/Juan-Gonzalez.jpg?resize=150%2C101&amp;ssl=1 150w, https:\/\/i0.wp.com\/eltrabajo.cl\/portal\/wp-content\/uploads\/2014\/01\/Juan-Gonzalez.jpg?resize=400%2C269&amp;ssl=1 400w\" sizes=\"auto, (max-width: 422px) 100vw, 422px\" \/><\/a><figcaption id=\"caption-attachment-42463\" class=\"wp-caption-text\">Juan Gonz\u00e1lez, Gerente de Carnes KAR, muestra a Diario El Trabajo algunos de los cuadernos ya recolectados en esta campa\u00f1a.<\/figcaption><\/figure>\n<p>\u00abHay que aclarar, que quienes estamos haciendo campa\u00f1a somos los empleados, no la empresa, es por ello que deseamos pedir a todos los sanfelipe\u00f1os que traigan confiadamente cualquier caja de l\u00e1pices, t\u00e9mperas, estuches y cuadernos para colorear, todo lo que sirva para los ni\u00f1os en sus estudios, todo eso estamos recibiendo\u00bb, coment\u00f3 Juan Gonz\u00e1lez, Gerente de Carnes KAR.<\/p>\n<figure id=\"attachment_42465\" aria-describedby=\"caption-attachment-42465\" style=\"width: 190px\" class=\"wp-caption alignright\"><a href=\"https:\/\/i0.wp.com\/www.eltrabajo.cl\/portal\/wp-content\/uploads\/2014\/01\/Yeimi-Aguilar.jpg\"><img data-recalc-dims=\"1\" loading=\"lazy\" decoding=\"async\" class=\" wp-image-42465  \" title=\"Yeimi Aguilar, empleada de Carnes KAR.\" alt=\"Yeimi Aguilar, empleada de Carnes KAR.\" src=\"https:\/\/i0.wp.com\/www.eltrabajo.cl\/portal\/wp-content\/uploads\/2014\/01\/Yeimi-Aguilar.jpg?resize=190%2C184\" width=\"190\" height=\"184\" srcset=\"https:\/\/i0.wp.com\/eltrabajo.cl\/portal\/wp-content\/uploads\/2014\/01\/Yeimi-Aguilar.jpg?w=529&amp;ssl=1 529w, https:\/\/i0.wp.com\/eltrabajo.cl\/portal\/wp-content\/uploads\/2014\/01\/Yeimi-Aguilar.jpg?resize=154%2C150&amp;ssl=1 154w, https:\/\/i0.wp.com\/eltrabajo.cl\/portal\/wp-content\/uploads\/2014\/01\/Yeimi-Aguilar.jpg?resize=300%2C290&amp;ssl=1 300w, https:\/\/i0.wp.com\/eltrabajo.cl\/portal\/wp-content\/uploads\/2014\/01\/Yeimi-Aguilar.jpg?resize=150%2C145&amp;ssl=1 150w, https:\/\/i0.wp.com\/eltrabajo.cl\/portal\/wp-content\/uploads\/2014\/01\/Yeimi-Aguilar.jpg?resize=400%2C387&amp;ssl=1 400w\" sizes=\"auto, (max-width: 190px) 100vw, 190px\" \/><\/a><figcaption id=\"caption-attachment-42465\" class=\"wp-caption-text\">Yeimi Aguilar, empleada de Carnes KAR.<\/figcaption><\/figure>\n<p>Seg\u00fan lo explic\u00f3 Gonz\u00e1lez, \u00abestaremos finalizando esta campa\u00f1a el 1\u00ba de marzo, para entregar las donaciones entre el 2 y 5 del mismo mes, iremos a cada una de las escuelitas, hablo de las que est\u00e1n en el sector rural de la provincia\u00bb, agreg\u00f3 el empresario. Los interesados en aportar para esta campa\u00f1a, pueden acercarse a Carnes KAR en Prat 952, o llamar al fono 234 3511.<\/p>\n<p>Roberto Gonz\u00e1lez Short<\/p>\n<p>rgonzalez@eltrabajo.cl<\/p>\n<p>&nbsp;<\/p>\n","protected":false},"excerpt":{"rendered":"<p>Con miras a brindar apoyo efectivo a las familias m\u00e1s vulnerables de nuestra provincia, familias que tienen a ni\u00f1os chicos de una edad escolar, unos 22 empleados de Carnes KAR de San&#8230;<\/p>\n","protected":false},"author":482,"featured_media":42461,"comment_status":"open","ping_status":"closed","sticky":false,"template":"","format":"standard","meta":{"advanced_seo_description":"","jetpack_seo_html_title":"","jetpack_seo_noindex":false,"_jetpack_memberships_contains_paid_content":false,"footnotes":""},"categories":[15],"tags":[],"class_list":["post-42460","post","type-post","status-publish","format-standard","has-post-thumbnail","hentry","category-comunidad"],"jetpack_featured_media_url":"https:\/\/i0.wp.com\/eltrabajo.cl\/portal\/wp-content\/uploads\/2014\/01\/Cuadernos1.jpg?fit=529%2C280&ssl=1","jetpack_sharing_enabled":true,"jetpack_likes_enabled":true,"jetpack-related-posts":[],"_links":{"self":[{"href":"https:\/\/eltrabajo.cl\/portal\/wp-json\/wp\/v2\/posts\/42460","targetHints":{"allow":["GET"]}}],"collection":[{"href":"https:\/\/eltrabajo.cl\/portal\/wp-json\/wp\/v2\/posts"}],"about":[{"href":"https:\/\/eltrabajo.cl\/portal\/wp-json\/wp\/v2\/types\/post"}],"author":[{"embeddable":true,"href":"https:\/\/eltrabajo.cl\/portal\/wp-json\/wp\/v2\/users\/482"}],"replies":[{"embeddable":true,"href":"https:\/\/eltrabajo.cl\/portal\/wp-json\/wp\/v2\/comments?post=42460"}],"version-history":[{"count":0,"href":"https:\/\/eltrabajo.cl\/portal\/wp-json\/wp\/v2\/posts\/42460\/revisions"}],"wp:featuredmedia":[{"embeddable":true,"href":"https:\/\/eltrabajo.cl\/portal\/wp-json\/wp\/v2\/media\/42461"}],"wp:attachment":[{"href":"https:\/\/eltrabajo.cl\/portal\/wp-json\/wp\/v2\/media?parent=42460"}],"wp:term":[{"taxonomy":"category","embeddable":true,"href":"https:\/\/eltrabajo.cl\/portal\/wp-json\/wp\/v2\/categories?post=42460"},{"taxonomy":"post_tag","embeddable":true,"href":"https:\/\/eltrabajo.cl\/portal\/wp-json\/wp\/v2\/tags?post=42460"}],"curies":[{"name":"wp","href":"https:\/\/api.w.org\/{rel}","templated":true}]}}