{"id":42469,"date":"2014-01-28T10:56:34","date_gmt":"2014-01-28T13:56:34","guid":{"rendered":"http:\/\/www.eltrabajo.cl\/portal\/?p=42469"},"modified":"2014-01-28T10:56:34","modified_gmt":"2014-01-28T13:56:34","slug":"municipio-invierte-recursos-propios-para-reparar-veredas","status":"publish","type":"post","link":"https:\/\/eltrabajo.cl\/portal\/municipio-invierte-recursos-propios-para-reparar-veredas\/","title":{"rendered":"Municipio invierte recursos propios para reparar veredas"},"content":{"rendered":"<figure id=\"attachment_42470\" aria-describedby=\"caption-attachment-42470\" style=\"width: 529px\" class=\"wp-caption alignnone\"><a href=\"https:\/\/i0.wp.com\/www.eltrabajo.cl\/portal\/wp-content\/uploads\/2014\/01\/REPARACI%C3%93N-VEREDAS.jpg\"><img data-recalc-dims=\"1\" loading=\"lazy\" decoding=\"async\" class=\"size-full wp-image-42470\" title=\"En Calle Combate de las Coimas, frente a la Plaza de Armas, fue posible apreciar a personal municipal realizando trabajos de tapado de eventos de las veredas.\" alt=\"En Calle Combate de las Coimas, frente a la Plaza de Armas, fue posible apreciar a personal municipal realizando trabajos de tapado de eventos de las veredas.\" src=\"https:\/\/i0.wp.com\/www.eltrabajo.cl\/portal\/wp-content\/uploads\/2014\/01\/REPARACI%C3%93N-VEREDAS.jpg?resize=529%2C353\" width=\"529\" height=\"353\" srcset=\"https:\/\/i0.wp.com\/eltrabajo.cl\/portal\/wp-content\/uploads\/2014\/01\/REPARACI%C3%93N-VEREDAS.jpg?w=529&amp;ssl=1 529w, https:\/\/i0.wp.com\/eltrabajo.cl\/portal\/wp-content\/uploads\/2014\/01\/REPARACI%C3%93N-VEREDAS.jpg?resize=200%2C133&amp;ssl=1 200w, https:\/\/i0.wp.com\/eltrabajo.cl\/portal\/wp-content\/uploads\/2014\/01\/REPARACI%C3%93N-VEREDAS.jpg?resize=300%2C200&amp;ssl=1 300w, https:\/\/i0.wp.com\/eltrabajo.cl\/portal\/wp-content\/uploads\/2014\/01\/REPARACI%C3%93N-VEREDAS.jpg?resize=150%2C100&amp;ssl=1 150w, https:\/\/i0.wp.com\/eltrabajo.cl\/portal\/wp-content\/uploads\/2014\/01\/REPARACI%C3%93N-VEREDAS.jpg?resize=400%2C266&amp;ssl=1 400w\" sizes=\"auto, (max-width: 529px) 100vw, 529px\" \/><\/a><figcaption id=\"caption-attachment-42470\" class=\"wp-caption-text\">En Calle Combate de las Coimas, frente a la Plaza de Armas, fue posible apreciar a personal municipal realizando trabajos de tapado de eventos de las veredas.<\/figcaption><\/figure>\n<ul>\n<li><strong>Secpla presentar\u00e1 proyecto definitivo al Gobierno Regional, el que representa una inversi\u00f3n de 900 millones de pesos. Mientras tanto se ejecutar\u00e1 esta iniciativa que pretende evitar que en el damero central de la ciudad haya hoyos en las veredas.<\/strong><\/li>\n<\/ul>\n<p>No son pocos los casos de vecinos y vecinas que se han ca\u00eddo e incluso lesionado gravemente, al no darse cuenta que en las veredas de San Felipe hay verdaderos forados que hacen peligrar su normal deambular. Es a prop\u00f3sito de esta situaci\u00f3n, que se arrastra por a\u00f1os en la ciudad, que la municipalidad resolvi\u00f3 generar, con recursos propios, una iniciativa tendiente a reparar y en definitiva tapar los eventos de las veredas, en espera de un proyecto definitivo que ser\u00e1 postulado al Gobierno Regional, en primera etapa, para dise\u00f1o y por lo tanto, es a mediano plazo.<\/p>\n<figure id=\"attachment_42471\" aria-describedby=\"caption-attachment-42471\" style=\"width: 370px\" class=\"wp-caption alignright\"><a href=\"https:\/\/i0.wp.com\/www.eltrabajo.cl\/portal\/wp-content\/uploads\/2014\/01\/Alcalde-y-Secpla.jpg\"><img data-recalc-dims=\"1\" loading=\"lazy\" decoding=\"async\" class=\" wp-image-42471 \" title=\" El Alcalde Patricio Freire y el Director de Secpla, Claudio Paredes, destacaron este proyecto de mejoramiento de veredas, que es la antesala a una iniciativa m\u00e1s ambiciosa.\" alt=\" El Alcalde Patricio Freire y el Director de Secpla, Claudio Paredes, destacaron este proyecto de mejoramiento de veredas, que es la antesala a una iniciativa m\u00e1s ambiciosa.\" src=\"https:\/\/i0.wp.com\/www.eltrabajo.cl\/portal\/wp-content\/uploads\/2014\/01\/Alcalde-y-Secpla.jpg?resize=370%2C246\" width=\"370\" height=\"246\" srcset=\"https:\/\/i0.wp.com\/eltrabajo.cl\/portal\/wp-content\/uploads\/2014\/01\/Alcalde-y-Secpla.jpg?w=528&amp;ssl=1 528w, https:\/\/i0.wp.com\/eltrabajo.cl\/portal\/wp-content\/uploads\/2014\/01\/Alcalde-y-Secpla.jpg?resize=200%2C133&amp;ssl=1 200w, https:\/\/i0.wp.com\/eltrabajo.cl\/portal\/wp-content\/uploads\/2014\/01\/Alcalde-y-Secpla.jpg?resize=300%2C200&amp;ssl=1 300w, https:\/\/i0.wp.com\/eltrabajo.cl\/portal\/wp-content\/uploads\/2014\/01\/Alcalde-y-Secpla.jpg?resize=150%2C100&amp;ssl=1 150w, https:\/\/i0.wp.com\/eltrabajo.cl\/portal\/wp-content\/uploads\/2014\/01\/Alcalde-y-Secpla.jpg?resize=400%2C266&amp;ssl=1 400w\" sizes=\"auto, (max-width: 370px) 100vw, 370px\" \/><\/a><figcaption id=\"caption-attachment-42471\" class=\"wp-caption-text\">El Alcalde Patricio Freire y el Director de Secpla, Claudio Paredes, destacaron este proyecto de mejoramiento de veredas, que es la antesala a una iniciativa m\u00e1s ambiciosa.<\/figcaption><\/figure>\n<p>Seg\u00fan inform\u00f3 el Alcalde Patricio Freire, son nueve millones de pesos los que invertir\u00e1 el municipio para esta iniciativa, que ser\u00e1 ejecutada por funcionarios municipales.<\/p>\n<p>\u00abDespu\u00e9s de analizar una situaci\u00f3n que se viene arrastrando por muchos a\u00f1os, en torno al mal estado de las veredas, tanto dentro como fuera del damero central de la ciudad, elaboramos un proyecto para hacer una mitigaci\u00f3n solamente, para tapar los hoyos de las veredas. Paralelo a esto se est\u00e1 haciendo un proyecto definitivo, que consiste en embaldosar las veredas del damero central, el que ser\u00e1 postulado al Gobierno Regional\u00bb, se\u00f1al\u00f3 el Alcalde Freire.<\/p>\n<p>En tanto, el Director de la Secretar\u00eda de Planificaci\u00f3n Comunal, Claudio Paredes, se\u00f1al\u00f3 que este programa de mitigaci\u00f3n est\u00e1 dividido en dos etapas, donde el 50% de eventos de las veredas catastradas ser\u00e1 cubierto, con personal propio y financiamiento \u00edntegramente municipal.<\/p>\n<p>\u00abLa segunda etapa de este programa, se realizar\u00e1 durante los meses de marzo y abril, pero el gran proyecto de reposici\u00f3n de veredas, a nivel de baldosas, que considera un mejoramiento de mobiliario urbano e iluminaci\u00f3n, lo estamos elaborando en la Secpla, para ser presentado al Fondo de Desarrollo Regional, en su etapa de dise\u00f1o, durante el mes de marzo\u00bb, se\u00f1al\u00f3 Paredes.<\/p>\n<p>A\u00f1adi\u00f3 que \u00abla idea es cambiarle la cara al centro de San Felipe y mejorar las deficiencias que tienen las veredas de nuestra comuna\u00bb. El proyecto definitivo, considera una inversi\u00f3n cercana a los 960 millones de pesos, por lo que el municipio espera ejecutarlo por etapas, aunque claro est\u00e1, lo que primeramente se har\u00e1 es el dise\u00f1o y para ello se pedir\u00e1n recursos al Gobierno Regional.<\/p>\n<p>&nbsp;<\/p>\n","protected":false},"excerpt":{"rendered":"<p>Secpla presentar\u00e1 proyecto definitivo al Gobierno Regional, el que representa una inversi\u00f3n de 900 millones de pesos. Mientras tanto se ejecutar\u00e1 esta iniciativa que pretende evitar que en el damero central de&#8230;<\/p>\n","protected":false},"author":482,"featured_media":42470,"comment_status":"open","ping_status":"closed","sticky":false,"template":"","format":"standard","meta":{"advanced_seo_description":"","jetpack_seo_html_title":"","jetpack_seo_noindex":false,"_jetpack_memberships_contains_paid_content":false,"footnotes":""},"categories":[1],"tags":[],"class_list":["post-42469","post","type-post","status-publish","format-standard","has-post-thumbnail","hentry","category-cronica"],"jetpack_featured_media_url":"https:\/\/i0.wp.com\/eltrabajo.cl\/portal\/wp-content\/uploads\/2014\/01\/REPARACI%C3%93N-VEREDAS.jpg?fit=529%2C353&ssl=1","jetpack_sharing_enabled":true,"jetpack_likes_enabled":true,"jetpack-related-posts":[],"_links":{"self":[{"href":"https:\/\/eltrabajo.cl\/portal\/wp-json\/wp\/v2\/posts\/42469","targetHints":{"allow":["GET"]}}],"collection":[{"href":"https:\/\/eltrabajo.cl\/portal\/wp-json\/wp\/v2\/posts"}],"about":[{"href":"https:\/\/eltrabajo.cl\/portal\/wp-json\/wp\/v2\/types\/post"}],"author":[{"embeddable":true,"href":"https:\/\/eltrabajo.cl\/portal\/wp-json\/wp\/v2\/users\/482"}],"replies":[{"embeddable":true,"href":"https:\/\/eltrabajo.cl\/portal\/wp-json\/wp\/v2\/comments?post=42469"}],"version-history":[{"count":0,"href":"https:\/\/eltrabajo.cl\/portal\/wp-json\/wp\/v2\/posts\/42469\/revisions"}],"wp:featuredmedia":[{"embeddable":true,"href":"https:\/\/eltrabajo.cl\/portal\/wp-json\/wp\/v2\/media\/42470"}],"wp:attachment":[{"href":"https:\/\/eltrabajo.cl\/portal\/wp-json\/wp\/v2\/media?parent=42469"}],"wp:term":[{"taxonomy":"category","embeddable":true,"href":"https:\/\/eltrabajo.cl\/portal\/wp-json\/wp\/v2\/categories?post=42469"},{"taxonomy":"post_tag","embeddable":true,"href":"https:\/\/eltrabajo.cl\/portal\/wp-json\/wp\/v2\/tags?post=42469"}],"curies":[{"name":"wp","href":"https:\/\/api.w.org\/{rel}","templated":true}]}}