{"id":42474,"date":"2014-01-28T10:57:39","date_gmt":"2014-01-28T13:57:39","guid":{"rendered":"http:\/\/www.eltrabajo.cl\/portal\/?p=42474"},"modified":"2014-01-28T10:57:39","modified_gmt":"2014-01-28T13:57:39","slug":"constructora-quinta-inicia-obras-de-seguridad-en-canalon-de-la-250-anos","status":"publish","type":"post","link":"https:\/\/eltrabajo.cl\/portal\/constructora-quinta-inicia-obras-de-seguridad-en-canalon-de-la-250-anos\/","title":{"rendered":"Constructora Quinta inicia obras de seguridad en canal\u00f3n de la 250 A\u00f1os"},"content":{"rendered":"<figure id=\"attachment_42475\" aria-describedby=\"caption-attachment-42475\" style=\"width: 423px\" class=\"wp-caption alignleft\"><a href=\"https:\/\/i0.wp.com\/www.eltrabajo.cl\/portal\/wp-content\/uploads\/2014\/01\/gobernadora-con-la-proteccion.jpg\"><img data-recalc-dims=\"1\" loading=\"lazy\" decoding=\"async\" class=\" wp-image-42475 \" title=\"La Gobernadora Patricia Boffa muestra a Diario El Trabajo parte del material que se usar\u00e1 en este proyecto.\" alt=\"La Gobernadora Patricia Boffa muestra a Diario El Trabajo parte del material que se usar\u00e1 en este proyecto.\" src=\"https:\/\/i0.wp.com\/www.eltrabajo.cl\/portal\/wp-content\/uploads\/2014\/01\/gobernadora-con-la-proteccion.jpg?resize=423%2C387\" width=\"423\" height=\"387\" srcset=\"https:\/\/i0.wp.com\/eltrabajo.cl\/portal\/wp-content\/uploads\/2014\/01\/gobernadora-con-la-proteccion.jpg?w=529&amp;ssl=1 529w, https:\/\/i0.wp.com\/eltrabajo.cl\/portal\/wp-content\/uploads\/2014\/01\/gobernadora-con-la-proteccion.jpg?resize=163%2C150&amp;ssl=1 163w, https:\/\/i0.wp.com\/eltrabajo.cl\/portal\/wp-content\/uploads\/2014\/01\/gobernadora-con-la-proteccion.jpg?resize=300%2C274&amp;ssl=1 300w, https:\/\/i0.wp.com\/eltrabajo.cl\/portal\/wp-content\/uploads\/2014\/01\/gobernadora-con-la-proteccion.jpg?resize=150%2C137&amp;ssl=1 150w, https:\/\/i0.wp.com\/eltrabajo.cl\/portal\/wp-content\/uploads\/2014\/01\/gobernadora-con-la-proteccion.jpg?resize=400%2C365&amp;ssl=1 400w\" sizes=\"auto, (max-width: 423px) 100vw, 423px\" \/><\/a><figcaption id=\"caption-attachment-42475\" class=\"wp-caption-text\">La Gobernadora Patricia Boffa muestra a Diario El Trabajo parte del material que se usar\u00e1 en este proyecto.<\/figcaption><\/figure>\n<p>Respondiendo a un compromiso adquirido por la Gobernadora Provincial de San Felipe, Patricia Boffa con los vecinos de Villa 250 a\u00f1os, en los pr\u00f3ximos d\u00edas se iniciaran los trabajos de seguridad en el canal\u00f3n que cruza por un costado de la rivera del Aconcagua, frente a la villa antes indicada. Para informar sobre las obras que se van a realizar en el sector, se reuni\u00f3 con la Gobernadora Boffa el Gerente de Recursos H\u00eddricos de Quinta Empresa, Hern\u00e1n Llona Gajardo, que por mandato de la Direcci\u00f3n de Obras Hidr\u00e1ulicas, realizar\u00e1 las obras de seguridad, consistentes en la instalaci\u00f3n de 200 metros lineales de una reja de protecci\u00f3n.<\/p>\n<p>El personero se\u00f1alo que las obras consideran un sistema de protecci\u00f3n, que evitar\u00e1 la ca\u00edda de personas al cauce del canal. \u00abTenemos planificado que dentro de los pr\u00f3ximos diez d\u00edas demos inicio al montaje de una malla de protecci\u00f3n sobre el canal\u00f3n, en una longitud total de 200 metros. Inicialmente colocaremos un perfil, sobre todo el borde del canal, a fin que sobre ese perfil vaya esta malla o reja y as\u00ed se proteja que los ni\u00f1os puedan caer dentro del canal.<\/p>\n<p>Se trata de una malla, cuya calidad est\u00e1 certificada en su origen de f\u00e1brica y permite el tr\u00e1nsito de personas eventuales, pues esto no se va a transforman en una costanera o v\u00eda de tr\u00e1nsito, sino es para evitar que si un ni\u00f1o sube a jugar, no caiga dentro del canal\u00bb, coment\u00f3 Llona.<\/p>\n<p>Por su parte de la Gobernadora Boffa, recalc\u00f3 que este es el resultado de un compromiso que se adquiri\u00f3 con la DOH, para resguardar a los vecinos de Villa 250 a\u00f1os.<\/p>\n<p>\u00abCuando se registr\u00f3 el primer desborde del canal a fines del a\u00f1o pasado, me reun\u00ed con los vecinos de Villa 250 a\u00f1os y hubo desde ese momento un compromiso en primer lugar de hacer la instalaci\u00f3n de una reja de seguridad, y que no estar\u00eda en funcionamiento este canal, hasta que las medidas de seguridad estuvieron terminadas.<\/p>\n<p>La empresa Atacagua, realiz\u00f3 parte de esas acciones con la instalaci\u00f3n de una reja de seguridad en el sif\u00f3n del canal y ahora completamos los trabajos con la instalaci\u00f3n de estos 20 metros de reja. Espero reunirme con los vecinos de Villa 250 a\u00f1os en las pr\u00f3ximas horas, explicar en qu\u00e9 consisten los trabajos y dar tranquilidad a cada uno de ellos que sus hijos que tendr\u00e1n un accidente su llegan a operar este canal\u00bb.<\/p>\n<p>&nbsp;<\/p>\n","protected":false},"excerpt":{"rendered":"<p>Respondiendo a un compromiso adquirido por la Gobernadora Provincial de San Felipe, Patricia Boffa con los vecinos de Villa 250 a\u00f1os, en los pr\u00f3ximos d\u00edas se iniciaran los trabajos de seguridad en&#8230;<\/p>\n","protected":false},"author":482,"featured_media":42475,"comment_status":"open","ping_status":"closed","sticky":false,"template":"","format":"standard","meta":{"advanced_seo_description":"","jetpack_seo_html_title":"","jetpack_seo_noindex":false,"_jetpack_memberships_contains_paid_content":false,"footnotes":""},"categories":[1],"tags":[],"class_list":["post-42474","post","type-post","status-publish","format-standard","has-post-thumbnail","hentry","category-cronica"],"jetpack_featured_media_url":"https:\/\/i0.wp.com\/eltrabajo.cl\/portal\/wp-content\/uploads\/2014\/01\/gobernadora-con-la-proteccion.jpg?fit=529%2C484&ssl=1","jetpack_sharing_enabled":true,"jetpack_likes_enabled":true,"jetpack-related-posts":[],"_links":{"self":[{"href":"https:\/\/eltrabajo.cl\/portal\/wp-json\/wp\/v2\/posts\/42474","targetHints":{"allow":["GET"]}}],"collection":[{"href":"https:\/\/eltrabajo.cl\/portal\/wp-json\/wp\/v2\/posts"}],"about":[{"href":"https:\/\/eltrabajo.cl\/portal\/wp-json\/wp\/v2\/types\/post"}],"author":[{"embeddable":true,"href":"https:\/\/eltrabajo.cl\/portal\/wp-json\/wp\/v2\/users\/482"}],"replies":[{"embeddable":true,"href":"https:\/\/eltrabajo.cl\/portal\/wp-json\/wp\/v2\/comments?post=42474"}],"version-history":[{"count":0,"href":"https:\/\/eltrabajo.cl\/portal\/wp-json\/wp\/v2\/posts\/42474\/revisions"}],"wp:featuredmedia":[{"embeddable":true,"href":"https:\/\/eltrabajo.cl\/portal\/wp-json\/wp\/v2\/media\/42475"}],"wp:attachment":[{"href":"https:\/\/eltrabajo.cl\/portal\/wp-json\/wp\/v2\/media?parent=42474"}],"wp:term":[{"taxonomy":"category","embeddable":true,"href":"https:\/\/eltrabajo.cl\/portal\/wp-json\/wp\/v2\/categories?post=42474"},{"taxonomy":"post_tag","embeddable":true,"href":"https:\/\/eltrabajo.cl\/portal\/wp-json\/wp\/v2\/tags?post=42474"}],"curies":[{"name":"wp","href":"https:\/\/api.w.org\/{rel}","templated":true}]}}