{"id":42502,"date":"2014-01-29T09:24:24","date_gmt":"2014-01-29T12:24:24","guid":{"rendered":"http:\/\/www.eltrabajo.cl\/portal\/?p=42502"},"modified":"2014-01-29T09:24:24","modified_gmt":"2014-01-29T12:24:24","slug":"segunda-feria-saberes-y-sabores-deleito-con-el-pastel-de-choclo-y-humitas","status":"publish","type":"post","link":"https:\/\/eltrabajo.cl\/portal\/segunda-feria-saberes-y-sabores-deleito-con-el-pastel-de-choclo-y-humitas\/","title":{"rendered":"Segunda Feria Saberes y Sabores deleit\u00f3 con el pastel de choclo y humitas"},"content":{"rendered":"<figure id=\"attachment_42503\" aria-describedby=\"caption-attachment-42503\" style=\"width: 529px\" class=\"wp-caption alignnone\"><a href=\"https:\/\/i0.wp.com\/www.eltrabajo.cl\/portal\/wp-content\/uploads\/2014\/01\/Feria1.jpg\"><img data-recalc-dims=\"1\" loading=\"lazy\" decoding=\"async\" class=\"size-full wp-image-42503\" title=\"La segunda versi\u00f3n de la feria de gastronom\u00eda y artesan\u00eda tradicional denominada \u2018Saberes y Sabores\u2019, sorprendi\u00f3 a todos los presentes con el exquisito pastel de choclo y las humitas.\" alt=\"La segunda versi\u00f3n de la feria de gastronom\u00eda y artesan\u00eda tradicional denominada \u2018Saberes y Sabores\u2019, sorprendi\u00f3 a todos los presentes con el exquisito pastel de choclo y las humitas.\" src=\"https:\/\/i0.wp.com\/www.eltrabajo.cl\/portal\/wp-content\/uploads\/2014\/01\/Feria1.jpg?resize=529%2C353\" width=\"529\" height=\"353\" srcset=\"https:\/\/i0.wp.com\/eltrabajo.cl\/portal\/wp-content\/uploads\/2014\/01\/Feria1.jpg?w=529&amp;ssl=1 529w, https:\/\/i0.wp.com\/eltrabajo.cl\/portal\/wp-content\/uploads\/2014\/01\/Feria1.jpg?resize=200%2C133&amp;ssl=1 200w, https:\/\/i0.wp.com\/eltrabajo.cl\/portal\/wp-content\/uploads\/2014\/01\/Feria1.jpg?resize=300%2C200&amp;ssl=1 300w, https:\/\/i0.wp.com\/eltrabajo.cl\/portal\/wp-content\/uploads\/2014\/01\/Feria1.jpg?resize=150%2C100&amp;ssl=1 150w, https:\/\/i0.wp.com\/eltrabajo.cl\/portal\/wp-content\/uploads\/2014\/01\/Feria1.jpg?resize=400%2C266&amp;ssl=1 400w\" sizes=\"auto, (max-width: 529px) 100vw, 529px\" \/><\/a><figcaption id=\"caption-attachment-42503\" class=\"wp-caption-text\">La segunda versi\u00f3n de la feria de gastronom\u00eda y artesan\u00eda tradicional denominada \u2018Saberes y Sabores\u2019, sorprendi\u00f3 a todos los presentes con el exquisito pastel de choclo y las humitas.<\/figcaption><\/figure>\n<p><strong>PUTAENDO<\/strong>.- La segunda versi\u00f3n de la feria de gastronom\u00eda y artesan\u00eda tradicional denominada \u2018Saberes y Sabores\u2019, organizada por el Centro de Desarrollo y Expresi\u00f3n Cultural de Rinconada de Silva, sorprendi\u00f3 a todos los presentes con el exquisito pastel de choclo y las humitas.<\/p>\n<figure id=\"attachment_42504\" aria-describedby=\"caption-attachment-42504\" style=\"width: 422px\" class=\"wp-caption alignright\"><a href=\"https:\/\/i0.wp.com\/www.eltrabajo.cl\/portal\/wp-content\/uploads\/2014\/01\/Feria2.jpg\"><img data-recalc-dims=\"1\" loading=\"lazy\" decoding=\"async\" class=\" wp-image-42504 \" title=\"Muchos se reunieron en la Plaza Fernando Aldunce de Rinconada de Silva este domingo, para disfrutar de los sabores en esta segunda feria costumbrista.\" alt=\"Muchos se reunieron en la Plaza Fernando Aldunce de Rinconada de Silva este domingo, para disfrutar de los sabores en esta segunda feria costumbrista.\" src=\"https:\/\/i0.wp.com\/www.eltrabajo.cl\/portal\/wp-content\/uploads\/2014\/01\/Feria2.jpg?resize=422%2C294\" width=\"422\" height=\"294\" srcset=\"https:\/\/i0.wp.com\/eltrabajo.cl\/portal\/wp-content\/uploads\/2014\/01\/Feria2.jpg?w=528&amp;ssl=1 528w, https:\/\/i0.wp.com\/eltrabajo.cl\/portal\/wp-content\/uploads\/2014\/01\/Feria2.jpg?resize=200%2C139&amp;ssl=1 200w, https:\/\/i0.wp.com\/eltrabajo.cl\/portal\/wp-content\/uploads\/2014\/01\/Feria2.jpg?resize=300%2C209&amp;ssl=1 300w, https:\/\/i0.wp.com\/eltrabajo.cl\/portal\/wp-content\/uploads\/2014\/01\/Feria2.jpg?resize=150%2C104&amp;ssl=1 150w, https:\/\/i0.wp.com\/eltrabajo.cl\/portal\/wp-content\/uploads\/2014\/01\/Feria2.jpg?resize=400%2C278&amp;ssl=1 400w\" sizes=\"auto, (max-width: 422px) 100vw, 422px\" \/><\/a><figcaption id=\"caption-attachment-42504\" class=\"wp-caption-text\">Muchos se reunieron en la Plaza Fernando Aldunce de Rinconada de Silva este domingo, para disfrutar de los sabores en esta segunda feria costumbrista.<\/figcaption><\/figure>\n<p>Artesanos, pintoras, floristas y por supuesto un importante n\u00famero de personas que prepararon una gran cantidad de pastel de choclo y humitas, se reunieron en la Plaza Fernando Aldunce de Rinconada de Silva este domingo para iniciar esta segunda feria costumbrista, misma que result\u00f3 todo un acierto, pues permiti\u00f3 no tan s\u00f3lo tener expositores, sino que muchas personas disfrutaron del arte culinario con nuestras comidas t\u00edpicas en la hermosa plaza de Rinconada de Silva, mientras que otras personas encargaban el pastel de choclo y las humitas y llevarlo hasta sus casas para compartirlo en familia.<\/p>\n<p>Sin lugar a dudas el CDECRDS sigue mostrando su importante trabajo, no tan s\u00f3lo cultural, y como lo se\u00f1al\u00f3 su Presidente Gemma Lepe, estas peque\u00f1as actividades no tan s\u00f3lo han permitido potenciar m\u00e1s la localidad de Rinconada de Silva, sino que han sido la oportunidad precisa para que esforzados artesanos y vecinos puedan exponer y mostrar sus productos, y en este caso, sus exquisitas recetas campestres, por lo que estas actividades se mantendr\u00e1n, a lo menos durante lo que queda del verano.<\/p>\n<p>Patricio Gallardo M.<\/p>\n","protected":false},"excerpt":{"rendered":"<p>PUTAENDO.- La segunda versi\u00f3n de la feria de gastronom\u00eda y artesan\u00eda tradicional denominada \u2018Saberes y Sabores\u2019, organizada por el Centro de Desarrollo y Expresi\u00f3n Cultural de Rinconada de Silva, sorprendi\u00f3 a todos&#8230;<\/p>\n","protected":false},"author":482,"featured_media":42503,"comment_status":"open","ping_status":"closed","sticky":false,"template":"","format":"standard","meta":{"advanced_seo_description":"","jetpack_seo_html_title":"","jetpack_seo_noindex":false,"_jetpack_memberships_contains_paid_content":false,"footnotes":""},"categories":[15],"tags":[],"class_list":["post-42502","post","type-post","status-publish","format-standard","has-post-thumbnail","hentry","category-comunidad"],"jetpack_featured_media_url":"https:\/\/i0.wp.com\/eltrabajo.cl\/portal\/wp-content\/uploads\/2014\/01\/Feria1.jpg?fit=529%2C353&ssl=1","jetpack_sharing_enabled":true,"jetpack_likes_enabled":true,"jetpack-related-posts":[],"_links":{"self":[{"href":"https:\/\/eltrabajo.cl\/portal\/wp-json\/wp\/v2\/posts\/42502","targetHints":{"allow":["GET"]}}],"collection":[{"href":"https:\/\/eltrabajo.cl\/portal\/wp-json\/wp\/v2\/posts"}],"about":[{"href":"https:\/\/eltrabajo.cl\/portal\/wp-json\/wp\/v2\/types\/post"}],"author":[{"embeddable":true,"href":"https:\/\/eltrabajo.cl\/portal\/wp-json\/wp\/v2\/users\/482"}],"replies":[{"embeddable":true,"href":"https:\/\/eltrabajo.cl\/portal\/wp-json\/wp\/v2\/comments?post=42502"}],"version-history":[{"count":0,"href":"https:\/\/eltrabajo.cl\/portal\/wp-json\/wp\/v2\/posts\/42502\/revisions"}],"wp:featuredmedia":[{"embeddable":true,"href":"https:\/\/eltrabajo.cl\/portal\/wp-json\/wp\/v2\/media\/42503"}],"wp:attachment":[{"href":"https:\/\/eltrabajo.cl\/portal\/wp-json\/wp\/v2\/media?parent=42502"}],"wp:term":[{"taxonomy":"category","embeddable":true,"href":"https:\/\/eltrabajo.cl\/portal\/wp-json\/wp\/v2\/categories?post=42502"},{"taxonomy":"post_tag","embeddable":true,"href":"https:\/\/eltrabajo.cl\/portal\/wp-json\/wp\/v2\/tags?post=42502"}],"curies":[{"name":"wp","href":"https:\/\/api.w.org\/{rel}","templated":true}]}}