{"id":42507,"date":"2014-01-29T09:25:25","date_gmt":"2014-01-29T12:25:25","guid":{"rendered":"http:\/\/www.eltrabajo.cl\/portal\/?p=42507"},"modified":"2014-01-29T09:25:25","modified_gmt":"2014-01-29T12:25:25","slug":"colectivo-cultural-de-jovenes-realiza-muestra-artistica-este-sabado","status":"publish","type":"post","link":"https:\/\/eltrabajo.cl\/portal\/colectivo-cultural-de-jovenes-realiza-muestra-artistica-este-sabado\/","title":{"rendered":"Colectivo Cultural de J\u00f3venes realiza muestra art\u00edstica este s\u00e1bado"},"content":{"rendered":"<figure id=\"attachment_42508\" aria-describedby=\"caption-attachment-42508\" style=\"width: 528px\" class=\"wp-caption alignnone\"><a href=\"https:\/\/i0.wp.com\/www.eltrabajo.cl\/portal\/wp-content\/uploads\/2014\/01\/Integrantes-Colectivo-Cultural.jpg\"><img data-recalc-dims=\"1\" loading=\"lazy\" decoding=\"async\" class=\"size-full wp-image-42508\" title=\"Fernanda Toledo, Francesca Urra y Antonia Le\u00f3n, integrantes de Bombi Cultural.\" alt=\"Fernanda Toledo, Francesca Urra y Antonia Le\u00f3n, integrantes de Bombi Cultural.\" src=\"https:\/\/i0.wp.com\/www.eltrabajo.cl\/portal\/wp-content\/uploads\/2014\/01\/Integrantes-Colectivo-Cultural.jpg?resize=528%2C352\" width=\"528\" height=\"352\" srcset=\"https:\/\/i0.wp.com\/eltrabajo.cl\/portal\/wp-content\/uploads\/2014\/01\/Integrantes-Colectivo-Cultural.jpg?w=528&amp;ssl=1 528w, https:\/\/i0.wp.com\/eltrabajo.cl\/portal\/wp-content\/uploads\/2014\/01\/Integrantes-Colectivo-Cultural.jpg?resize=200%2C133&amp;ssl=1 200w, https:\/\/i0.wp.com\/eltrabajo.cl\/portal\/wp-content\/uploads\/2014\/01\/Integrantes-Colectivo-Cultural.jpg?resize=300%2C200&amp;ssl=1 300w, https:\/\/i0.wp.com\/eltrabajo.cl\/portal\/wp-content\/uploads\/2014\/01\/Integrantes-Colectivo-Cultural.jpg?resize=150%2C100&amp;ssl=1 150w, https:\/\/i0.wp.com\/eltrabajo.cl\/portal\/wp-content\/uploads\/2014\/01\/Integrantes-Colectivo-Cultural.jpg?resize=400%2C266&amp;ssl=1 400w\" sizes=\"auto, (max-width: 528px) 100vw, 528px\" \/><\/a><figcaption id=\"caption-attachment-42508\" class=\"wp-caption-text\">Fernanda Toledo, Francesca Urra y Antonia Le\u00f3n, integrantes de Bombi Cultural.<\/figcaption><\/figure>\n<p>Instancia de encuentro de j\u00f3venes y adolescentes, que busca rescatar los sanfelipe\u00f1os talentosos que muchas veces se pierden producto del consumo de drogas y alcohol, naci\u00f3 a prop\u00f3sito de la muerte de Germ\u00e1n Vergara, el joven estudiante que no pudo vencer la leucemia. Una invitaci\u00f3n abierta a la comunidad, para que se acerque este s\u00e1bado a la Plaza C\u00edvica de San Felipe, est\u00e1 realizando el Colectivo Cultural Bombi, donde realizar\u00e1n una muestra de distintas actividades art\u00edsticas, a partir de las 17:00 horas.<\/p>\n<p>La actividad, encabezada por Fernanda Toledo, Francesca Urra y Antonia Le\u00f3n, da cuenta de un trabajo iniciado hace alg\u00fan tiempo, cuando un grupo de amigos de Germ\u00e1n Vergara, fallecido el 1\u00ba de junio de 2013 producto de una Leucemia Linfobl\u00e1stica Aguda; se anim\u00f3 a rendirle tributo desarrollando una instancia que adem\u00e1s de reunirlos peri\u00f3dicamente, les permitiera apoyar a los j\u00f3venes de la comuna, especialmente a aquellos m\u00e1s vulnerables.<\/p>\n<p>Seg\u00fan explic\u00f3 Antonia Le\u00f3n, la actividad de este s\u00e1bado considera exposici\u00f3n de pintura, fotograf\u00edas, adem\u00e1s de presentaciones de break dance, bandas locales, entre otras instancias art\u00edsticas.<\/p>\n<p>\u00abEsta iniciativa surgi\u00f3 de un grupo de amigos, somos estudiantes de ense\u00f1anza media y universitaria y queremos hacer un cambio en San Felipe. Esperamos que m\u00e1s gente se sume, porque actualmente somos 16 y si8 alguien se anima, puede acercarse este s\u00e1bado a la Plaza C\u00edvica\u00bb, se\u00f1al\u00f3 Antonia. A\u00f1adi\u00f3 que \u00abqueremos que los j\u00f3venes le saquen provecho a su talento, que no lo desperdicie, y por eso los invitamos a sumarse a esta iniciativa que surgi\u00f3 luego de la muerte de nuestro amigo Germ\u00e1n, quien muri\u00f3 el a\u00f1o pasado y que siempre nos inst\u00f3 a realizar actividades en ayuda de los j\u00f3venes vulnerables, as\u00ed como a trabajar por la cultura de San Felipe\u00bb.<\/p>\n<p>La invitaci\u00f3n entonces es abierta, para que los interesados en sumarse a este colectivo cultural se acerquen a la Plaza C\u00edvica este s\u00e1bado, as\u00ed como todos quienes deseen disfrutar de las distintas expresiones art\u00edsticas de j\u00f3venes talentos sanfelipe\u00f1os.<\/p>\n<p>&nbsp;<\/p>\n","protected":false},"excerpt":{"rendered":"<p>Instancia de encuentro de j\u00f3venes y adolescentes, que busca rescatar los sanfelipe\u00f1os talentosos que muchas veces se pierden producto del consumo de drogas y alcohol, naci\u00f3 a prop\u00f3sito de la muerte de&#8230;<\/p>\n","protected":false},"author":482,"featured_media":42508,"comment_status":"open","ping_status":"closed","sticky":false,"template":"","format":"standard","meta":{"advanced_seo_description":"","jetpack_seo_html_title":"","jetpack_seo_noindex":false,"_jetpack_memberships_contains_paid_content":false,"footnotes":""},"categories":[15],"tags":[],"class_list":["post-42507","post","type-post","status-publish","format-standard","has-post-thumbnail","hentry","category-comunidad"],"jetpack_featured_media_url":"https:\/\/i0.wp.com\/eltrabajo.cl\/portal\/wp-content\/uploads\/2014\/01\/Integrantes-Colectivo-Cultural.jpg?fit=528%2C352&ssl=1","jetpack_sharing_enabled":true,"jetpack_likes_enabled":true,"jetpack-related-posts":[],"_links":{"self":[{"href":"https:\/\/eltrabajo.cl\/portal\/wp-json\/wp\/v2\/posts\/42507","targetHints":{"allow":["GET"]}}],"collection":[{"href":"https:\/\/eltrabajo.cl\/portal\/wp-json\/wp\/v2\/posts"}],"about":[{"href":"https:\/\/eltrabajo.cl\/portal\/wp-json\/wp\/v2\/types\/post"}],"author":[{"embeddable":true,"href":"https:\/\/eltrabajo.cl\/portal\/wp-json\/wp\/v2\/users\/482"}],"replies":[{"embeddable":true,"href":"https:\/\/eltrabajo.cl\/portal\/wp-json\/wp\/v2\/comments?post=42507"}],"version-history":[{"count":0,"href":"https:\/\/eltrabajo.cl\/portal\/wp-json\/wp\/v2\/posts\/42507\/revisions"}],"wp:featuredmedia":[{"embeddable":true,"href":"https:\/\/eltrabajo.cl\/portal\/wp-json\/wp\/v2\/media\/42508"}],"wp:attachment":[{"href":"https:\/\/eltrabajo.cl\/portal\/wp-json\/wp\/v2\/media?parent=42507"}],"wp:term":[{"taxonomy":"category","embeddable":true,"href":"https:\/\/eltrabajo.cl\/portal\/wp-json\/wp\/v2\/categories?post=42507"},{"taxonomy":"post_tag","embeddable":true,"href":"https:\/\/eltrabajo.cl\/portal\/wp-json\/wp\/v2\/tags?post=42507"}],"curies":[{"name":"wp","href":"https:\/\/api.w.org\/{rel}","templated":true}]}}