{"id":42510,"date":"2014-01-29T09:26:30","date_gmt":"2014-01-29T12:26:30","guid":{"rendered":"http:\/\/www.eltrabajo.cl\/portal\/?p=42510"},"modified":"2014-01-29T09:26:30","modified_gmt":"2014-01-29T12:26:30","slug":"alcalde-reyes-se-reunira-con-prefecto-marcelo-duran","status":"publish","type":"post","link":"https:\/\/eltrabajo.cl\/portal\/alcalde-reyes-se-reunira-con-prefecto-marcelo-duran\/","title":{"rendered":"Alcalde Reyes se reunir\u00e1 con Prefecto Marcelo Dur\u00e1n"},"content":{"rendered":"<figure id=\"attachment_42511\" aria-describedby=\"caption-attachment-42511\" style=\"width: 317px\" class=\"wp-caption alignleft\"><a href=\"https:\/\/i0.wp.com\/www.eltrabajo.cl\/portal\/wp-content\/uploads\/2014\/01\/alcaldereyes.jpg\"><img data-recalc-dims=\"1\" loading=\"lazy\" decoding=\"async\" class=\" wp-image-42511 \" title=\"Alcalde de Putaendo, Guillermo Reyes.\" alt=\"Alcalde de Putaendo, Guillermo Reyes.\" src=\"https:\/\/i0.wp.com\/www.eltrabajo.cl\/portal\/wp-content\/uploads\/2014\/01\/alcaldereyes.jpg?resize=317%2C217\" width=\"317\" height=\"217\" srcset=\"https:\/\/i0.wp.com\/eltrabajo.cl\/portal\/wp-content\/uploads\/2014\/01\/alcaldereyes.jpg?w=529&amp;ssl=1 529w, https:\/\/i0.wp.com\/eltrabajo.cl\/portal\/wp-content\/uploads\/2014\/01\/alcaldereyes.jpg?resize=200%2C136&amp;ssl=1 200w, https:\/\/i0.wp.com\/eltrabajo.cl\/portal\/wp-content\/uploads\/2014\/01\/alcaldereyes.jpg?resize=300%2C205&amp;ssl=1 300w, https:\/\/i0.wp.com\/eltrabajo.cl\/portal\/wp-content\/uploads\/2014\/01\/alcaldereyes.jpg?resize=150%2C102&amp;ssl=1 150w, https:\/\/i0.wp.com\/eltrabajo.cl\/portal\/wp-content\/uploads\/2014\/01\/alcaldereyes.jpg?resize=400%2C273&amp;ssl=1 400w\" sizes=\"auto, (max-width: 317px) 100vw, 317px\" \/><\/a><figcaption id=\"caption-attachment-42511\" class=\"wp-caption-text\">Alcalde de Putaendo, Guillermo Reyes.<\/figcaption><\/figure>\n<p><strong>PUTAENDO.<\/strong>&#8211; El Alcalde Guillermo Reyes, anunci\u00f3 que durante esta semana mantendr\u00e1 una importante reuni\u00f3n con el Prefecto de Carabineros de Aconcagua, Coronel Marcelo Dur\u00e1n, para tratar los \u00faltimos robos que han afectado a comerciantes de la comuna y adem\u00e1s se referir\u00e1 sobre la falta de personal policial y el env\u00edo de estos hasta la ciudad de San Felipe. El edil se\u00f1al\u00f3 que no puede ser que se est\u00e9n cometiendo robos en pleno centro de la comuna, porque se supone que es el lugar m\u00e1s f\u00e1cil de patrullar, adem\u00e1s indic\u00f3 que eso obedece al problema que enfrenta Putaendo en cuanto al poco contingente de Carabineros, que adem\u00e1s es sometido a extensos turnos por parte del alto mando institucional.<\/p>\n<p>La primera autoridad comunal dijo que claramente hay un modus operandi de los delincuentes, ya que las botiller\u00edas que fueron v\u00edctima de robos est\u00e1n en esquina de calle, lo que permite a los delincuentes tener mayor visibilidad en cuanto a las v\u00edas de escape, por lo que har\u00e1 saber al Coronel Dur\u00e1n la preocupaci\u00f3n y disconformidad del municipio por la falta de personal policial, en un hecho que est\u00e1 afectando a los vecinos de Putaendo.<\/p>\n<p>Finalmente, Reyes se\u00f1al\u00f3 que las c\u00e1maras de vigilancia que estar\u00e1n operativas en los pr\u00f3ximos meses en distintos sectores de Putaendo Centro son un apoyo a la labor de Carabineros y de modo alguno significa reemplazar a un efectivo policial, por lo que solicitar\u00e1 al alto mando de la instituci\u00f3n que no se sigan sacando Carabineros asignados a Putaendo para ser enviados a la ciudad de San Felipe, a lo que se suma el hecho que hoy Carabineros de Putaendo tiene disminuida la cantidad de veh\u00edculos operativos, lo que hace a\u00fan m\u00e1s dificultoso el trabajo del personal policial de la comuna en el \u00e1mbito preventivo.<\/p>\n<p>Patricio Gallardo M.<\/p>\n<p>&nbsp;<\/p>\n","protected":false},"excerpt":{"rendered":"<p>PUTAENDO.&#8211; El Alcalde Guillermo Reyes, anunci\u00f3 que durante esta semana mantendr\u00e1 una importante reuni\u00f3n con el Prefecto de Carabineros de Aconcagua, Coronel Marcelo Dur\u00e1n, para tratar los \u00faltimos robos que han afectado&#8230;<\/p>\n","protected":false},"author":482,"featured_media":42511,"comment_status":"open","ping_status":"closed","sticky":false,"template":"","format":"standard","meta":{"advanced_seo_description":"","jetpack_seo_html_title":"","jetpack_seo_noindex":false,"_jetpack_memberships_contains_paid_content":false,"footnotes":""},"categories":[1],"tags":[],"class_list":["post-42510","post","type-post","status-publish","format-standard","has-post-thumbnail","hentry","category-cronica"],"jetpack_featured_media_url":"https:\/\/i0.wp.com\/eltrabajo.cl\/portal\/wp-content\/uploads\/2014\/01\/alcaldereyes.jpg?fit=529%2C362&ssl=1","jetpack_sharing_enabled":true,"jetpack_likes_enabled":true,"jetpack-related-posts":[],"_links":{"self":[{"href":"https:\/\/eltrabajo.cl\/portal\/wp-json\/wp\/v2\/posts\/42510","targetHints":{"allow":["GET"]}}],"collection":[{"href":"https:\/\/eltrabajo.cl\/portal\/wp-json\/wp\/v2\/posts"}],"about":[{"href":"https:\/\/eltrabajo.cl\/portal\/wp-json\/wp\/v2\/types\/post"}],"author":[{"embeddable":true,"href":"https:\/\/eltrabajo.cl\/portal\/wp-json\/wp\/v2\/users\/482"}],"replies":[{"embeddable":true,"href":"https:\/\/eltrabajo.cl\/portal\/wp-json\/wp\/v2\/comments?post=42510"}],"version-history":[{"count":0,"href":"https:\/\/eltrabajo.cl\/portal\/wp-json\/wp\/v2\/posts\/42510\/revisions"}],"wp:featuredmedia":[{"embeddable":true,"href":"https:\/\/eltrabajo.cl\/portal\/wp-json\/wp\/v2\/media\/42511"}],"wp:attachment":[{"href":"https:\/\/eltrabajo.cl\/portal\/wp-json\/wp\/v2\/media?parent=42510"}],"wp:term":[{"taxonomy":"category","embeddable":true,"href":"https:\/\/eltrabajo.cl\/portal\/wp-json\/wp\/v2\/categories?post=42510"},{"taxonomy":"post_tag","embeddable":true,"href":"https:\/\/eltrabajo.cl\/portal\/wp-json\/wp\/v2\/tags?post=42510"}],"curies":[{"name":"wp","href":"https:\/\/api.w.org\/{rel}","templated":true}]}}