{"id":42518,"date":"2014-01-29T09:30:23","date_gmt":"2014-01-29T12:30:23","guid":{"rendered":"http:\/\/www.eltrabajo.cl\/portal\/?p=42518"},"modified":"2014-01-29T09:30:23","modified_gmt":"2014-01-29T12:30:23","slug":"realizan-llamado-a-cancelar-patentes-municipales-antes-que-culmine-el-plazo","status":"publish","type":"post","link":"https:\/\/eltrabajo.cl\/portal\/realizan-llamado-a-cancelar-patentes-municipales-antes-que-culmine-el-plazo\/","title":{"rendered":"Realizan llamado a cancelar patentes municipales antes que culmine el plazo"},"content":{"rendered":"<figure id=\"attachment_42519\" aria-describedby=\"caption-attachment-42519\" style=\"width: 528px\" class=\"wp-caption alignnone\"><a href=\"https:\/\/i0.wp.com\/www.eltrabajo.cl\/portal\/wp-content\/uploads\/2014\/01\/municipalidad1.jpg\"><img data-recalc-dims=\"1\" loading=\"lazy\" decoding=\"async\" class=\"size-full wp-image-42519\" title=\"Este viernes 31 de enero, culmina el plazo para pagar las patentes municipales.\" alt=\"Este viernes 31 de enero, culmina el plazo para pagar las patentes municipales.\" src=\"https:\/\/i0.wp.com\/www.eltrabajo.cl\/portal\/wp-content\/uploads\/2014\/01\/municipalidad1.jpg?resize=528%2C267\" width=\"528\" height=\"267\" srcset=\"https:\/\/i0.wp.com\/eltrabajo.cl\/portal\/wp-content\/uploads\/2014\/01\/municipalidad1.jpg?w=528&amp;ssl=1 528w, https:\/\/i0.wp.com\/eltrabajo.cl\/portal\/wp-content\/uploads\/2014\/01\/municipalidad1.jpg?resize=200%2C101&amp;ssl=1 200w, https:\/\/i0.wp.com\/eltrabajo.cl\/portal\/wp-content\/uploads\/2014\/01\/municipalidad1.jpg?resize=300%2C151&amp;ssl=1 300w, https:\/\/i0.wp.com\/eltrabajo.cl\/portal\/wp-content\/uploads\/2014\/01\/municipalidad1.jpg?resize=150%2C75&amp;ssl=1 150w, https:\/\/i0.wp.com\/eltrabajo.cl\/portal\/wp-content\/uploads\/2014\/01\/municipalidad1.jpg?resize=400%2C202&amp;ssl=1 400w\" sizes=\"auto, (max-width: 528px) 100vw, 528px\" \/><\/a><figcaption id=\"caption-attachment-42519\" class=\"wp-caption-text\">Este viernes 31 de enero, culmina el plazo para pagar las patentes municipales.<\/figcaption><\/figure>\n<p>Este viernes 31 de enero, culmina el plazo para pagar las patentes municipales, por lo que la Municipalidad de San Felipe realiz\u00f3 un nuevo llamado a la comunidad a acercarse hasta la Corporaci\u00f3n edilicia a cancelar este concepto. Hasta la fecha han cumplido con el tr\u00e1mite alrededor de 1.000 contribuyentes, por lo que el llamado que realiz\u00f3 Margarita Guerra, la Jefa del Departamento de Rentas y Patentes es acercarse a cancelar y evitar perder las patentes cuando corresponda o pagar con inter\u00e9s.<\/p>\n<figure id=\"attachment_42520\" aria-describedby=\"caption-attachment-42520\" style=\"width: 317px\" class=\"wp-caption alignright\"><a href=\"https:\/\/i0.wp.com\/www.eltrabajo.cl\/portal\/wp-content\/uploads\/2014\/01\/Margarita-Guerra.jpg\"><img data-recalc-dims=\"1\" loading=\"lazy\" decoding=\"async\" class=\" wp-image-42520 \" title=\"Margarita Guerra, Jefa del Departamento de Rentas y Patentes.\" alt=\"Margarita Guerra, Jefa del Departamento de Rentas y Patentes.\" src=\"https:\/\/i0.wp.com\/www.eltrabajo.cl\/portal\/wp-content\/uploads\/2014\/01\/Margarita-Guerra.jpg?resize=317%2C287\" width=\"317\" height=\"287\" srcset=\"https:\/\/i0.wp.com\/eltrabajo.cl\/portal\/wp-content\/uploads\/2014\/01\/Margarita-Guerra.jpg?w=529&amp;ssl=1 529w, https:\/\/i0.wp.com\/eltrabajo.cl\/portal\/wp-content\/uploads\/2014\/01\/Margarita-Guerra.jpg?resize=166%2C150&amp;ssl=1 166w, https:\/\/i0.wp.com\/eltrabajo.cl\/portal\/wp-content\/uploads\/2014\/01\/Margarita-Guerra.jpg?resize=300%2C271&amp;ssl=1 300w, https:\/\/i0.wp.com\/eltrabajo.cl\/portal\/wp-content\/uploads\/2014\/01\/Margarita-Guerra.jpg?resize=150%2C135&amp;ssl=1 150w, https:\/\/i0.wp.com\/eltrabajo.cl\/portal\/wp-content\/uploads\/2014\/01\/Margarita-Guerra.jpg?resize=400%2C361&amp;ssl=1 400w\" sizes=\"auto, (max-width: 317px) 100vw, 317px\" \/><\/a><figcaption id=\"caption-attachment-42520\" class=\"wp-caption-text\">Margarita Guerra, Jefa del Departamento de Rentas y Patentes.<\/figcaption><\/figure>\n<p>\u00abTodo aquel comerciante que tenga patente comercial, industrial, de alcoholes y adem\u00e1s los profesionales, las ferias libres y microempresa, debe acercarse a cancelar porque a\u00fan nos faltan 2.400 contribuyentes que cumplan con esta obligaci\u00f3n, especialmente aquellas personas que tienen patente de alcoholes, no se olviden que hay patentes que son limitadas de alcoholes como es de dep\u00f3sito, la de cerveza y bar, si estas patentes no se pagan dentro del plazo legal caducan por ley\u00bb, se\u00f1al\u00f3 Guerra.<\/p>\n<p>Adem\u00e1s aquellas personas que no paguen dentro del plazo, tienen que hacerlo con intereses, a lo que se suma la multa al no haber renovado las patentes.<\/p>\n<p>Para facilitar la atenci\u00f3n del p\u00fablico, el departamento de Rentas extender\u00e1 el horario de atenci\u00f3n tanto el jueves 30 como el viernes 31 de enero, desde las 8 de la ma\u00f1ana y hasta las 18:00 horas, en horario continuado.<\/p>\n","protected":false},"excerpt":{"rendered":"<p>Este viernes 31 de enero, culmina el plazo para pagar las patentes municipales, por lo que la Municipalidad de San Felipe realiz\u00f3 un nuevo llamado a la comunidad a acercarse hasta la&#8230;<\/p>\n","protected":false},"author":482,"featured_media":42519,"comment_status":"open","ping_status":"closed","sticky":false,"template":"","format":"standard","meta":{"advanced_seo_description":"","jetpack_seo_html_title":"","jetpack_seo_noindex":false,"_jetpack_memberships_contains_paid_content":false,"footnotes":""},"categories":[1],"tags":[],"class_list":["post-42518","post","type-post","status-publish","format-standard","has-post-thumbnail","hentry","category-cronica"],"jetpack_featured_media_url":"https:\/\/i0.wp.com\/eltrabajo.cl\/portal\/wp-content\/uploads\/2014\/01\/municipalidad1.jpg?fit=528%2C267&ssl=1","jetpack_sharing_enabled":true,"jetpack_likes_enabled":true,"jetpack-related-posts":[],"_links":{"self":[{"href":"https:\/\/eltrabajo.cl\/portal\/wp-json\/wp\/v2\/posts\/42518","targetHints":{"allow":["GET"]}}],"collection":[{"href":"https:\/\/eltrabajo.cl\/portal\/wp-json\/wp\/v2\/posts"}],"about":[{"href":"https:\/\/eltrabajo.cl\/portal\/wp-json\/wp\/v2\/types\/post"}],"author":[{"embeddable":true,"href":"https:\/\/eltrabajo.cl\/portal\/wp-json\/wp\/v2\/users\/482"}],"replies":[{"embeddable":true,"href":"https:\/\/eltrabajo.cl\/portal\/wp-json\/wp\/v2\/comments?post=42518"}],"version-history":[{"count":0,"href":"https:\/\/eltrabajo.cl\/portal\/wp-json\/wp\/v2\/posts\/42518\/revisions"}],"wp:featuredmedia":[{"embeddable":true,"href":"https:\/\/eltrabajo.cl\/portal\/wp-json\/wp\/v2\/media\/42519"}],"wp:attachment":[{"href":"https:\/\/eltrabajo.cl\/portal\/wp-json\/wp\/v2\/media?parent=42518"}],"wp:term":[{"taxonomy":"category","embeddable":true,"href":"https:\/\/eltrabajo.cl\/portal\/wp-json\/wp\/v2\/categories?post=42518"},{"taxonomy":"post_tag","embeddable":true,"href":"https:\/\/eltrabajo.cl\/portal\/wp-json\/wp\/v2\/tags?post=42518"}],"curies":[{"name":"wp","href":"https:\/\/api.w.org\/{rel}","templated":true}]}}