{"id":42523,"date":"2014-01-29T09:31:25","date_gmt":"2014-01-29T12:31:25","guid":{"rendered":"http:\/\/www.eltrabajo.cl\/portal\/?p=42523"},"modified":"2014-01-29T09:31:25","modified_gmt":"2014-01-29T12:31:25","slug":"gobernacion-y-carabineros-coordinan-seguridad-para-juego-uni-iquique","status":"publish","type":"post","link":"https:\/\/eltrabajo.cl\/portal\/gobernacion-y-carabineros-coordinan-seguridad-para-juego-uni-iquique\/","title":{"rendered":"Gobernaci\u00f3n y Carabineros coordinan seguridad para juego Un\u00ed-Iquique"},"content":{"rendered":"<figure id=\"attachment_42524\" aria-describedby=\"caption-attachment-42524\" style=\"width: 529px\" class=\"wp-caption alignnone\"><a href=\"https:\/\/i0.wp.com\/www.eltrabajo.cl\/portal\/wp-content\/uploads\/2014\/01\/Reunion11.jpg\"><img data-recalc-dims=\"1\" loading=\"lazy\" decoding=\"async\" class=\"size-full wp-image-42524\" title=\"Al t\u00e9rmino de la reuni\u00f3n, Marceo Dur\u00e1n indic\u00f3 que el encuentro con la Gobernadora se centraliz\u00f3 en tomar y revisar cada una de las medidas de seguridad.\" alt=\"Al t\u00e9rmino de la reuni\u00f3n, Marceo Dur\u00e1n indic\u00f3 que el encuentro con la Gobernadora se centraliz\u00f3 en tomar y revisar cada una de las medidas de seguridad.\" src=\"https:\/\/i0.wp.com\/www.eltrabajo.cl\/portal\/wp-content\/uploads\/2014\/01\/Reunion11.jpg?resize=529%2C327\" width=\"529\" height=\"327\" srcset=\"https:\/\/i0.wp.com\/eltrabajo.cl\/portal\/wp-content\/uploads\/2014\/01\/Reunion11.jpg?w=529&amp;ssl=1 529w, https:\/\/i0.wp.com\/eltrabajo.cl\/portal\/wp-content\/uploads\/2014\/01\/Reunion11.jpg?resize=200%2C123&amp;ssl=1 200w, https:\/\/i0.wp.com\/eltrabajo.cl\/portal\/wp-content\/uploads\/2014\/01\/Reunion11.jpg?resize=300%2C185&amp;ssl=1 300w, https:\/\/i0.wp.com\/eltrabajo.cl\/portal\/wp-content\/uploads\/2014\/01\/Reunion11.jpg?resize=150%2C92&amp;ssl=1 150w, https:\/\/i0.wp.com\/eltrabajo.cl\/portal\/wp-content\/uploads\/2014\/01\/Reunion11.jpg?resize=400%2C247&amp;ssl=1 400w\" sizes=\"auto, (max-width: 529px) 100vw, 529px\" \/><\/a><figcaption id=\"caption-attachment-42524\" class=\"wp-caption-text\">Al t\u00e9rmino de la reuni\u00f3n, Marceo Dur\u00e1n indic\u00f3 que el encuentro con la Gobernadora se centraliz\u00f3 en tomar y revisar cada una de las medidas de seguridad.<\/figcaption><\/figure>\n<p>Con el fin de garantizar las medidas de seguridad que sean necesarias para el desarrollo del partido que jugar\u00e1 Uni\u00f3n San Felipe con Deportes Iquique este mi\u00e9rcoles 29 de enero a las 20:30 horas, por Semifinales de Copa Chile, la Gobernadora Provincial Patricia Boffa se reuni\u00f3 con el Prefecto de Carabineros de Aconcagua, Coronel Marcelo Dur\u00e1n.<\/p>\n<p>La reuni\u00f3n de coordinaron, permiti\u00f3 revisar las medidas que est\u00e1n relacionadas a los efectos de seguridad, tanto al interior como exterior del recinto deportivo.<\/p>\n<p>Entre lo acordado, inform\u00f3 la Gobernadora Boffa est\u00e1 el aforo para el partido, que de acuerdo a la resoluci\u00f3n emitida por la Gobernaci\u00f3n, ser\u00e1 de 3.500 personas, a esto se suma la presencia de 35 Guardias de seguridad, 100 vallas papales y la venta de entradas al partido se efectuar\u00e1 hasta tres horas antes del inicio del encuentro.<\/p>\n<p>Al t\u00e9rmino de la reuni\u00f3n, Marceo Dur\u00e1n indic\u00f3 que la cita con la Gobernadora se centraliz\u00f3 en tomar y revisar cada una de las medidas de seguridad.<\/p>\n<p>\u00abSi bien se jugar\u00e1 con Iquique, se trata de un partido de semifinales, donde puede acudir una gran cantidad de p\u00fablico, por lo mismo, como Carabineros debemos garantizar la seguridad del encuentro\u00bb. En tanto, la Gobernadora Boffa reiter\u00f3 que para cualquier tipo de evento deportivo, sea este de menor o alta convocatoria, se debe cumplir con lo que establece la Ley Estadio Seguro.<\/p>\n<p>\u00abNos preocupa la seguridad de cada una de las personas y de las familias que acuden al estadio, como autoridad de la provincia, lo que pretendemos es que cualquier partido, tengan las caracter\u00edsticas que sean, cuenten con las medidas que se requieran para que sea el f\u00fatbol el que brille y no otras acciones\u00bb.<\/p>\n","protected":false},"excerpt":{"rendered":"<p>Con el fin de garantizar las medidas de seguridad que sean necesarias para el desarrollo del partido que jugar\u00e1 Uni\u00f3n San Felipe con Deportes Iquique este mi\u00e9rcoles 29 de enero a las&#8230;<\/p>\n","protected":false},"author":482,"featured_media":42524,"comment_status":"open","ping_status":"closed","sticky":false,"template":"","format":"standard","meta":{"advanced_seo_description":"","jetpack_seo_html_title":"","jetpack_seo_noindex":false,"_jetpack_memberships_contains_paid_content":false,"footnotes":""},"categories":[15],"tags":[],"class_list":["post-42523","post","type-post","status-publish","format-standard","has-post-thumbnail","hentry","category-comunidad"],"jetpack_featured_media_url":"https:\/\/i0.wp.com\/eltrabajo.cl\/portal\/wp-content\/uploads\/2014\/01\/Reunion11.jpg?fit=529%2C327&ssl=1","jetpack_sharing_enabled":true,"jetpack_likes_enabled":true,"jetpack-related-posts":[],"_links":{"self":[{"href":"https:\/\/eltrabajo.cl\/portal\/wp-json\/wp\/v2\/posts\/42523","targetHints":{"allow":["GET"]}}],"collection":[{"href":"https:\/\/eltrabajo.cl\/portal\/wp-json\/wp\/v2\/posts"}],"about":[{"href":"https:\/\/eltrabajo.cl\/portal\/wp-json\/wp\/v2\/types\/post"}],"author":[{"embeddable":true,"href":"https:\/\/eltrabajo.cl\/portal\/wp-json\/wp\/v2\/users\/482"}],"replies":[{"embeddable":true,"href":"https:\/\/eltrabajo.cl\/portal\/wp-json\/wp\/v2\/comments?post=42523"}],"version-history":[{"count":0,"href":"https:\/\/eltrabajo.cl\/portal\/wp-json\/wp\/v2\/posts\/42523\/revisions"}],"wp:featuredmedia":[{"embeddable":true,"href":"https:\/\/eltrabajo.cl\/portal\/wp-json\/wp\/v2\/media\/42524"}],"wp:attachment":[{"href":"https:\/\/eltrabajo.cl\/portal\/wp-json\/wp\/v2\/media?parent=42523"}],"wp:term":[{"taxonomy":"category","embeddable":true,"href":"https:\/\/eltrabajo.cl\/portal\/wp-json\/wp\/v2\/categories?post=42523"},{"taxonomy":"post_tag","embeddable":true,"href":"https:\/\/eltrabajo.cl\/portal\/wp-json\/wp\/v2\/tags?post=42523"}],"curies":[{"name":"wp","href":"https:\/\/api.w.org\/{rel}","templated":true}]}}