{"id":42548,"date":"2014-01-30T09:26:20","date_gmt":"2014-01-30T12:26:20","guid":{"rendered":"http:\/\/www.eltrabajo.cl\/portal\/?p=42548"},"modified":"2014-01-30T09:26:20","modified_gmt":"2014-01-30T12:26:20","slug":"marcela-duque-puso-a-bailar-zumba-a-ninos-de-las-escuelas-de-verano","status":"publish","type":"post","link":"https:\/\/eltrabajo.cl\/portal\/marcela-duque-puso-a-bailar-zumba-a-ninos-de-las-escuelas-de-verano\/","title":{"rendered":"Marcela Duque puso a bailar zumba a ni\u00f1os de las escuelas de verano"},"content":{"rendered":"<figure id=\"attachment_42549\" aria-describedby=\"caption-attachment-42549\" style=\"width: 528px\" class=\"wp-caption alignnone\"><a href=\"https:\/\/i0.wp.com\/www.eltrabajo.cl\/portal\/wp-content\/uploads\/2014\/01\/Agua1.jpg\"><img data-recalc-dims=\"1\" loading=\"lazy\" decoding=\"async\" class=\"size-full wp-image-42549\" title=\"FRESCO VERANO.- Una entretenida tarde disfrutaron 110 ni\u00f1os que asisten a las escuelas de verano y que funcionan en las escuelas Cristo Redentor y La Pampilla de Calle Larga, en el marco de la realizaci\u00f3n de la Fiesta del Agua.\" alt=\"FRESCO VERANO.- Una entretenida tarde disfrutaron 110 ni\u00f1os que asisten a las escuelas de verano y que funcionan en las escuelas Cristo Redentor y La Pampilla de Calle Larga, en el marco de la realizaci\u00f3n de la Fiesta del Agua.\" src=\"https:\/\/i0.wp.com\/www.eltrabajo.cl\/portal\/wp-content\/uploads\/2014\/01\/Agua1.jpg?resize=528%2C274\" width=\"528\" height=\"274\" srcset=\"https:\/\/i0.wp.com\/eltrabajo.cl\/portal\/wp-content\/uploads\/2014\/01\/Agua1.jpg?w=528&amp;ssl=1 528w, https:\/\/i0.wp.com\/eltrabajo.cl\/portal\/wp-content\/uploads\/2014\/01\/Agua1.jpg?resize=200%2C103&amp;ssl=1 200w, https:\/\/i0.wp.com\/eltrabajo.cl\/portal\/wp-content\/uploads\/2014\/01\/Agua1.jpg?resize=300%2C155&amp;ssl=1 300w, https:\/\/i0.wp.com\/eltrabajo.cl\/portal\/wp-content\/uploads\/2014\/01\/Agua1.jpg?resize=150%2C77&amp;ssl=1 150w, https:\/\/i0.wp.com\/eltrabajo.cl\/portal\/wp-content\/uploads\/2014\/01\/Agua1.jpg?resize=400%2C207&amp;ssl=1 400w\" sizes=\"auto, (max-width: 528px) 100vw, 528px\" \/><\/a><figcaption id=\"caption-attachment-42549\" class=\"wp-caption-text\">FRESCO VERANO.- Una entretenida tarde disfrutaron 110 ni\u00f1os que asisten a las escuelas de verano y que funcionan en las escuelas Cristo Redentor y La Pampilla de Calle Larga, en el marco de la realizaci\u00f3n de la Fiesta del Agua.<\/figcaption><\/figure>\n<p><strong>CALLE LARGA<\/strong>.- Una entretenida tarde disfrutaron 110 ni\u00f1os que asisten a las escuelas de verano y que funcionan en las escuelas Cristo Redentor y La Pampilla de Calle Larga, en el marco de la realizaci\u00f3n de la Fiesta del Agua, actividad que organizada por el municipio de la comuna, es la que los peque\u00f1itos han disfrutado recientemente. En esta actividad, los peque\u00f1os pudieron capear el gran calor veraniego y adem\u00e1s pudieron bailar y cantar con las clases de zumba que estuvieron a cargo de Marcela Duque, esposa de Dj M\u00e9ndez y quien se ha hecho conocida por participar en la serie de TVN \u2018Los M\u00e9ndez\u2019.<\/p>\n<figure id=\"attachment_42550\" aria-describedby=\"caption-attachment-42550\" style=\"width: 423px\" class=\"wp-caption alignright\"><a href=\"https:\/\/i0.wp.com\/www.eltrabajo.cl\/portal\/wp-content\/uploads\/2014\/01\/Agua2.jpg\"><img data-recalc-dims=\"1\" loading=\"lazy\" decoding=\"async\" class=\" wp-image-42550 \" title=\"EN TVN.- Los m\u00e1s de 100 peque\u00f1itos pudieron bailar y cantar con las clases de zumba que estuvieron a cargo de Marcela Duque, esposa de Dj M\u00e9ndez y quien se ha hecho conocida por participar en la serie de TVN \u2018Los M\u00e9ndez\u2019.\" alt=\"EN TVN.- Los m\u00e1s de 100 peque\u00f1itos pudieron bailar y cantar con las clases de zumba que estuvieron a cargo de Marcela Duque, esposa de Dj M\u00e9ndez y quien se ha hecho conocida por participar en la serie de TVN \u2018Los M\u00e9ndez\u2019.\" src=\"https:\/\/i0.wp.com\/www.eltrabajo.cl\/portal\/wp-content\/uploads\/2014\/01\/Agua2.jpg?resize=423%2C282\" width=\"423\" height=\"282\" srcset=\"https:\/\/i0.wp.com\/eltrabajo.cl\/portal\/wp-content\/uploads\/2014\/01\/Agua2.jpg?w=529&amp;ssl=1 529w, https:\/\/i0.wp.com\/eltrabajo.cl\/portal\/wp-content\/uploads\/2014\/01\/Agua2.jpg?resize=200%2C133&amp;ssl=1 200w, https:\/\/i0.wp.com\/eltrabajo.cl\/portal\/wp-content\/uploads\/2014\/01\/Agua2.jpg?resize=300%2C200&amp;ssl=1 300w, https:\/\/i0.wp.com\/eltrabajo.cl\/portal\/wp-content\/uploads\/2014\/01\/Agua2.jpg?resize=150%2C100&amp;ssl=1 150w, https:\/\/i0.wp.com\/eltrabajo.cl\/portal\/wp-content\/uploads\/2014\/01\/Agua2.jpg?resize=400%2C266&amp;ssl=1 400w\" sizes=\"auto, (max-width: 423px) 100vw, 423px\" \/><\/a><figcaption id=\"caption-attachment-42550\" class=\"wp-caption-text\">EN TVN.- Los m\u00e1s de 100 peque\u00f1itos pudieron bailar y cantar con las clases de zumba que estuvieron a cargo de Marcela Duque, esposa de Dj M\u00e9ndez y quien se ha hecho conocida por participar en la serie de TVN \u2018Los M\u00e9ndez\u2019.<\/figcaption><\/figure>\n<p>\u00abEn Suecia me titul\u00e9 de Profesora, pero por la gran cantidad de tr\u00e1mites que hay que hacer en Chile no he podido convalidar el t\u00edtulo. Siempre me ha gustado trabajar con los ni\u00f1os, es por eso que me especialic\u00e9 en Zumba para ni\u00f1os y es eso lo que hoy venimos a hacer con mucho cari\u00f1o para los ni\u00f1os y ni\u00f1as que asisten a las escuelas de verano en Calle Larga\u00bb, sostuvo Duque.<\/p>\n<p>Durante esta actividad, un equipo de TVN grab\u00f3 la participaci\u00f3n de Marcela, material que ser\u00e1 presentado en una nueva temporada de la popular serie \u2018Los M\u00e9ndez\u2019. Sobre esta actividad en beneficio de los ni\u00f1os y ni\u00f1as que asisten a las escuelas de verano, el Alcalde Nelson Venegas expres\u00f3 su satisfacci\u00f3n y alegr\u00eda de que ellos puedan participar en este tipo de iniciativas.<\/p>\n<p>\u00abSabemos que es sumamente importante para las mam\u00e1s y pap\u00e1s que trabajan durante el verano, tener un lugar seguro en el que puedan dejar a sus hijos e hijas. Es por eso que como municipio desarrollamos estas escuelas de verano que permiten que los m\u00e1s peque\u00f1os est\u00e9n en un lugar seguro y donde pueden entretenerse y a la vez aprender, mientras no est\u00e1n con sus padres\u00bb, manifest\u00f3 el Alcalde Venegas.<\/p>\n<p>Actualmente las escuelas de verano funcionan gracias a los aportes entregados por la Municipalidad de Calle Larga, el IND y Junaeb. Para entregar una atenci\u00f3n completa a los m\u00e1s peque\u00f1os, se cuentan con un equipo compuesto por dos directores, dos monitores, tres auxiliares de aseo y cinco monitores de Chiledeportes.<\/p>\n<p>&nbsp;<\/p>\n","protected":false},"excerpt":{"rendered":"<p>CALLE LARGA.- Una entretenida tarde disfrutaron 110 ni\u00f1os que asisten a las escuelas de verano y que funcionan en las escuelas Cristo Redentor y La Pampilla de Calle Larga, en el marco&#8230;<\/p>\n","protected":false},"author":482,"featured_media":42549,"comment_status":"open","ping_status":"closed","sticky":false,"template":"","format":"standard","meta":{"advanced_seo_description":"","jetpack_seo_html_title":"","jetpack_seo_noindex":false,"_jetpack_memberships_contains_paid_content":false,"footnotes":""},"categories":[15],"tags":[],"class_list":["post-42548","post","type-post","status-publish","format-standard","has-post-thumbnail","hentry","category-comunidad"],"jetpack_featured_media_url":"https:\/\/i0.wp.com\/eltrabajo.cl\/portal\/wp-content\/uploads\/2014\/01\/Agua1.jpg?fit=528%2C274&ssl=1","jetpack_sharing_enabled":true,"jetpack_likes_enabled":true,"jetpack-related-posts":[],"_links":{"self":[{"href":"https:\/\/eltrabajo.cl\/portal\/wp-json\/wp\/v2\/posts\/42548","targetHints":{"allow":["GET"]}}],"collection":[{"href":"https:\/\/eltrabajo.cl\/portal\/wp-json\/wp\/v2\/posts"}],"about":[{"href":"https:\/\/eltrabajo.cl\/portal\/wp-json\/wp\/v2\/types\/post"}],"author":[{"embeddable":true,"href":"https:\/\/eltrabajo.cl\/portal\/wp-json\/wp\/v2\/users\/482"}],"replies":[{"embeddable":true,"href":"https:\/\/eltrabajo.cl\/portal\/wp-json\/wp\/v2\/comments?post=42548"}],"version-history":[{"count":0,"href":"https:\/\/eltrabajo.cl\/portal\/wp-json\/wp\/v2\/posts\/42548\/revisions"}],"wp:featuredmedia":[{"embeddable":true,"href":"https:\/\/eltrabajo.cl\/portal\/wp-json\/wp\/v2\/media\/42549"}],"wp:attachment":[{"href":"https:\/\/eltrabajo.cl\/portal\/wp-json\/wp\/v2\/media?parent=42548"}],"wp:term":[{"taxonomy":"category","embeddable":true,"href":"https:\/\/eltrabajo.cl\/portal\/wp-json\/wp\/v2\/categories?post=42548"},{"taxonomy":"post_tag","embeddable":true,"href":"https:\/\/eltrabajo.cl\/portal\/wp-json\/wp\/v2\/tags?post=42548"}],"curies":[{"name":"wp","href":"https:\/\/api.w.org\/{rel}","templated":true}]}}