{"id":42553,"date":"2014-01-30T09:29:17","date_gmt":"2014-01-30T12:29:17","guid":{"rendered":"http:\/\/www.eltrabajo.cl\/portal\/?p=42553"},"modified":"2014-01-30T09:29:17","modified_gmt":"2014-01-30T12:29:17","slug":"el-grafiti-sigue-siendo-la-tendencia-favorita-de-los-jovenes","status":"publish","type":"post","link":"https:\/\/eltrabajo.cl\/portal\/el-grafiti-sigue-siendo-la-tendencia-favorita-de-los-jovenes\/","title":{"rendered":"El Grafiti sigue siendo la tendencia favorita de los j\u00f3venes"},"content":{"rendered":"<figure id=\"attachment_42554\" aria-describedby=\"caption-attachment-42554\" style=\"width: 528px\" class=\"wp-caption alignnone\"><a href=\"https:\/\/i0.wp.com\/www.eltrabajo.cl\/portal\/wp-content\/uploads\/2014\/01\/Grafitero.jpg\"><img data-recalc-dims=\"1\" loading=\"lazy\" decoding=\"async\" class=\"size-full wp-image-42554\" title=\" Varios muros del sector comunitario de la poblaci\u00f3n, fueron pintados con murales y grafitis.\" alt=\" Varios muros del sector comunitario de la poblaci\u00f3n, fueron pintados con murales y grafitis.\" src=\"https:\/\/i0.wp.com\/www.eltrabajo.cl\/portal\/wp-content\/uploads\/2014\/01\/Grafitero.jpg?resize=528%2C396\" width=\"528\" height=\"396\" srcset=\"https:\/\/i0.wp.com\/eltrabajo.cl\/portal\/wp-content\/uploads\/2014\/01\/Grafitero.jpg?w=528&amp;ssl=1 528w, https:\/\/i0.wp.com\/eltrabajo.cl\/portal\/wp-content\/uploads\/2014\/01\/Grafitero.jpg?resize=200%2C150&amp;ssl=1 200w, https:\/\/i0.wp.com\/eltrabajo.cl\/portal\/wp-content\/uploads\/2014\/01\/Grafitero.jpg?resize=300%2C225&amp;ssl=1 300w, https:\/\/i0.wp.com\/eltrabajo.cl\/portal\/wp-content\/uploads\/2014\/01\/Grafitero.jpg?resize=150%2C112&amp;ssl=1 150w, https:\/\/i0.wp.com\/eltrabajo.cl\/portal\/wp-content\/uploads\/2014\/01\/Grafitero.jpg?resize=400%2C300&amp;ssl=1 400w\" sizes=\"auto, (max-width: 528px) 100vw, 528px\" \/><\/a><figcaption id=\"caption-attachment-42554\" class=\"wp-caption-text\">Varios muros del sector comunitario de la poblaci\u00f3n, fueron pintados con murales y grafitis.<\/figcaption><\/figure>\n<p>Con gran \u00e9xito se realiz\u00f3 recientemente el Encuentro Art\u00edstico \u2013 Cultural organizado por el Grupo Cultural Kriminales del Flow y del Movimiento Sector 2, de la Poblaci\u00f3n Santa Brigida, actividad desarrollada precisamente en la multicancha de este sector de San Felipe. La informaci\u00f3n la entreg\u00f3 el cantante de Kriminales del Flow y representante del Movimiento Sector 2, Gabriel Cataldo Araya, quien destac\u00f3 que esta iniciativa se realiz\u00f3 sin ninguna dificultad y lo que es mejor, con una excelente acogida de parte de los j\u00f3venes y vecinos en general de la Poblaci\u00f3n Santa Br\u00edgida y de otros puntos de la comuna y la provincia.<\/p>\n<figure id=\"attachment_42555\" aria-describedby=\"caption-attachment-42555\" style=\"width: 423px\" class=\"wp-caption alignright\"><a href=\"https:\/\/i0.wp.com\/www.eltrabajo.cl\/portal\/wp-content\/uploads\/2014\/01\/Grafiti.jpg\"><img data-recalc-dims=\"1\" loading=\"lazy\" decoding=\"async\" class=\" wp-image-42555 \" title=\"Los ni\u00f1os de la poblaci\u00f3n Santa Br\u00edgida posaron para las c\u00e1maras de Diario El Trabajo, tras la realizaci\u00f3n de este grafiti.\" alt=\"Los ni\u00f1os de la poblaci\u00f3n Santa Br\u00edgida posaron para las c\u00e1maras de Diario El Trabajo, tras la realizaci\u00f3n de este grafiti.\" src=\"https:\/\/i0.wp.com\/www.eltrabajo.cl\/portal\/wp-content\/uploads\/2014\/01\/Grafiti.jpg?resize=423%2C270\" width=\"423\" height=\"270\" srcset=\"https:\/\/i0.wp.com\/eltrabajo.cl\/portal\/wp-content\/uploads\/2014\/01\/Grafiti.jpg?w=529&amp;ssl=1 529w, https:\/\/i0.wp.com\/eltrabajo.cl\/portal\/wp-content\/uploads\/2014\/01\/Grafiti.jpg?resize=200%2C127&amp;ssl=1 200w, https:\/\/i0.wp.com\/eltrabajo.cl\/portal\/wp-content\/uploads\/2014\/01\/Grafiti.jpg?resize=300%2C191&amp;ssl=1 300w, https:\/\/i0.wp.com\/eltrabajo.cl\/portal\/wp-content\/uploads\/2014\/01\/Grafiti.jpg?resize=150%2C95&amp;ssl=1 150w, https:\/\/i0.wp.com\/eltrabajo.cl\/portal\/wp-content\/uploads\/2014\/01\/Grafiti.jpg?resize=400%2C255&amp;ssl=1 400w\" sizes=\"auto, (max-width: 423px) 100vw, 423px\" \/><\/a><figcaption id=\"caption-attachment-42555\" class=\"wp-caption-text\">Los ni\u00f1os de la poblaci\u00f3n Santa Br\u00edgida posaron para las c\u00e1maras de Diario El Trabajo, tras la realizaci\u00f3n de este grafiti.<\/figcaption><\/figure>\n<p>El objetivo que persigue la agrupaci\u00f3n con este tipo de actividades, dice relaci\u00f3n con la recaudaci\u00f3n de fondos que permitan adquirir implementos deportivos para los ni\u00f1os y j\u00f3venes, as\u00ed como mallas para los arcos de la multicancha, a fin de que los j\u00f3venes se motiven e incentiven en el deporte, creando as\u00ed conciencia en la comunidad de la necesidad de crecer y vivir en un ambiente libre de drogas y delincuencia.<\/p>\n<figure id=\"attachment_42556\" aria-describedby=\"caption-attachment-42556\" style=\"width: 338px\" class=\"wp-caption alignleft\"><a href=\"https:\/\/i0.wp.com\/www.eltrabajo.cl\/portal\/wp-content\/uploads\/2014\/01\/Artistas.jpg\"><img data-recalc-dims=\"1\" loading=\"lazy\" decoding=\"async\" class=\" wp-image-42556  \" title=\"La m\u00fasica tambi\u00e9n estuvo presente en el encuentro art\u00edstico realizado por Sector 2 y Kriminales del Flow.\" alt=\"La m\u00fasica tambi\u00e9n estuvo presente en el encuentro art\u00edstico realizado por Sector 2 y Kriminales del Flow.\" src=\"https:\/\/i0.wp.com\/www.eltrabajo.cl\/portal\/wp-content\/uploads\/2014\/01\/Artistas.jpg?resize=338%2C434\" width=\"338\" height=\"434\" srcset=\"https:\/\/i0.wp.com\/eltrabajo.cl\/portal\/wp-content\/uploads\/2014\/01\/Artistas.jpg?w=529&amp;ssl=1 529w, https:\/\/i0.wp.com\/eltrabajo.cl\/portal\/wp-content\/uploads\/2014\/01\/Artistas.jpg?resize=117%2C150&amp;ssl=1 117w, https:\/\/i0.wp.com\/eltrabajo.cl\/portal\/wp-content\/uploads\/2014\/01\/Artistas.jpg?resize=234%2C300&amp;ssl=1 234w\" sizes=\"auto, (max-width: 338px) 100vw, 338px\" \/><\/a><figcaption id=\"caption-attachment-42556\" class=\"wp-caption-text\">La m\u00fasica tambi\u00e9n estuvo presente en el encuentro art\u00edstico realizado por Sector 2 y Kriminales del Flow.<\/figcaption><\/figure>\n<p>\u00abNos fue s\u00faper bien, porque llegaron los grupos que quer\u00edamos, bandas de Llay Llay, San Esteban, Los Andes, graffiteros que hicieron murales y verdaderas obras art\u00edsticas en varias murallas, fue un muchacho a bailar break dance. Lo mejor es que contamos con todo el apoyo de los vecinos, fueron las familias, los ni\u00f1os. Fue una tarde s\u00faper emotiva y el encuentro fue muy bueno\u00bb, se\u00f1al\u00f3 Gabriel Cataldo.<\/p>\n<p>La actividad permiti\u00f3 reunir los fondos que servir\u00e1n para la compra de los elementos que se requieren y que la agrupaci\u00f3n se hab\u00eda fijado como meta, por lo que en los pr\u00f3ximos d\u00edas se har\u00e1 entrega de esos recursos al presidente de la Junta de Vecinos de la Poblaci\u00f3n Santa Br\u00edgida, Ram\u00f3n Astudillo, a fin de realizar las adquisiciones correspondientes.<\/p>\n<p>Consultado sobre nuevos desaf\u00edos, Cataldo manifest\u00f3 que siempre en la l\u00ednea de contribuir al rescate de los j\u00f3venes de la droga y la delincuencia, as\u00ed como con un af\u00e1n de promover estilos de vida saludables, mezclar\u00e1n una vez m\u00e1s el arte con el deporte y realizar\u00e1n pr\u00f3ximamente una actividad orientada a reunir dinero para arreglar los aros para la pr\u00e1ctica del b\u00e1squetbol. El joven artista y gestor cultural, hizo p\u00fablico su agradecimiento a la municipalidad de San Felipe, por el aporte que le hizo en amplificaci\u00f3n para el evento, as\u00ed como al Concejal Dante Rodr\u00edguez, por el aporte de colaciones para los graffiteros.<\/p>\n<p>&nbsp;<\/p>\n","protected":false},"excerpt":{"rendered":"<p>Con gran \u00e9xito se realiz\u00f3 recientemente el Encuentro Art\u00edstico \u2013 Cultural organizado por el Grupo Cultural Kriminales del Flow y del Movimiento Sector 2, de la Poblaci\u00f3n Santa Brigida, actividad desarrollada precisamente&#8230;<\/p>\n","protected":false},"author":482,"featured_media":42554,"comment_status":"open","ping_status":"closed","sticky":false,"template":"","format":"standard","meta":{"advanced_seo_description":"","jetpack_seo_html_title":"","jetpack_seo_noindex":false,"_jetpack_memberships_contains_paid_content":false,"footnotes":""},"categories":[15],"tags":[],"class_list":["post-42553","post","type-post","status-publish","format-standard","has-post-thumbnail","hentry","category-comunidad"],"jetpack_featured_media_url":"https:\/\/i0.wp.com\/eltrabajo.cl\/portal\/wp-content\/uploads\/2014\/01\/Grafitero.jpg?fit=528%2C396&ssl=1","jetpack_sharing_enabled":true,"jetpack_likes_enabled":true,"jetpack-related-posts":[],"_links":{"self":[{"href":"https:\/\/eltrabajo.cl\/portal\/wp-json\/wp\/v2\/posts\/42553","targetHints":{"allow":["GET"]}}],"collection":[{"href":"https:\/\/eltrabajo.cl\/portal\/wp-json\/wp\/v2\/posts"}],"about":[{"href":"https:\/\/eltrabajo.cl\/portal\/wp-json\/wp\/v2\/types\/post"}],"author":[{"embeddable":true,"href":"https:\/\/eltrabajo.cl\/portal\/wp-json\/wp\/v2\/users\/482"}],"replies":[{"embeddable":true,"href":"https:\/\/eltrabajo.cl\/portal\/wp-json\/wp\/v2\/comments?post=42553"}],"version-history":[{"count":0,"href":"https:\/\/eltrabajo.cl\/portal\/wp-json\/wp\/v2\/posts\/42553\/revisions"}],"wp:featuredmedia":[{"embeddable":true,"href":"https:\/\/eltrabajo.cl\/portal\/wp-json\/wp\/v2\/media\/42554"}],"wp:attachment":[{"href":"https:\/\/eltrabajo.cl\/portal\/wp-json\/wp\/v2\/media?parent=42553"}],"wp:term":[{"taxonomy":"category","embeddable":true,"href":"https:\/\/eltrabajo.cl\/portal\/wp-json\/wp\/v2\/categories?post=42553"},{"taxonomy":"post_tag","embeddable":true,"href":"https:\/\/eltrabajo.cl\/portal\/wp-json\/wp\/v2\/tags?post=42553"}],"curies":[{"name":"wp","href":"https:\/\/api.w.org\/{rel}","templated":true}]}}