{"id":42560,"date":"2014-01-30T09:31:05","date_gmt":"2014-01-30T12:31:05","guid":{"rendered":"http:\/\/www.eltrabajo.cl\/portal\/?p=42560"},"modified":"2014-01-30T09:31:05","modified_gmt":"2014-01-30T12:31:05","slug":"mas-de-120-arboles-han-sido-plantados-en-los-ultimos-anos-en-el-cerro-el-llano","status":"publish","type":"post","link":"https:\/\/eltrabajo.cl\/portal\/mas-de-120-arboles-han-sido-plantados-en-los-ultimos-anos-en-el-cerro-el-llano\/","title":{"rendered":"M\u00e1s de 120 \u00e1rboles han sido plantados en los \u00faltimos a\u00f1os en el Cerro El Llano"},"content":{"rendered":"<figure id=\"attachment_42561\" aria-describedby=\"caption-attachment-42561\" style=\"width: 529px\" class=\"wp-caption alignnone\"><a href=\"https:\/\/i0.wp.com\/www.eltrabajo.cl\/portal\/wp-content\/uploads\/2014\/01\/Arboles1.jpg\"><img data-recalc-dims=\"1\" loading=\"lazy\" decoding=\"async\" class=\"size-full wp-image-42561\" title=\"Los vecinos del Cerro El Llano han impulsado, desde hace varios a\u00f1os, una importante campa\u00f1a de forestaci\u00f3n que ha permitido plantar m\u00e1s de 120 \u00e1rboles de distintas especies.\" alt=\"Los vecinos del Cerro El Llano han impulsado, desde hace varios a\u00f1os, una importante campa\u00f1a de forestaci\u00f3n que ha permitido plantar m\u00e1s de 120 \u00e1rboles de distintas especies.\" src=\"https:\/\/i0.wp.com\/www.eltrabajo.cl\/portal\/wp-content\/uploads\/2014\/01\/Arboles1.jpg?resize=529%2C354\" width=\"529\" height=\"354\" srcset=\"https:\/\/i0.wp.com\/eltrabajo.cl\/portal\/wp-content\/uploads\/2014\/01\/Arboles1.jpg?w=529&amp;ssl=1 529w, https:\/\/i0.wp.com\/eltrabajo.cl\/portal\/wp-content\/uploads\/2014\/01\/Arboles1.jpg?resize=200%2C133&amp;ssl=1 200w, https:\/\/i0.wp.com\/eltrabajo.cl\/portal\/wp-content\/uploads\/2014\/01\/Arboles1.jpg?resize=300%2C200&amp;ssl=1 300w, https:\/\/i0.wp.com\/eltrabajo.cl\/portal\/wp-content\/uploads\/2014\/01\/Arboles1.jpg?resize=150%2C100&amp;ssl=1 150w, https:\/\/i0.wp.com\/eltrabajo.cl\/portal\/wp-content\/uploads\/2014\/01\/Arboles1.jpg?resize=400%2C267&amp;ssl=1 400w\" sizes=\"auto, (max-width: 529px) 100vw, 529px\" \/><\/a><figcaption id=\"caption-attachment-42561\" class=\"wp-caption-text\">Los vecinos del Cerro El Llano han impulsado, desde hace varios a\u00f1os, una importante campa\u00f1a de forestaci\u00f3n que ha permitido plantar m\u00e1s de 120 \u00e1rboles de distintas especies.<\/figcaption><\/figure>\n<p><strong>PUTAENDO<\/strong>.- Los vecinos del Cerro El Llano han impulsado, desde hace varios a\u00f1os, una importante campa\u00f1a de forestaci\u00f3n que ha permitido plantar m\u00e1s de 120 \u00e1rboles de distintas especies que hoy incluso tienen una altura superior a los siete metros. La junta vecinal y la comunidad con el importante apoyo del Concejal Sergio Zamora, han trabajado ordenada y silenciosamente para plantar estos \u00e1rboles, regarlos y cuidarlos en un trabajo que ha demandado el esfuerzo y dedicaci\u00f3n de muchos vecinos.<\/p>\n<figure id=\"attachment_42562\" aria-describedby=\"caption-attachment-42562\" style=\"width: 423px\" class=\"wp-caption alignright\"><a href=\"https:\/\/i0.wp.com\/www.eltrabajo.cl\/portal\/wp-content\/uploads\/2014\/01\/Arboles2.jpg\"><img data-recalc-dims=\"1\" loading=\"lazy\" decoding=\"async\" class=\" wp-image-42562 \" title=\"Quienes puedan regalar todo tipo de \u00e1rboles, que tomen contacto con la Junta de Vecinos de El Llano\" alt=\"Quienes puedan regalar todo tipo de \u00e1rboles, que tomen contacto con la Junta de Vecinos de El Llano\" src=\"https:\/\/i0.wp.com\/www.eltrabajo.cl\/portal\/wp-content\/uploads\/2014\/01\/Arboles2.jpg?resize=423%2C283\" width=\"423\" height=\"283\" srcset=\"https:\/\/i0.wp.com\/eltrabajo.cl\/portal\/wp-content\/uploads\/2014\/01\/Arboles2.jpg?w=529&amp;ssl=1 529w, https:\/\/i0.wp.com\/eltrabajo.cl\/portal\/wp-content\/uploads\/2014\/01\/Arboles2.jpg?resize=200%2C133&amp;ssl=1 200w, https:\/\/i0.wp.com\/eltrabajo.cl\/portal\/wp-content\/uploads\/2014\/01\/Arboles2.jpg?resize=300%2C200&amp;ssl=1 300w, https:\/\/i0.wp.com\/eltrabajo.cl\/portal\/wp-content\/uploads\/2014\/01\/Arboles2.jpg?resize=150%2C100&amp;ssl=1 150w, https:\/\/i0.wp.com\/eltrabajo.cl\/portal\/wp-content\/uploads\/2014\/01\/Arboles2.jpg?resize=400%2C267&amp;ssl=1 400w\" sizes=\"auto, (max-width: 423px) 100vw, 423px\" \/><\/a><figcaption id=\"caption-attachment-42562\" class=\"wp-caption-text\">Quienes puedan regalar todo tipo de \u00e1rboles, que tomen contacto con la Junta de Vecinos de El Llano<\/figcaption><\/figure>\n<p>Sergio Zamora se\u00f1al\u00f3 que asumiendo la responsabilidad como vecino y concejal, se ha preocupado con suma dedicaci\u00f3n para que estos \u00e1rboles nunca les falte el agua e indic\u00f3 que hoy ve con mucha satisfacci\u00f3n como muchos de ellos han crecido y han superado los siete metros de altura, agregando que cada vez que Esval realiza retrolavados de los filtros, el agua que botan la extraen con una manguera y la ocupan para regar los \u00e1rboles y los jardines, tambi\u00e9n tuvo palabras de agradecimiento para Esval y para uno de sus hermanos que d\u00eda a d\u00eda est\u00e1 pendiente por regar y mantener limpia la subida al Cerro El Llano en las cercan\u00edas de la alameda.<\/p>\n<p>El Concejal Zamora hizo un llamado a quienes puedan regalar todo tipo de \u00e1rboles para que tomen contacto con la Junta de Vecinos de El Llano o con \u00e9l mismo, pues con mucho agrado los ir\u00e1n a buscar y con mucho cari\u00f1o ser\u00e1n plantados, pues asegur\u00f3 que cada \u00e1rbol que es plantado en la subida al Cerro El Llano es un amigo que crece para dar sombra y forestar ese hermoso lugar, adem\u00e1s tambi\u00e9n hizo un llamado para que los j\u00f3venes que habitualmente suben a divertirse en las distintas \u00e1reas del Cerro El Llano no ensucien ni contaminen el cerro y pidi\u00f3 de sobremanera que no contin\u00faen quebrando botellas en los sectores donde transitan personas, pues a lo menos una vez al mes los vecinos se organizan para limpiar la basura y el vidrio que arrojan personas que no viven en el Cerro El Llano y que lamentablemente ocupan ese sector como un basural.<\/p>\n<p>Patricio Gallardo M.<\/p>\n<p>&nbsp;<\/p>\n","protected":false},"excerpt":{"rendered":"<p>PUTAENDO.- Los vecinos del Cerro El Llano han impulsado, desde hace varios a\u00f1os, una importante campa\u00f1a de forestaci\u00f3n que ha permitido plantar m\u00e1s de 120 \u00e1rboles de distintas especies que hoy incluso&#8230;<\/p>\n","protected":false},"author":482,"featured_media":42561,"comment_status":"open","ping_status":"closed","sticky":false,"template":"","format":"standard","meta":{"advanced_seo_description":"","jetpack_seo_html_title":"","jetpack_seo_noindex":false,"_jetpack_memberships_contains_paid_content":false,"footnotes":""},"categories":[1],"tags":[],"class_list":["post-42560","post","type-post","status-publish","format-standard","has-post-thumbnail","hentry","category-cronica"],"jetpack_featured_media_url":"https:\/\/i0.wp.com\/eltrabajo.cl\/portal\/wp-content\/uploads\/2014\/01\/Arboles1.jpg?fit=529%2C354&ssl=1","jetpack_sharing_enabled":true,"jetpack_likes_enabled":true,"jetpack-related-posts":[],"_links":{"self":[{"href":"https:\/\/eltrabajo.cl\/portal\/wp-json\/wp\/v2\/posts\/42560","targetHints":{"allow":["GET"]}}],"collection":[{"href":"https:\/\/eltrabajo.cl\/portal\/wp-json\/wp\/v2\/posts"}],"about":[{"href":"https:\/\/eltrabajo.cl\/portal\/wp-json\/wp\/v2\/types\/post"}],"author":[{"embeddable":true,"href":"https:\/\/eltrabajo.cl\/portal\/wp-json\/wp\/v2\/users\/482"}],"replies":[{"embeddable":true,"href":"https:\/\/eltrabajo.cl\/portal\/wp-json\/wp\/v2\/comments?post=42560"}],"version-history":[{"count":0,"href":"https:\/\/eltrabajo.cl\/portal\/wp-json\/wp\/v2\/posts\/42560\/revisions"}],"wp:featuredmedia":[{"embeddable":true,"href":"https:\/\/eltrabajo.cl\/portal\/wp-json\/wp\/v2\/media\/42561"}],"wp:attachment":[{"href":"https:\/\/eltrabajo.cl\/portal\/wp-json\/wp\/v2\/media?parent=42560"}],"wp:term":[{"taxonomy":"category","embeddable":true,"href":"https:\/\/eltrabajo.cl\/portal\/wp-json\/wp\/v2\/categories?post=42560"},{"taxonomy":"post_tag","embeddable":true,"href":"https:\/\/eltrabajo.cl\/portal\/wp-json\/wp\/v2\/tags?post=42560"}],"curies":[{"name":"wp","href":"https:\/\/api.w.org\/{rel}","templated":true}]}}