{"id":42564,"date":"2014-01-30T09:33:14","date_gmt":"2014-01-30T12:33:14","guid":{"rendered":"http:\/\/www.eltrabajo.cl\/portal\/?p=42564"},"modified":"2014-01-30T09:33:14","modified_gmt":"2014-01-30T12:33:14","slug":"avanzan-gestiones-para-creacion-de-la-2a-compania-de-bomberos","status":"publish","type":"post","link":"https:\/\/eltrabajo.cl\/portal\/avanzan-gestiones-para-creacion-de-la-2a-compania-de-bomberos\/","title":{"rendered":"Avanzan gestiones para creaci\u00f3n de la 2\u00aa Compa\u00f1\u00eda de Bomberos"},"content":{"rendered":"<figure id=\"attachment_42565\" aria-describedby=\"caption-attachment-42565\" style=\"width: 423px\" class=\"wp-caption alignleft\"><a href=\"https:\/\/i0.wp.com\/www.eltrabajo.cl\/portal\/wp-content\/uploads\/2014\/01\/superintendente-bomberos.jpg\"><img data-recalc-dims=\"1\" loading=\"lazy\" decoding=\"async\" class=\" wp-image-42565 \" title=\"Respecto  a la ubicaci\u00f3n del nuevo cuartel bomberil, Tapia dijo que aun no est\u00e1 del todo definido, ya que hay varios lugares en estudio.\" alt=\"Respecto  a la ubicaci\u00f3n del nuevo cuartel bomberil, Tapia dijo que aun no est\u00e1 del todo definido, ya que hay varios lugares en estudio.\" src=\"https:\/\/i0.wp.com\/www.eltrabajo.cl\/portal\/wp-content\/uploads\/2014\/01\/superintendente-bomberos.jpg?resize=423%2C228\" width=\"423\" height=\"228\" srcset=\"https:\/\/i0.wp.com\/eltrabajo.cl\/portal\/wp-content\/uploads\/2014\/01\/superintendente-bomberos.jpg?w=529&amp;ssl=1 529w, https:\/\/i0.wp.com\/eltrabajo.cl\/portal\/wp-content\/uploads\/2014\/01\/superintendente-bomberos.jpg?resize=200%2C107&amp;ssl=1 200w, https:\/\/i0.wp.com\/eltrabajo.cl\/portal\/wp-content\/uploads\/2014\/01\/superintendente-bomberos.jpg?resize=300%2C161&amp;ssl=1 300w, https:\/\/i0.wp.com\/eltrabajo.cl\/portal\/wp-content\/uploads\/2014\/01\/superintendente-bomberos.jpg?resize=150%2C80&amp;ssl=1 150w, https:\/\/i0.wp.com\/eltrabajo.cl\/portal\/wp-content\/uploads\/2014\/01\/superintendente-bomberos.jpg?resize=400%2C215&amp;ssl=1 400w\" sizes=\"auto, (max-width: 423px) 100vw, 423px\" \/><\/a><figcaption id=\"caption-attachment-42565\" class=\"wp-caption-text\">Respecto a la ubicaci\u00f3n del nuevo cuartel bomberil, Tapia dijo que aun no est\u00e1 del todo definido, ya que hay varios lugares en estudio.<\/figcaption><\/figure>\n<p><strong>SAN ESTEBAN<\/strong>.- A paso firme avanzan las gestiones para la creaci\u00f3n de la segunda compa\u00f1\u00eda del Cuerpo de Bomberos de la comuna de San Esteban, cuyo cuartel estar\u00e1 emplazado en el sector del camino internacional. Ello luego que ya fueron entregados a la superintendencia de Bomberos los nombres y antecedentes de los futuros aspirantes a voluntarios, quienes pr\u00f3ximamente comenzar\u00e1n a recibir capacitaci\u00f3n. El Alcalde de San Esteban, Ren\u00e9 Mardones, resalt\u00f3 la importancia de poder crear esta compa\u00f1\u00eda en ese sector para poder llegar m\u00e1s r\u00e1pidamente a las emergencias.<\/p>\n<p>\u00abHubo un incendio en primera quebrada, se quem\u00f3 una casa entera y quedaron cuatro personas damnificadas, sin nada, con lo puesto, as\u00ed que es imperiosa formar esta Segunda Compa\u00f1\u00eda, ya que no hay oportunidad de acudir en forma m\u00e1s r\u00e1pida a los incendios, accidentes de tr\u00e1nsito, aluviones\u00bb, expres\u00f3.<\/p>\n<p>La autoridad comunal dijo que est\u00e1 pr\u00f3ximo a llegar a Bomberos un carro de rescate obtenido por el municipio para actuar en caso de accidentes vehiculares y por ello se requiere tener personal bomberil capacitado. En tanto, el Superintendente del Cuerpo de Bomberos de San Esteban, Jorge Tapia Tobar, dijo que hay un avance considerable en esta iniciativa al existir el inter\u00e9s de vecinos del sector en formar esta nueva compa\u00f1\u00eda.<\/p>\n<p>\u00abEs importante que los compromisos de la gente, del alcalde y del Cuerpo de Bomberos de San Esteban se junten y se levante la compa\u00f1\u00eda que tanta falta hace en el sector que es alejado y por eso el tiempo de respuesta debe ser \u00f3ptimo, hay bastante gente que necesita el servicio de Bomberos tanto en incendios estructurales, de pastizales, accidentes, aluviones, por lo tanto es un tema que hay que abordar\u00bb, detall\u00f3 el superintendente.<\/p>\n<p>Manifest\u00f3 que las personas del lugar tienen que agruparse y de alguna manera sacar adelante este proyecto, \u00abporque en el futuro tambi\u00e9n va a depender de ellos el funcionamiento de esta compa\u00f1\u00eda, porque en Chile los bomberos somos voluntarios y cada cuerpo de bomberos sobrevive gracias al trabajo de sus voluntarios, cada personas tienen que poner mucha de su parte para que la instituci\u00f3n salga fortalecida\u00bb.<\/p>\n","protected":false},"excerpt":{"rendered":"<p>SAN ESTEBAN.- A paso firme avanzan las gestiones para la creaci\u00f3n de la segunda compa\u00f1\u00eda del Cuerpo de Bomberos de la comuna de San Esteban, cuyo cuartel estar\u00e1 emplazado en el sector&#8230;<\/p>\n","protected":false},"author":482,"featured_media":42565,"comment_status":"open","ping_status":"closed","sticky":false,"template":"","format":"standard","meta":{"advanced_seo_description":"","jetpack_seo_html_title":"","jetpack_seo_noindex":false,"_jetpack_memberships_contains_paid_content":false,"footnotes":""},"categories":[1],"tags":[],"class_list":["post-42564","post","type-post","status-publish","format-standard","has-post-thumbnail","hentry","category-cronica"],"jetpack_featured_media_url":"https:\/\/i0.wp.com\/eltrabajo.cl\/portal\/wp-content\/uploads\/2014\/01\/superintendente-bomberos.jpg?fit=529%2C285&ssl=1","jetpack_sharing_enabled":true,"jetpack_likes_enabled":true,"jetpack-related-posts":[],"_links":{"self":[{"href":"https:\/\/eltrabajo.cl\/portal\/wp-json\/wp\/v2\/posts\/42564","targetHints":{"allow":["GET"]}}],"collection":[{"href":"https:\/\/eltrabajo.cl\/portal\/wp-json\/wp\/v2\/posts"}],"about":[{"href":"https:\/\/eltrabajo.cl\/portal\/wp-json\/wp\/v2\/types\/post"}],"author":[{"embeddable":true,"href":"https:\/\/eltrabajo.cl\/portal\/wp-json\/wp\/v2\/users\/482"}],"replies":[{"embeddable":true,"href":"https:\/\/eltrabajo.cl\/portal\/wp-json\/wp\/v2\/comments?post=42564"}],"version-history":[{"count":0,"href":"https:\/\/eltrabajo.cl\/portal\/wp-json\/wp\/v2\/posts\/42564\/revisions"}],"wp:featuredmedia":[{"embeddable":true,"href":"https:\/\/eltrabajo.cl\/portal\/wp-json\/wp\/v2\/media\/42565"}],"wp:attachment":[{"href":"https:\/\/eltrabajo.cl\/portal\/wp-json\/wp\/v2\/media?parent=42564"}],"wp:term":[{"taxonomy":"category","embeddable":true,"href":"https:\/\/eltrabajo.cl\/portal\/wp-json\/wp\/v2\/categories?post=42564"},{"taxonomy":"post_tag","embeddable":true,"href":"https:\/\/eltrabajo.cl\/portal\/wp-json\/wp\/v2\/tags?post=42564"}],"curies":[{"name":"wp","href":"https:\/\/api.w.org\/{rel}","templated":true}]}}