{"id":42568,"date":"2014-01-30T09:34:42","date_gmt":"2014-01-30T12:34:42","guid":{"rendered":"http:\/\/www.eltrabajo.cl\/portal\/?p=42568"},"modified":"2014-01-30T09:34:42","modified_gmt":"2014-01-30T12:34:42","slug":"daem-ejecuta-obras-de-mejoramiento-en-diferentes-centros-educativos","status":"publish","type":"post","link":"https:\/\/eltrabajo.cl\/portal\/daem-ejecuta-obras-de-mejoramiento-en-diferentes-centros-educativos\/","title":{"rendered":"Daem ejecuta obras de mejoramiento en diferentes centros educativos"},"content":{"rendered":"<figure id=\"attachment_42569\" aria-describedby=\"caption-attachment-42569\" style=\"width: 528px\" class=\"wp-caption alignnone\"><a href=\"https:\/\/i0.wp.com\/www.eltrabajo.cl\/portal\/wp-content\/uploads\/2014\/01\/Trabajos1.jpg\"><img data-recalc-dims=\"1\" loading=\"lazy\" decoding=\"async\" class=\"size-full wp-image-42569\" title=\"Los funcionarios de la Daem San Felipe, est\u00e1n desarrollando distintos trabajos tendientes a dejar los establecimientos educacionales en \u00f3ptimas condiciones para el a\u00f1o escolar 2014.\" alt=\"Los funcionarios de la Daem San Felipe, est\u00e1n desarrollando distintos trabajos tendientes a dejar los establecimientos educacionales en \u00f3ptimas condiciones para el a\u00f1o escolar 2014.\" src=\"https:\/\/i0.wp.com\/www.eltrabajo.cl\/portal\/wp-content\/uploads\/2014\/01\/Trabajos1.jpg?resize=528%2C397\" width=\"528\" height=\"397\" srcset=\"https:\/\/i0.wp.com\/eltrabajo.cl\/portal\/wp-content\/uploads\/2014\/01\/Trabajos1.jpg?w=528&amp;ssl=1 528w, https:\/\/i0.wp.com\/eltrabajo.cl\/portal\/wp-content\/uploads\/2014\/01\/Trabajos1.jpg?resize=200%2C150&amp;ssl=1 200w, https:\/\/i0.wp.com\/eltrabajo.cl\/portal\/wp-content\/uploads\/2014\/01\/Trabajos1.jpg?resize=300%2C225&amp;ssl=1 300w, https:\/\/i0.wp.com\/eltrabajo.cl\/portal\/wp-content\/uploads\/2014\/01\/Trabajos1.jpg?resize=150%2C112&amp;ssl=1 150w, https:\/\/i0.wp.com\/eltrabajo.cl\/portal\/wp-content\/uploads\/2014\/01\/Trabajos1.jpg?resize=400%2C300&amp;ssl=1 400w\" sizes=\"auto, (max-width: 528px) 100vw, 528px\" \/><\/a><figcaption id=\"caption-attachment-42569\" class=\"wp-caption-text\">Los funcionarios de la Daem San Felipe, est\u00e1n desarrollando distintos trabajos tendientes a dejar los establecimientos educacionales en \u00f3ptimas condiciones para el a\u00f1o escolar 2014.<\/figcaption><\/figure>\n<p>En esta \u00e9poca de vacaciones de verano, los funcionarios de la Daem San Felipe est\u00e1n desarrollando distintos trabajos tendientes a dejar los establecimientos educacionales en \u00f3ptimas condiciones para el a\u00f1o escolar 2014. Es por esto que entre los trabajos m\u00e1s importantes que se est\u00e1n llevando a cabo, figuran la construcci\u00f3n de una rampa para discapacitados en la escuela Sagrado Coraz\u00f3n, lo que facilitar\u00e1 el acceso desde y hacia la zona comedores, sobretodo de sillas de ruedas, la que contar\u00e1 con todas las exigencias dispuestas por el Ministerio de Educaci\u00f3n.<\/p>\n<figure id=\"attachment_42570\" aria-describedby=\"caption-attachment-42570\" style=\"width: 423px\" class=\"wp-caption alignright\"><a href=\"https:\/\/i0.wp.com\/www.eltrabajo.cl\/portal\/wp-content\/uploads\/2014\/01\/Trabajos2.jpg\"><img data-recalc-dims=\"1\" loading=\"lazy\" decoding=\"async\" class=\" wp-image-42570 \" title=\"Otra de las obras importantes que se est\u00e1n desarrollando, son las mejoras a las estanter\u00edas de las bodegas y casinos de los jardines infantiles Burbujitas de Colores y Sol Naciente.\" alt=\"Otra de las obras importantes que se est\u00e1n desarrollando, son las mejoras a las estanter\u00edas de las bodegas y casinos de los jardines infantiles Burbujitas de Colores y Sol Naciente.\" src=\"https:\/\/i0.wp.com\/www.eltrabajo.cl\/portal\/wp-content\/uploads\/2014\/01\/Trabajos2.jpg?resize=423%2C318\" width=\"423\" height=\"318\" srcset=\"https:\/\/i0.wp.com\/eltrabajo.cl\/portal\/wp-content\/uploads\/2014\/01\/Trabajos2.jpg?w=529&amp;ssl=1 529w, https:\/\/i0.wp.com\/eltrabajo.cl\/portal\/wp-content\/uploads\/2014\/01\/Trabajos2.jpg?resize=200%2C150&amp;ssl=1 200w, https:\/\/i0.wp.com\/eltrabajo.cl\/portal\/wp-content\/uploads\/2014\/01\/Trabajos2.jpg?resize=300%2C225&amp;ssl=1 300w, https:\/\/i0.wp.com\/eltrabajo.cl\/portal\/wp-content\/uploads\/2014\/01\/Trabajos2.jpg?resize=150%2C112&amp;ssl=1 150w, https:\/\/i0.wp.com\/eltrabajo.cl\/portal\/wp-content\/uploads\/2014\/01\/Trabajos2.jpg?resize=400%2C300&amp;ssl=1 400w\" sizes=\"auto, (max-width: 423px) 100vw, 423px\" \/><\/a><figcaption id=\"caption-attachment-42570\" class=\"wp-caption-text\">Otra de las obras importantes que se est\u00e1n desarrollando, son las mejoras a las estanter\u00edas de las bodegas y casinos de los jardines infantiles Burbujitas de Colores y Sol Naciente.<\/figcaption><\/figure>\n<p>Otras de las mejoras que actualmente se realizan, son los trabajos de pintura que se ejecutan en el Jard\u00edn Sol Naciente, ubicado en Villa 250 A\u00f1os y a la Escuela San Rafael, lo que permitir\u00e1 mejorar est\u00e9ticamente ambos establecimientos municipalizados. Adem\u00e1s en esta \u00faltima, se arregl\u00f3 el cierre perimetral, lo que permitir\u00e1 aumentar la seguridad en el lugar.<\/p>\n<p>Tambi\u00e9n se dispuso el traslado de mobiliario desde la Escuela Buen Pastor hacia la Escuela Almendral, lo que permite entregar m\u00e1s y mejores posibilidades a los alumnos de este \u00faltimo establecimiento, incluso, posibilitando acoger a m\u00e1s ni\u00f1os que quieran participar de las actividades escolares en este colegio para el a\u00f1o 2014.<\/p>\n<p>Por otra parte en la Escuela Carmela Carvajal de Prat, se realiz\u00f3 la instalaci\u00f3n de cer\u00e1mico en el \u00e1rea de pre b\u00e1sica, adem\u00e1s de un cierre de seguridad, permitiendo generar otras posibilidades para los alumnos en los meses de invierno y verano, esto motivado por las condiciones clim\u00e1ticas que afectan a nuestra ciudad durante estos meses, lo que beneficiar\u00e1 a un importante n\u00famero de alumnos de este establecimiento educacional, situado en el sector de Curim\u00f3n.<\/p>\n<p>Otra de las obras importantes que se est\u00e1n desarrollando, son las mejoras a las estanter\u00edas de las bodegas y casinos de los jardines infantiles Burbujitas de Colores y Sol Naciente, lo que permitir\u00e1 almacenar elementos en excelentes condiciones de higiene y seguridad.<\/p>\n<p>Paralelamente, en la Escuela Jos\u00e9 de San Martin se realiz\u00f3 la reparaci\u00f3n de los ventanales del sector de biblioteca, mejorando a\u00fan m\u00e1s las condiciones de uso para los alumnos de este establecimiento educacional.<\/p>\n<p>Los trabajos, significaron una inversi\u00f3n de parte del municipio cercana a los cinco millones de pesos, y permitir\u00e1n recibir en \u00f3ptimas condiciones a los estudiantes que en el mes de marzo, comiencen un nuevo periodo escolar.<\/p>\n<p>Iv\u00e1n Silva Padilla, Director de Educaci\u00f3n Municipal de San Felipe, se mostr\u00f3 muy conforme con el avance que han presentado las obras, manifestando que \u00abpor disposici\u00f3n de nuestro Alcalde Patricio Freire, se est\u00e1n realizando estas mejoras, las que esperamos est\u00e9n listas la \u00faltima semana de febrero, para de esta forma, entregar establecimientos en \u00f3ptimas condiciones, para los requerimientos de los estudiantes y de los padres y apoderados, cumpliendo con nuestro compromiso de una educaci\u00f3n de calidad, y con las especificaciones t\u00e9cnicas entregadas por la Superintendencia de Educaci\u00f3n\u00bb, manifest\u00f3.<\/p>\n<p>&nbsp;<\/p>\n","protected":false},"excerpt":{"rendered":"<p>En esta \u00e9poca de vacaciones de verano, los funcionarios de la Daem San Felipe est\u00e1n desarrollando distintos trabajos tendientes a dejar los establecimientos educacionales en \u00f3ptimas condiciones para el a\u00f1o escolar 2014&#8230;.<\/p>\n","protected":false},"author":482,"featured_media":42569,"comment_status":"open","ping_status":"closed","sticky":false,"template":"","format":"standard","meta":{"advanced_seo_description":"","jetpack_seo_html_title":"","jetpack_seo_noindex":false,"_jetpack_memberships_contains_paid_content":false,"footnotes":""},"categories":[1],"tags":[],"class_list":["post-42568","post","type-post","status-publish","format-standard","has-post-thumbnail","hentry","category-cronica"],"jetpack_featured_media_url":"https:\/\/i0.wp.com\/eltrabajo.cl\/portal\/wp-content\/uploads\/2014\/01\/Trabajos1.jpg?fit=528%2C397&ssl=1","jetpack_sharing_enabled":true,"jetpack_likes_enabled":true,"jetpack-related-posts":[],"_links":{"self":[{"href":"https:\/\/eltrabajo.cl\/portal\/wp-json\/wp\/v2\/posts\/42568","targetHints":{"allow":["GET"]}}],"collection":[{"href":"https:\/\/eltrabajo.cl\/portal\/wp-json\/wp\/v2\/posts"}],"about":[{"href":"https:\/\/eltrabajo.cl\/portal\/wp-json\/wp\/v2\/types\/post"}],"author":[{"embeddable":true,"href":"https:\/\/eltrabajo.cl\/portal\/wp-json\/wp\/v2\/users\/482"}],"replies":[{"embeddable":true,"href":"https:\/\/eltrabajo.cl\/portal\/wp-json\/wp\/v2\/comments?post=42568"}],"version-history":[{"count":0,"href":"https:\/\/eltrabajo.cl\/portal\/wp-json\/wp\/v2\/posts\/42568\/revisions"}],"wp:featuredmedia":[{"embeddable":true,"href":"https:\/\/eltrabajo.cl\/portal\/wp-json\/wp\/v2\/media\/42569"}],"wp:attachment":[{"href":"https:\/\/eltrabajo.cl\/portal\/wp-json\/wp\/v2\/media?parent=42568"}],"wp:term":[{"taxonomy":"category","embeddable":true,"href":"https:\/\/eltrabajo.cl\/portal\/wp-json\/wp\/v2\/categories?post=42568"},{"taxonomy":"post_tag","embeddable":true,"href":"https:\/\/eltrabajo.cl\/portal\/wp-json\/wp\/v2\/tags?post=42568"}],"curies":[{"name":"wp","href":"https:\/\/api.w.org\/{rel}","templated":true}]}}