{"id":42572,"date":"2014-01-30T09:37:12","date_gmt":"2014-01-30T12:37:12","guid":{"rendered":"http:\/\/www.eltrabajo.cl\/portal\/?p=42572"},"modified":"2014-01-30T09:37:12","modified_gmt":"2014-01-30T12:37:12","slug":"veinte-familias-afectadas-por-sobrecarga-de-voltaje-en-sus-viviendas","status":"publish","type":"post","link":"https:\/\/eltrabajo.cl\/portal\/veinte-familias-afectadas-por-sobrecarga-de-voltaje-en-sus-viviendas\/","title":{"rendered":"Veinte familias afectadas por sobrecarga de voltaje en sus viviendas"},"content":{"rendered":"<figure id=\"attachment_42573\" aria-describedby=\"caption-attachment-42573\" style=\"width: 528px\" class=\"wp-caption alignnone\"><a href=\"https:\/\/i0.wp.com\/www.eltrabajo.cl\/portal\/wp-content\/uploads\/2014\/01\/Sobrecarga1.jpg\"><img data-recalc-dims=\"1\" loading=\"lazy\" decoding=\"async\" class=\"size-full wp-image-42573\" title=\"Cerca de 20 familias de Villa Los Almendros en Los Andes, se vieron afectados con la quema de sus artefactos el\u00e9ctricos y electr\u00f3nicos debido a una sobrecarga en el voltaje en sus viviendas.\" alt=\"Cerca de 20 familias de Villa Los Almendros en Los Andes, se vieron afectados con la quema de sus artefactos el\u00e9ctricos y electr\u00f3nicos debido a una sobrecarga en el voltaje en sus viviendas.\" src=\"https:\/\/i0.wp.com\/www.eltrabajo.cl\/portal\/wp-content\/uploads\/2014\/01\/Sobrecarga1.jpg?resize=528%2C397\" width=\"528\" height=\"397\" srcset=\"https:\/\/i0.wp.com\/eltrabajo.cl\/portal\/wp-content\/uploads\/2014\/01\/Sobrecarga1.jpg?w=528&amp;ssl=1 528w, https:\/\/i0.wp.com\/eltrabajo.cl\/portal\/wp-content\/uploads\/2014\/01\/Sobrecarga1.jpg?resize=200%2C150&amp;ssl=1 200w, https:\/\/i0.wp.com\/eltrabajo.cl\/portal\/wp-content\/uploads\/2014\/01\/Sobrecarga1.jpg?resize=300%2C225&amp;ssl=1 300w, https:\/\/i0.wp.com\/eltrabajo.cl\/portal\/wp-content\/uploads\/2014\/01\/Sobrecarga1.jpg?resize=150%2C112&amp;ssl=1 150w, https:\/\/i0.wp.com\/eltrabajo.cl\/portal\/wp-content\/uploads\/2014\/01\/Sobrecarga1.jpg?resize=400%2C300&amp;ssl=1 400w\" sizes=\"auto, (max-width: 528px) 100vw, 528px\" \/><\/a><figcaption id=\"caption-attachment-42573\" class=\"wp-caption-text\">Cerca de 20 familias de Villa Los Almendros en Los Andes, se vieron afectados con la quema de sus artefactos el\u00e9ctricos y electr\u00f3nicos debido a una sobrecarga en el voltaje en sus viviendas.<\/figcaption><\/figure>\n<p><strong>LOS ANDES<\/strong>.- Cerca de 20 familias de Villa Los Almendros en Los Andes, se vieron afectados con la quema de sus artefactos el\u00e9ctricos y electr\u00f3nicos debido a una sobrecarga en el voltaje en sus viviendas. El presidente de la Junta de Vecinos del sector, Eugenio Alfaro Guerra, indic\u00f3 que a eso de las 23:30 horas del lunes se produjo esta emergencia que comenz\u00f3 a notarse con el aumento de luminosidad de las ampolletas de los postes y luego quedaron a oscuras.<\/p>\n<figure id=\"attachment_42574\" aria-describedby=\"caption-attachment-42574\" style=\"width: 317px\" class=\"wp-caption alignright\"><a href=\"https:\/\/i0.wp.com\/www.eltrabajo.cl\/portal\/wp-content\/uploads\/2014\/01\/Eugenio-Alfaro.jpg\"><img data-recalc-dims=\"1\" loading=\"lazy\" decoding=\"async\" class=\" wp-image-42574 \" title=\"Presidente de la Junta de Vecinos del sector, Eugenio Alfaro Guerra.\" alt=\"Presidente de la Junta de Vecinos del sector, Eugenio Alfaro Guerra.\" src=\"https:\/\/i0.wp.com\/www.eltrabajo.cl\/portal\/wp-content\/uploads\/2014\/01\/Eugenio-Alfaro.jpg?resize=317%2C233\" width=\"317\" height=\"233\" srcset=\"https:\/\/i0.wp.com\/eltrabajo.cl\/portal\/wp-content\/uploads\/2014\/01\/Eugenio-Alfaro.jpg?w=529&amp;ssl=1 529w, https:\/\/i0.wp.com\/eltrabajo.cl\/portal\/wp-content\/uploads\/2014\/01\/Eugenio-Alfaro.jpg?resize=200%2C147&amp;ssl=1 200w, https:\/\/i0.wp.com\/eltrabajo.cl\/portal\/wp-content\/uploads\/2014\/01\/Eugenio-Alfaro.jpg?resize=300%2C220&amp;ssl=1 300w, https:\/\/i0.wp.com\/eltrabajo.cl\/portal\/wp-content\/uploads\/2014\/01\/Eugenio-Alfaro.jpg?resize=150%2C110&amp;ssl=1 150w, https:\/\/i0.wp.com\/eltrabajo.cl\/portal\/wp-content\/uploads\/2014\/01\/Eugenio-Alfaro.jpg?resize=400%2C294&amp;ssl=1 400w\" sizes=\"auto, (max-width: 317px) 100vw, 317px\" \/><\/a><figcaption id=\"caption-attachment-42574\" class=\"wp-caption-text\">Presidente de la Junta de Vecinos del sector, Eugenio Alfaro Guerra.<\/figcaption><\/figure>\n<p>El dirigente dijo que posterior a ello las ampolletas de las casas se pusieron blancas, aumentando su luminosidad, para luego reventar o quedar pegadas a los soquetes, saltando los autom\u00e1ticos de las viviendas.<\/p>\n<p>\u00abQuedamos a oscuras hasta despu\u00e9s de las dos de la madrugada y los vecinos nos juntamos en el pasaje para ver si hab\u00eda pasado algo m\u00e1s grave y cuando quedamos m\u00e1s tranquilos y lleg\u00f3 la energ\u00eda empezamos a revisar nuestros equipos y electrodom\u00e9sticos, comprobando que hab\u00edan bastantes quemados\u00bb, expuso el dirigente vecinal.<\/p>\n<p>Agreg\u00f3 que muchos vecinos empezaron a llamar al tel\u00e9fono 600 de Chilquinta que aparece en la boleta y tambi\u00e9n concurrieron a la oficina donde realizaron las denuncias, \u00abpor lo que quedaron de enviar a un t\u00e9cnico a verificar todo lo da\u00f1ado y ahora en la tarde lleg\u00f3 un funcionario que empez\u00f3 a retirar las especies, para ver si lo reparan o lo cambiaban\u00bb.<\/p>\n<p>Apunt\u00f3 que por el momento son veinte las familias afectadas y seg\u00fan Chilquinta el problema se debi\u00f3 a la falla de un transformador que hay en Calle Salvador Allende, \u00abpero queremos que Chilquinta responda por los equipos que se quemaron y vean qu\u00e9 fue lo que sucedi\u00f3, porque siempre nuestra villa est\u00e1 quedando sin alumbrado p\u00fablico como domiciliario por el problema del transformador que tenemos en la calle\u00bb.<\/p>\n<p>&nbsp;<\/p>\n","protected":false},"excerpt":{"rendered":"<p>LOS ANDES.- Cerca de 20 familias de Villa Los Almendros en Los Andes, se vieron afectados con la quema de sus artefactos el\u00e9ctricos y electr\u00f3nicos debido a una sobrecarga en el voltaje&#8230;<\/p>\n","protected":false},"author":482,"featured_media":42573,"comment_status":"open","ping_status":"closed","sticky":false,"template":"","format":"standard","meta":{"advanced_seo_description":"","jetpack_seo_html_title":"","jetpack_seo_noindex":false,"_jetpack_memberships_contains_paid_content":false,"footnotes":""},"categories":[1],"tags":[],"class_list":["post-42572","post","type-post","status-publish","format-standard","has-post-thumbnail","hentry","category-cronica"],"jetpack_featured_media_url":"https:\/\/i0.wp.com\/eltrabajo.cl\/portal\/wp-content\/uploads\/2014\/01\/Sobrecarga1.jpg?fit=528%2C397&ssl=1","jetpack_sharing_enabled":true,"jetpack_likes_enabled":true,"jetpack-related-posts":[],"_links":{"self":[{"href":"https:\/\/eltrabajo.cl\/portal\/wp-json\/wp\/v2\/posts\/42572","targetHints":{"allow":["GET"]}}],"collection":[{"href":"https:\/\/eltrabajo.cl\/portal\/wp-json\/wp\/v2\/posts"}],"about":[{"href":"https:\/\/eltrabajo.cl\/portal\/wp-json\/wp\/v2\/types\/post"}],"author":[{"embeddable":true,"href":"https:\/\/eltrabajo.cl\/portal\/wp-json\/wp\/v2\/users\/482"}],"replies":[{"embeddable":true,"href":"https:\/\/eltrabajo.cl\/portal\/wp-json\/wp\/v2\/comments?post=42572"}],"version-history":[{"count":0,"href":"https:\/\/eltrabajo.cl\/portal\/wp-json\/wp\/v2\/posts\/42572\/revisions"}],"wp:featuredmedia":[{"embeddable":true,"href":"https:\/\/eltrabajo.cl\/portal\/wp-json\/wp\/v2\/media\/42573"}],"wp:attachment":[{"href":"https:\/\/eltrabajo.cl\/portal\/wp-json\/wp\/v2\/media?parent=42572"}],"wp:term":[{"taxonomy":"category","embeddable":true,"href":"https:\/\/eltrabajo.cl\/portal\/wp-json\/wp\/v2\/categories?post=42572"},{"taxonomy":"post_tag","embeddable":true,"href":"https:\/\/eltrabajo.cl\/portal\/wp-json\/wp\/v2\/tags?post=42572"}],"curies":[{"name":"wp","href":"https:\/\/api.w.org\/{rel}","templated":true}]}}