{"id":42582,"date":"2014-01-30T09:40:55","date_gmt":"2014-01-30T12:40:55","guid":{"rendered":"http:\/\/www.eltrabajo.cl\/portal\/?p=42582"},"modified":"2014-01-30T09:40:55","modified_gmt":"2014-01-30T12:40:55","slug":"prodesal-san-felipe-sigue-trabajando-con-agricultores","status":"publish","type":"post","link":"https:\/\/eltrabajo.cl\/portal\/prodesal-san-felipe-sigue-trabajando-con-agricultores\/","title":{"rendered":"Prodesal San Felipe sigue trabajando con agricultores"},"content":{"rendered":"<figure id=\"attachment_42583\" aria-describedby=\"caption-attachment-42583\" style=\"width: 528px\" class=\"wp-caption alignnone\"><a href=\"https:\/\/i0.wp.com\/www.eltrabajo.cl\/portal\/wp-content\/uploads\/2014\/01\/prodesal-1.jpg\"><img data-recalc-dims=\"1\" loading=\"lazy\" decoding=\"async\" class=\"size-full wp-image-42583\" title=\"Patrick Guerra, Jefe T\u00e9cnico de la Unidad 2 de Prodesal, se reuni\u00f3 con los usuarios del programa.\" alt=\"Patrick Guerra, Jefe T\u00e9cnico de la Unidad 2 de Prodesal, se reuni\u00f3 con los usuarios del programa.\" src=\"https:\/\/i0.wp.com\/www.eltrabajo.cl\/portal\/wp-content\/uploads\/2014\/01\/prodesal-1.jpg?resize=528%2C396\" width=\"528\" height=\"396\" srcset=\"https:\/\/i0.wp.com\/eltrabajo.cl\/portal\/wp-content\/uploads\/2014\/01\/prodesal-1.jpg?w=528&amp;ssl=1 528w, https:\/\/i0.wp.com\/eltrabajo.cl\/portal\/wp-content\/uploads\/2014\/01\/prodesal-1.jpg?resize=200%2C150&amp;ssl=1 200w, https:\/\/i0.wp.com\/eltrabajo.cl\/portal\/wp-content\/uploads\/2014\/01\/prodesal-1.jpg?resize=300%2C225&amp;ssl=1 300w, https:\/\/i0.wp.com\/eltrabajo.cl\/portal\/wp-content\/uploads\/2014\/01\/prodesal-1.jpg?resize=150%2C112&amp;ssl=1 150w, https:\/\/i0.wp.com\/eltrabajo.cl\/portal\/wp-content\/uploads\/2014\/01\/prodesal-1.jpg?resize=400%2C300&amp;ssl=1 400w\" sizes=\"auto, (max-width: 528px) 100vw, 528px\" \/><\/a><figcaption id=\"caption-attachment-42583\" class=\"wp-caption-text\">Patrick Guerra, Jefe T\u00e9cnico de la Unidad 2 de Prodesal, se reuni\u00f3 con los usuarios del programa.<\/figcaption><\/figure>\n<p>Un fuerte trabajo viene realizando hace meses el equipo de profesionales que conforma el Prodesal en San Felipe. As\u00ed lo dio a conocer Patrick Guerra, Jefe T\u00e9cnico de la Unidad 2 de Prodesal, quien se\u00f1al\u00f3 que durante el a\u00f1o pasado algunos sectores de la comuna, como El Asiento y Bellavista, se vieron beneficiados con cubos de alfalfa, quienes se vieron seriamente afectados por la sequ\u00eda, a los que se suman insumos veterinarios debido a la misma raz\u00f3n.<\/p>\n<figure id=\"attachment_42584\" aria-describedby=\"caption-attachment-42584\" style=\"width: 423px\" class=\"wp-caption alignright\"><a href=\"https:\/\/i0.wp.com\/www.eltrabajo.cl\/portal\/wp-content\/uploads\/2014\/01\/prodesal-2.jpg\"><img data-recalc-dims=\"1\" loading=\"lazy\" decoding=\"async\" class=\" wp-image-42584 \" title=\"Un fuerte trabajo viene realizando hace meses el equipo de profesionales que conforma el Prodesal en San Felipe.\" alt=\"Un fuerte trabajo viene realizando hace meses el equipo de profesionales que conforma el Prodesal en San Felipe.\" src=\"https:\/\/i0.wp.com\/www.eltrabajo.cl\/portal\/wp-content\/uploads\/2014\/01\/prodesal-2.jpg?resize=423%2C241\" width=\"423\" height=\"241\" srcset=\"https:\/\/i0.wp.com\/eltrabajo.cl\/portal\/wp-content\/uploads\/2014\/01\/prodesal-2.jpg?w=529&amp;ssl=1 529w, https:\/\/i0.wp.com\/eltrabajo.cl\/portal\/wp-content\/uploads\/2014\/01\/prodesal-2.jpg?resize=200%2C113&amp;ssl=1 200w, https:\/\/i0.wp.com\/eltrabajo.cl\/portal\/wp-content\/uploads\/2014\/01\/prodesal-2.jpg?resize=300%2C170&amp;ssl=1 300w, https:\/\/i0.wp.com\/eltrabajo.cl\/portal\/wp-content\/uploads\/2014\/01\/prodesal-2.jpg?resize=150%2C85&amp;ssl=1 150w, https:\/\/i0.wp.com\/eltrabajo.cl\/portal\/wp-content\/uploads\/2014\/01\/prodesal-2.jpg?resize=400%2C227&amp;ssl=1 400w\" sizes=\"auto, (max-width: 423px) 100vw, 423px\" \/><\/a><figcaption id=\"caption-attachment-42584\" class=\"wp-caption-text\">Un fuerte trabajo viene realizando hace meses el equipo de profesionales que conforma el Prodesal en San Felipe.<\/figcaption><\/figure>\n<p>A esto se suman varias giras t\u00e9cnicas realizadas durante el a\u00f1o, entre las que se cuentan una visita a Talagante, que ten\u00eda como objetivo ver el trabajo de los peque\u00f1os agricultores, que hoy en d\u00eda cuenta con m\u00e1s de ocho mil gallinas, a lo se suma otra gira t\u00e9cnica a Quillota, donde los usuarios han podido observar los cultivos bajo pl\u00e1stico en zonas que son afectadas por heladas, una iniciativa que se podr\u00eda replicar en la zona.<\/p>\n<p>\u00abLa idea de las giras t\u00e9cnicas es que ellos vean otras realidades y las puedan aplicar a sus realidades, que con bajos costos ellos pueden hacer grandes cosas y no necesitan una fuerte inversi\u00f3n para hacer estos proyectos\u00bb, dijo Guerra.<\/p>\n<p>Actualmente cada unidad del Prodesal cuenta con 128 usuarios, lo que en total suma 256 peque\u00f1os agricultores en San Felipe. Adem\u00e1s a trav\u00e9s de Indap se entreg\u00f3 un bono de heladas donde fueron beneficiados m\u00e1s de 60 usuarios de Prodesal afectados por Indap.<\/p>\n<p>\u00abFueron de 6.000 400.000 pesos que se les entreg\u00f3 a cada usuario beneficiado, esto claramente no apale\u00f3 totalmente el da\u00f1o pero los ayud\u00f3 a salir y empezar con sus producciones\u00bb, manifest\u00f3 Guerra. Para este a\u00f1o contin\u00faan las giras t\u00e9cnicas a cada usuario y la realizaci\u00f3n de nuevos proyectos que permitir\u00e1n contar con bodegas, maquinaria y fondos para que los usuarios puedan comprar insumos agr\u00edcolas.<\/p>\n<p>&nbsp;<\/p>\n","protected":false},"excerpt":{"rendered":"<p>Un fuerte trabajo viene realizando hace meses el equipo de profesionales que conforma el Prodesal en San Felipe. As\u00ed lo dio a conocer Patrick Guerra, Jefe T\u00e9cnico de la Unidad 2 de&#8230;<\/p>\n","protected":false},"author":482,"featured_media":42583,"comment_status":"open","ping_status":"closed","sticky":false,"template":"","format":"standard","meta":{"advanced_seo_description":"","jetpack_seo_html_title":"","jetpack_seo_noindex":false,"_jetpack_memberships_contains_paid_content":false,"footnotes":""},"categories":[1],"tags":[],"class_list":["post-42582","post","type-post","status-publish","format-standard","has-post-thumbnail","hentry","category-cronica"],"jetpack_featured_media_url":"https:\/\/i0.wp.com\/eltrabajo.cl\/portal\/wp-content\/uploads\/2014\/01\/prodesal-1.jpg?fit=528%2C396&ssl=1","jetpack_sharing_enabled":true,"jetpack_likes_enabled":true,"jetpack-related-posts":[],"_links":{"self":[{"href":"https:\/\/eltrabajo.cl\/portal\/wp-json\/wp\/v2\/posts\/42582","targetHints":{"allow":["GET"]}}],"collection":[{"href":"https:\/\/eltrabajo.cl\/portal\/wp-json\/wp\/v2\/posts"}],"about":[{"href":"https:\/\/eltrabajo.cl\/portal\/wp-json\/wp\/v2\/types\/post"}],"author":[{"embeddable":true,"href":"https:\/\/eltrabajo.cl\/portal\/wp-json\/wp\/v2\/users\/482"}],"replies":[{"embeddable":true,"href":"https:\/\/eltrabajo.cl\/portal\/wp-json\/wp\/v2\/comments?post=42582"}],"version-history":[{"count":0,"href":"https:\/\/eltrabajo.cl\/portal\/wp-json\/wp\/v2\/posts\/42582\/revisions"}],"wp:featuredmedia":[{"embeddable":true,"href":"https:\/\/eltrabajo.cl\/portal\/wp-json\/wp\/v2\/media\/42583"}],"wp:attachment":[{"href":"https:\/\/eltrabajo.cl\/portal\/wp-json\/wp\/v2\/media?parent=42582"}],"wp:term":[{"taxonomy":"category","embeddable":true,"href":"https:\/\/eltrabajo.cl\/portal\/wp-json\/wp\/v2\/categories?post=42582"},{"taxonomy":"post_tag","embeddable":true,"href":"https:\/\/eltrabajo.cl\/portal\/wp-json\/wp\/v2\/tags?post=42582"}],"curies":[{"name":"wp","href":"https:\/\/api.w.org\/{rel}","templated":true}]}}