{"id":42587,"date":"2014-01-30T09:42:02","date_gmt":"2014-01-30T12:42:02","guid":{"rendered":"http:\/\/www.eltrabajo.cl\/portal\/?p=42587"},"modified":"2014-01-30T09:42:02","modified_gmt":"2014-01-30T12:42:02","slug":"vecinos-de-los-alamos-por-fin-tienen-luminarias-en-su-barrio","status":"publish","type":"post","link":"https:\/\/eltrabajo.cl\/portal\/vecinos-de-los-alamos-por-fin-tienen-luminarias-en-su-barrio\/","title":{"rendered":"Vecinos de Los \u00c1lamos por fin tienen luminarias en su barrio"},"content":{"rendered":"<figure id=\"attachment_42588\" aria-describedby=\"caption-attachment-42588\" style=\"width: 529px\" class=\"wp-caption alignnone\"><a href=\"https:\/\/i0.wp.com\/www.eltrabajo.cl\/portal\/wp-content\/uploads\/2014\/01\/Cinta1.jpg\"><img data-recalc-dims=\"1\" loading=\"lazy\" decoding=\"async\" class=\"size-full wp-image-42588\" title=\"Y FUE LA LUZ.- Diez millones de pesos, fue la inversi\u00f3n a trav\u00e9s del 2% de cultura, deportes y seguridad del Gobierno Regional, que permiti\u00f3 la ejecuci\u00f3n de la instalaci\u00f3n de doce luminarias tipo le en Calle Parry de Villa Los \u00c1lamos, en San Felipe.\" alt=\"Y FUE LA LUZ.- Diez millones de pesos, fue la inversi\u00f3n a trav\u00e9s del 2% de cultura, deportes y seguridad del Gobierno Regional, que permiti\u00f3 la ejecuci\u00f3n de la instalaci\u00f3n de doce luminarias tipo le en Calle Parry de Villa Los \u00c1lamos, en San Felipe.\" src=\"https:\/\/i0.wp.com\/www.eltrabajo.cl\/portal\/wp-content\/uploads\/2014\/01\/Cinta1.jpg?resize=529%2C353\" width=\"529\" height=\"353\" srcset=\"https:\/\/i0.wp.com\/eltrabajo.cl\/portal\/wp-content\/uploads\/2014\/01\/Cinta1.jpg?w=529&amp;ssl=1 529w, https:\/\/i0.wp.com\/eltrabajo.cl\/portal\/wp-content\/uploads\/2014\/01\/Cinta1.jpg?resize=200%2C133&amp;ssl=1 200w, https:\/\/i0.wp.com\/eltrabajo.cl\/portal\/wp-content\/uploads\/2014\/01\/Cinta1.jpg?resize=300%2C200&amp;ssl=1 300w, https:\/\/i0.wp.com\/eltrabajo.cl\/portal\/wp-content\/uploads\/2014\/01\/Cinta1.jpg?resize=150%2C100&amp;ssl=1 150w, https:\/\/i0.wp.com\/eltrabajo.cl\/portal\/wp-content\/uploads\/2014\/01\/Cinta1.jpg?resize=400%2C266&amp;ssl=1 400w\" sizes=\"auto, (max-width: 529px) 100vw, 529px\" \/><\/a><figcaption id=\"caption-attachment-42588\" class=\"wp-caption-text\">Y FUE LA LUZ.- Diez millones de pesos, fue la inversi\u00f3n a trav\u00e9s del 2% de cultura, deportes y seguridad del Gobierno Regional, que permiti\u00f3 la ejecuci\u00f3n de la instalaci\u00f3n de doce luminarias tipo le en Calle Parry de Villa Los \u00c1lamos, en San Felipe.<\/figcaption><\/figure>\n<p>Diez millones de pesos, fue la inversi\u00f3n a trav\u00e9s del 2% de cultura, deportes y seguridad del Gobierno Regional, que permiti\u00f3 la ejecuci\u00f3n de la instalaci\u00f3n de doce luminarias tipo LED en Calle Parry de Villa Los \u00c1lamos, en San Felipe. El proyecto consinti\u00f3 en la instalaci\u00f3n de luminarias ornamentales, lo que permitir\u00e1 terminar con la reuni\u00f3n de grupos negativos, quienes aprovechan el deterioro urbano en el que se encuentran estos espacios p\u00fablicos no consolidados, para cometer alg\u00fan tipo de il\u00edcito.<\/p>\n<p>De acuerdo a lo manifestado por la Gobernadora Patricia Boffa, este tipo de proyectos permite el mejoramiento de las condiciones f\u00edsicas lum\u00ednicas de estas plazas, donde los vecinos se sienten con mayor seguridad, creando mayores obst\u00e1culos para la ocurrencia del delito.<\/p>\n<p>\u00abPara la generaci\u00f3n del proyecto, se realiz\u00f3 una marcha exploratoria con los vecinos que viven en el entorno inmediato a dichas plazas y como resultado se obtuvo los puntos de mayor vulnerabilidad y adem\u00e1s fueron se\u00f1alados los espacios donde m\u00e1s delitos de oportunidad hab\u00edan ocurrido. Dicha percepci\u00f3n fue corroborada con la Segunda Comisar\u00eda de Carabineros de San Felipe, coincidiendo en base a la cantidad de denuncias de delito acaecidos en dichos sectores. Tambi\u00e9n se realiz\u00f3 un conteo peatonal para verificar el uso y el transitar de personas en cuatro momentos del d\u00eda obteni\u00e9ndose un bajo uso de permanencia y alto tr\u00e1nsito de personas por estos sectores, sin embargo en el horario nocturno las personas evitaban transitar por estos espacios\u00bb, indic\u00f3 la autoridad provincial.<\/p>\n<p>En tanto, el Consejero Regional Iv\u00e1n Reyes, junto con agradecer el entusiasmo de parte de la junta de vecinos, explic\u00f3 que a trav\u00e9s de estos fondos se pueden financiar otro tipo de iniciativas, en sectores de la comuna. \u00abVilla Los \u00c1lamos ha resultado muy beneficiada con el Gobierno Regional, hemos financiado m\u00e1quinas de ejercicio, recuperado otros espacios p\u00fablicos, estamos a la espera que la municipalidad haga el llamado de licitaci\u00f3n para la instalaci\u00f3n de otras m\u00e1quinas de ejercicio, por lo tanto, hago un llamado a todos los vecinos que est\u00e9n en contacto con sus consejeros regionales y ver la forma de poder adjudicar proyectos\u00bb.<\/p>\n<p>Finalmente la presidente de la junta de vecinos, Delia Poza, junto con agradecer el inter\u00e9s por desarrollar proyectos en esta Villa, fue cr\u00edtica con los concejales, donde lament\u00f3 que tras ser invitados a estas actividades, ni siquiera dan una explicaci\u00f3n por su ausencia.<\/p>\n<p>\u00abEs la segunda inauguraci\u00f3n que hacemos en grande y nunca hemos visto a los concejales, creo que una vez vino (no me acuerdo quien fue). Encuentro que para hacer autoridades como se consideran ellos, deber\u00edan siempre estar presentes en las juntas de vecinos, en los clubes de la tercera edad y en todos aquellos lugares donde se necesite de ellos, si a estas actividades viene la gobernadora, viene el alcalde, los concejales con mayor deber\u00edan estar, porque es la ciudadan\u00eda quien los elige, por algo le damos el voto, para que nos representen, por lo tanto, quiero hacer notar mi malestar con cada uno de ellos, porque lo que hemos logrado en esta villa no es un hecho menor\u00bb. En Villa Los \u00c1lamos viven aproximadamente 648 familias de condici\u00f3n socioecon\u00f3mica Media-baja.<\/p>\n<p>&nbsp;<\/p>\n","protected":false},"excerpt":{"rendered":"<p>Diez millones de pesos, fue la inversi\u00f3n a trav\u00e9s del 2% de cultura, deportes y seguridad del Gobierno Regional, que permiti\u00f3 la ejecuci\u00f3n de la instalaci\u00f3n de doce luminarias tipo LED en&#8230;<\/p>\n","protected":false},"author":482,"featured_media":42588,"comment_status":"open","ping_status":"closed","sticky":false,"template":"","format":"standard","meta":{"advanced_seo_description":"","jetpack_seo_html_title":"","jetpack_seo_noindex":false,"_jetpack_memberships_contains_paid_content":false,"footnotes":""},"categories":[1],"tags":[],"class_list":["post-42587","post","type-post","status-publish","format-standard","has-post-thumbnail","hentry","category-cronica"],"jetpack_featured_media_url":"https:\/\/i0.wp.com\/eltrabajo.cl\/portal\/wp-content\/uploads\/2014\/01\/Cinta1.jpg?fit=529%2C353&ssl=1","jetpack_sharing_enabled":true,"jetpack_likes_enabled":true,"jetpack-related-posts":[],"_links":{"self":[{"href":"https:\/\/eltrabajo.cl\/portal\/wp-json\/wp\/v2\/posts\/42587","targetHints":{"allow":["GET"]}}],"collection":[{"href":"https:\/\/eltrabajo.cl\/portal\/wp-json\/wp\/v2\/posts"}],"about":[{"href":"https:\/\/eltrabajo.cl\/portal\/wp-json\/wp\/v2\/types\/post"}],"author":[{"embeddable":true,"href":"https:\/\/eltrabajo.cl\/portal\/wp-json\/wp\/v2\/users\/482"}],"replies":[{"embeddable":true,"href":"https:\/\/eltrabajo.cl\/portal\/wp-json\/wp\/v2\/comments?post=42587"}],"version-history":[{"count":0,"href":"https:\/\/eltrabajo.cl\/portal\/wp-json\/wp\/v2\/posts\/42587\/revisions"}],"wp:featuredmedia":[{"embeddable":true,"href":"https:\/\/eltrabajo.cl\/portal\/wp-json\/wp\/v2\/media\/42588"}],"wp:attachment":[{"href":"https:\/\/eltrabajo.cl\/portal\/wp-json\/wp\/v2\/media?parent=42587"}],"wp:term":[{"taxonomy":"category","embeddable":true,"href":"https:\/\/eltrabajo.cl\/portal\/wp-json\/wp\/v2\/categories?post=42587"},{"taxonomy":"post_tag","embeddable":true,"href":"https:\/\/eltrabajo.cl\/portal\/wp-json\/wp\/v2\/tags?post=42587"}],"curies":[{"name":"wp","href":"https:\/\/api.w.org\/{rel}","templated":true}]}}