{"id":42590,"date":"2014-01-30T09:44:38","date_gmt":"2014-01-30T12:44:38","guid":{"rendered":"http:\/\/www.eltrabajo.cl\/portal\/?p=42590"},"modified":"2014-01-30T09:44:38","modified_gmt":"2014-01-30T12:44:38","slug":"inician-trabajos-de-la-segunda-etapa-de-cambio-de-matrices-en-san-antonio","status":"publish","type":"post","link":"https:\/\/eltrabajo.cl\/portal\/inician-trabajos-de-la-segunda-etapa-de-cambio-de-matrices-en-san-antonio\/","title":{"rendered":"Inician trabajos de la segunda etapa de cambio de matrices en San Antonio"},"content":{"rendered":"<figure id=\"attachment_42591\" aria-describedby=\"caption-attachment-42591\" style=\"width: 529px\" class=\"wp-caption alignnone\"><a href=\"https:\/\/i0.wp.com\/www.eltrabajo.cl\/portal\/wp-content\/uploads\/2014\/01\/san-antonio.jpg\"><img data-recalc-dims=\"1\" loading=\"lazy\" decoding=\"async\" class=\"size-full wp-image-42591\" title=\"La empresa constructora CALF ya inici\u00f3 la segunda etapa de los trabajos de recambio de las matrices de agua potable en la Poblaci\u00f3n San Antonio.\" alt=\"La empresa constructora CALF ya inici\u00f3 la segunda etapa de los trabajos de recambio de las matrices de agua potable en la Poblaci\u00f3n San Antonio.\" src=\"https:\/\/i0.wp.com\/www.eltrabajo.cl\/portal\/wp-content\/uploads\/2014\/01\/san-antonio.jpg?resize=529%2C328\" width=\"529\" height=\"328\" srcset=\"https:\/\/i0.wp.com\/eltrabajo.cl\/portal\/wp-content\/uploads\/2014\/01\/san-antonio.jpg?w=529&amp;ssl=1 529w, https:\/\/i0.wp.com\/eltrabajo.cl\/portal\/wp-content\/uploads\/2014\/01\/san-antonio.jpg?resize=200%2C124&amp;ssl=1 200w, https:\/\/i0.wp.com\/eltrabajo.cl\/portal\/wp-content\/uploads\/2014\/01\/san-antonio.jpg?resize=300%2C186&amp;ssl=1 300w, https:\/\/i0.wp.com\/eltrabajo.cl\/portal\/wp-content\/uploads\/2014\/01\/san-antonio.jpg?resize=150%2C93&amp;ssl=1 150w, https:\/\/i0.wp.com\/eltrabajo.cl\/portal\/wp-content\/uploads\/2014\/01\/san-antonio.jpg?resize=400%2C248&amp;ssl=1 400w\" sizes=\"auto, (max-width: 529px) 100vw, 529px\" \/><\/a><figcaption id=\"caption-attachment-42591\" class=\"wp-caption-text\">La empresa constructora CALF ya inici\u00f3 la segunda etapa de los trabajos de recambio de las matrices de agua potable en la Poblaci\u00f3n San Antonio.<\/figcaption><\/figure>\n<p><strong>PUTAENDO.<\/strong>&#8211; La empresa constructora CALF, inici\u00f3 la segunda etapa de los trabajos de recambio de las matrices de agua potable en la Poblaci\u00f3n San Antonio. En una primera etapa fueron cambiados una importante cantidad de metros de matriz entre la rotonda de Avenida Ej\u00e9rcito Libertador y Calle Chacabuco, donde adem\u00e1s fueron instaladas c\u00e1maras de v\u00e1lvulas reguladoras.<\/p>\n<figure id=\"attachment_42592\" aria-describedby=\"caption-attachment-42592\" style=\"width: 423px\" class=\"wp-caption alignright\"><a href=\"https:\/\/i0.wp.com\/www.eltrabajo.cl\/portal\/wp-content\/uploads\/2014\/01\/SANANTONIO2.jpg\"><img data-recalc-dims=\"1\" loading=\"lazy\" decoding=\"async\" class=\" wp-image-42592 \" title=\"Esta semana la empresa constructora mandatada por Esval inici\u00f3 el recambio de m\u00e1s de 200 metros de las antiguas ca\u00f1er\u00edas de asbesto de 100 mil\u00edmetros por las modernas ca\u00f1er\u00edas de hpp de 200 mil\u00edmetros.\" alt=\"Esta semana la empresa constructora mandatada por Esval inici\u00f3 el recambio de m\u00e1s de 200 metros de las antiguas ca\u00f1er\u00edas de asbesto de 100 mil\u00edmetros por las modernas ca\u00f1er\u00edas de hpp de 200 mil\u00edmetros.\" src=\"https:\/\/i0.wp.com\/www.eltrabajo.cl\/portal\/wp-content\/uploads\/2014\/01\/SANANTONIO2.jpg?resize=423%2C282\" width=\"423\" height=\"282\" srcset=\"https:\/\/i0.wp.com\/eltrabajo.cl\/portal\/wp-content\/uploads\/2014\/01\/SANANTONIO2.jpg?w=529&amp;ssl=1 529w, https:\/\/i0.wp.com\/eltrabajo.cl\/portal\/wp-content\/uploads\/2014\/01\/SANANTONIO2.jpg?resize=200%2C133&amp;ssl=1 200w, https:\/\/i0.wp.com\/eltrabajo.cl\/portal\/wp-content\/uploads\/2014\/01\/SANANTONIO2.jpg?resize=300%2C200&amp;ssl=1 300w, https:\/\/i0.wp.com\/eltrabajo.cl\/portal\/wp-content\/uploads\/2014\/01\/SANANTONIO2.jpg?resize=150%2C100&amp;ssl=1 150w, https:\/\/i0.wp.com\/eltrabajo.cl\/portal\/wp-content\/uploads\/2014\/01\/SANANTONIO2.jpg?resize=400%2C266&amp;ssl=1 400w\" sizes=\"auto, (max-width: 423px) 100vw, 423px\" \/><\/a><figcaption id=\"caption-attachment-42592\" class=\"wp-caption-text\">Esta semana la empresa constructora mandatada por Esval inici\u00f3 el recambio de m\u00e1s de 200 metros de las antiguas ca\u00f1er\u00edas de asbesto de 100 mil\u00edmetros por las modernas ca\u00f1er\u00edas de hpp de 200 mil\u00edmetros.<\/figcaption><\/figure>\n<p>Esta semana la empresa constructora mandatada por Esval inici\u00f3 el recambio de m\u00e1s de 200 metros de las antiguas ca\u00f1er\u00edas de asbesto de 100 mil\u00edmetros por las modernas ca\u00f1er\u00edas de hpp de 200 mil\u00edmetros, lo que permitir\u00e1 aumentar al doble la producci\u00f3n y presi\u00f3n de agua y lo m\u00e1s importante, evitar que las antiguas ca\u00f1er\u00edas de asbesto siguieran rompi\u00e9ndose y ocasionando los inconvenientes por todos conocido que generaron cortes de agua en varias sectores de la Poblaci\u00f3n San Antonio.<\/p>\n<p>Alejandro Meza, Presidente de la Junta de Vecinos de San Antonio dijo que para los vecinos es muy importante esta remodelaci\u00f3n y destac\u00f3 el trabajo que la empresa CALF est\u00e1 realizando y la disposici\u00f3n que los trabajadores han tenido con los vecinos en general para explicar todo lo relacionado con los trabajos y los cortes de agua potable, pero lament\u00f3 profundamente la falta de comunicaci\u00f3n con los ejecutivos de Esval que nunca m\u00e1s aparecieron por la Poblaci\u00f3n San Antonio, ni siquiera para explicar o responder algunas inquietudes como las ocurridas con la demora en tapar las c\u00e1maras que quedaron a medio construir.<\/p>\n<p>El dirigente agreg\u00f3 que hoy los trabajos que se est\u00e1n realizando son un triunfo a la presi\u00f3n de los vecinos y tambi\u00e9n destac\u00f3 el rol que han jugado los medios de comunicaci\u00f3n como Diario El Trabajo y Putaendo Informa en hacer latente la cr\u00edtica situaci\u00f3n que enfrentaban, adem\u00e1s indic\u00f3 que espera que una vez que finalice la tercera etapa comprometida por Esval, sean los ejecutivos de la empresa los que expliquen detalladamente los trabajos que se hicieron y como mejorar\u00e1 el servicio para todos los vecinos de la Poblaci\u00f3n San Antonio.<\/p>\n<p>Patricio Gallardo M.<\/p>\n<p>&nbsp;<\/p>\n","protected":false},"excerpt":{"rendered":"<p>PUTAENDO.&#8211; La empresa constructora CALF, inici\u00f3 la segunda etapa de los trabajos de recambio de las matrices de agua potable en la Poblaci\u00f3n San Antonio. En una primera etapa fueron cambiados una&#8230;<\/p>\n","protected":false},"author":482,"featured_media":42591,"comment_status":"open","ping_status":"closed","sticky":false,"template":"","format":"standard","meta":{"advanced_seo_description":"","jetpack_seo_html_title":"","jetpack_seo_noindex":false,"_jetpack_memberships_contains_paid_content":false,"footnotes":""},"categories":[15],"tags":[],"class_list":["post-42590","post","type-post","status-publish","format-standard","has-post-thumbnail","hentry","category-comunidad"],"jetpack_featured_media_url":"https:\/\/i0.wp.com\/eltrabajo.cl\/portal\/wp-content\/uploads\/2014\/01\/san-antonio.jpg?fit=529%2C328&ssl=1","jetpack_sharing_enabled":true,"jetpack_likes_enabled":true,"jetpack-related-posts":[],"_links":{"self":[{"href":"https:\/\/eltrabajo.cl\/portal\/wp-json\/wp\/v2\/posts\/42590","targetHints":{"allow":["GET"]}}],"collection":[{"href":"https:\/\/eltrabajo.cl\/portal\/wp-json\/wp\/v2\/posts"}],"about":[{"href":"https:\/\/eltrabajo.cl\/portal\/wp-json\/wp\/v2\/types\/post"}],"author":[{"embeddable":true,"href":"https:\/\/eltrabajo.cl\/portal\/wp-json\/wp\/v2\/users\/482"}],"replies":[{"embeddable":true,"href":"https:\/\/eltrabajo.cl\/portal\/wp-json\/wp\/v2\/comments?post=42590"}],"version-history":[{"count":0,"href":"https:\/\/eltrabajo.cl\/portal\/wp-json\/wp\/v2\/posts\/42590\/revisions"}],"wp:featuredmedia":[{"embeddable":true,"href":"https:\/\/eltrabajo.cl\/portal\/wp-json\/wp\/v2\/media\/42591"}],"wp:attachment":[{"href":"https:\/\/eltrabajo.cl\/portal\/wp-json\/wp\/v2\/media?parent=42590"}],"wp:term":[{"taxonomy":"category","embeddable":true,"href":"https:\/\/eltrabajo.cl\/portal\/wp-json\/wp\/v2\/categories?post=42590"},{"taxonomy":"post_tag","embeddable":true,"href":"https:\/\/eltrabajo.cl\/portal\/wp-json\/wp\/v2\/tags?post=42590"}],"curies":[{"name":"wp","href":"https:\/\/api.w.org\/{rel}","templated":true}]}}