{"id":42616,"date":"2014-01-31T09:17:22","date_gmt":"2014-01-31T12:17:22","guid":{"rendered":"http:\/\/www.eltrabajo.cl\/portal\/?p=42616"},"modified":"2014-01-31T09:17:22","modified_gmt":"2014-01-31T12:17:22","slug":"mayor-victor-del-valle-es-el-nuevo-comisario-de-carabineros-de-san-felipe","status":"publish","type":"post","link":"https:\/\/eltrabajo.cl\/portal\/mayor-victor-del-valle-es-el-nuevo-comisario-de-carabineros-de-san-felipe\/","title":{"rendered":"Mayor V\u00edctor Del Valle es el nuevo comisario de Carabineros de San Felipe"},"content":{"rendered":"<figure id=\"attachment_42617\" aria-describedby=\"caption-attachment-42617\" style=\"width: 529px\" class=\"wp-caption alignnone\"><a href=\"https:\/\/i0.wp.com\/www.eltrabajo.cl\/portal\/wp-content\/uploads\/2014\/01\/Traspaso1.jpg\"><img data-recalc-dims=\"1\" loading=\"lazy\" decoding=\"async\" class=\"size-full wp-image-42617\" title=\"En la fotograf\u00eda, de izquierda a derecha, el Capit\u00e1n Alfredo Castillo, quien retoma su labor como subcomisario de los servicios; el Mayor Marcelo Arancibia, Subprefecto Administrativo de Carabineros y el nuevo Comisario de Carabineros de San Felipe, Mayor V\u00edctor Manuel Del Valle Urrutia.\" alt=\"En la fotograf\u00eda, de izquierda a derecha, el Capit\u00e1n Alfredo Castillo, quien retoma su labor como subcomisario de los servicios; el Mayor Marcelo Arancibia, Subprefecto Administrativo de Carabineros y el nuevo Comisario de Carabineros de San Felipe, Mayor V\u00edctor Manuel Del Valle Urrutia.\" src=\"https:\/\/i0.wp.com\/www.eltrabajo.cl\/portal\/wp-content\/uploads\/2014\/01\/Traspaso1.jpg?resize=529%2C366\" width=\"529\" height=\"366\" srcset=\"https:\/\/i0.wp.com\/eltrabajo.cl\/portal\/wp-content\/uploads\/2014\/01\/Traspaso1.jpg?w=529&amp;ssl=1 529w, https:\/\/i0.wp.com\/eltrabajo.cl\/portal\/wp-content\/uploads\/2014\/01\/Traspaso1.jpg?resize=200%2C138&amp;ssl=1 200w, https:\/\/i0.wp.com\/eltrabajo.cl\/portal\/wp-content\/uploads\/2014\/01\/Traspaso1.jpg?resize=300%2C207&amp;ssl=1 300w, https:\/\/i0.wp.com\/eltrabajo.cl\/portal\/wp-content\/uploads\/2014\/01\/Traspaso1.jpg?resize=150%2C103&amp;ssl=1 150w, https:\/\/i0.wp.com\/eltrabajo.cl\/portal\/wp-content\/uploads\/2014\/01\/Traspaso1.jpg?resize=400%2C276&amp;ssl=1 400w\" sizes=\"auto, (max-width: 529px) 100vw, 529px\" \/><\/a><figcaption id=\"caption-attachment-42617\" class=\"wp-caption-text\">En la fotograf\u00eda, de izquierda a derecha, el Capit\u00e1n Alfredo Castillo, quien retoma su labor como subcomisario de los servicios; el Mayor Marcelo Arancibia, Subprefecto Administrativo de Carabineros y el nuevo Comisario de Carabineros de San Felipe, Mayor V\u00edctor Manuel Del Valle Urrutia.<\/figcaption><\/figure>\n<ul>\n<li><strong>Oficial policial asume tras varios meses ocupando este cargo en calidad de subrogante, el Capit\u00e1n Alfredo Castillo, quien realiz\u00f3 una exitosa gesti\u00f3n.<\/strong><\/li>\n<\/ul>\n<p>En la ma\u00f1ana de este mi\u00e9rcoles arrib\u00f3 a San Felipe y ya en horas de la tarde, estaba asumiendo el cargo que le fuera asignado por el Alto Mando de Carabineros, en la Segunda Comisar\u00eda, dependiente de la Prefectura Aconcagua.<\/p>\n<p>Se trata del Mayor V\u00edctor Manuel Del Valle Urrutia, quien llega a ocupar el cargo de comisario de San Felipe, retornando as\u00ed el Capit\u00e1n Alfredo Castillo a su puesto de subcomisario, tras ocupar por varios meses el puesto de comisario subrogante y desarrollando una exitosa y valorada gesti\u00f3n.<\/p>\n<p>A las 16:00 horas del mi\u00e9rcoles, se realiz\u00f3 la ceremonia, en donde el Capit\u00e1n Alfredo Castillo le hizo entrega del mando de la Segunda Comisar\u00eda al Mayor Del Valle, actividad que fue presidida por el recientemente asumido Subprefecto Administrativo, el Mayor Marcelo Arancibia.<\/p>\n<p>En la oportunidad, el nuevo comisario manifest\u00f3 su satisfacci\u00f3n de asumir esta responsabilidad, expresando que \u00abya estoy interioriz\u00e1ndome de la problem\u00e1tica policial que existe en nuestra provincia, donde existe una serie de sucesos que se han desarrollado y que obviamente nos llaman a poder gestionar acciones tendientes a disminuir o contener el actuar de algunas personas\u00bb.<\/p>\n<p>El Mayor V\u00edctor Manuel Del Valle, proviene de la Cuarta Comisar\u00eda de Cochrane, en la Regi\u00f3n del General Carlos Ib\u00e1\u00f1ez del Campo, donde desarrollaba principalmente una labor territorial y de soberan\u00eda, por tratarse \u00e9ste de un sector fronterizo.<\/p>\n<p>\u00abEn esa unidad desarroll\u00e1bamos labores de presencia y supervigilancia del territorio, por lo que la funci\u00f3n no se relaciona con aquella que desarrollar\u00e9 en esta unidad\u00bb, se\u00f1al\u00f3 el oficial policial.<\/p>\n<p>CAPIT\u00c1N CASTILLO<\/p>\n<p>El Capit\u00e1n Alfredo Castillo asumi\u00f3 como Comisario Subrogante de la Segunda Comisar\u00eda de San Felipe a mediados del a\u00f1o pasado, a prop\u00f3sito del nombramiento del entonces comisario, el Mayor Marcelo Arancibia, quien asumi\u00f3 en la provincia de Los Andes. Desde entonces, el capit\u00e1n inici\u00f3 una intensa labor que se tradujo en exitosos procedimientos, pero adem\u00e1s, donde tuvo que enfrentar situaciones bastante complejas, como por ejemplo, los incidentes que terminaron con un muerto en Villa 250 A\u00f1os.<\/p>\n<p>Consultado el ahora subcomisario de San Felipe, manifest\u00f3 estar muy agradecido de la confianza depositada por el mando de la Prefectura, para que \u00e9l asumiera la subrogancia en la Segunda Comisar\u00eda. A\u00f1adi\u00f3 que \u00abs\u00f3lo puedo agradecer al Prefecto y a los Subprefectos, porque esta oportunidad de desempe\u00f1ar un cargo de tanta importancia, pese a no tener tanta experiencia, me permiti\u00f3 aprender cosas que son fundamentales para la administraci\u00f3n de personal, as\u00ed como para el fortalecimiento de las relaciones con la comunidad y el servicio policial\u00bb.<\/p>\n<p>A\u00f1adi\u00f3 que \u00abvoy a continuar en esta misma unidad, como subcomisario de los servicios, controlando y administrando el personal, bajo los lineamientos de mi comisario y el mando institucional\u00bb.<\/p>\n<p>Si bien el Capit\u00e1n Castillo continuar\u00e1 desempe\u00f1ando labores en San Felipe, desde Diario El Trabajo hacemos p\u00fablico el agradecimiento por su siempre buena disposici\u00f3n con nuestro medio de comunicaci\u00f3n, as\u00ed como con Radio 10, entregando oportunamente la informaci\u00f3n en torno a los distintos procedimientos policiales desarrollados por Carabineros.<\/p>\n<p>&nbsp;<\/p>\n","protected":false},"excerpt":{"rendered":"<p>Oficial policial asume tras varios meses ocupando este cargo en calidad de subrogante, el Capit\u00e1n Alfredo Castillo, quien realiz\u00f3 una exitosa gesti\u00f3n. En la ma\u00f1ana de este mi\u00e9rcoles arrib\u00f3 a San Felipe&#8230;<\/p>\n","protected":false},"author":482,"featured_media":42617,"comment_status":"open","ping_status":"closed","sticky":false,"template":"","format":"standard","meta":{"advanced_seo_description":"","jetpack_seo_html_title":"","jetpack_seo_noindex":false,"_jetpack_memberships_contains_paid_content":false,"footnotes":""},"categories":[1],"tags":[],"class_list":["post-42616","post","type-post","status-publish","format-standard","has-post-thumbnail","hentry","category-cronica"],"jetpack_featured_media_url":"https:\/\/i0.wp.com\/eltrabajo.cl\/portal\/wp-content\/uploads\/2014\/01\/Traspaso1.jpg?fit=529%2C366&ssl=1","jetpack_sharing_enabled":true,"jetpack_likes_enabled":true,"jetpack-related-posts":[],"_links":{"self":[{"href":"https:\/\/eltrabajo.cl\/portal\/wp-json\/wp\/v2\/posts\/42616","targetHints":{"allow":["GET"]}}],"collection":[{"href":"https:\/\/eltrabajo.cl\/portal\/wp-json\/wp\/v2\/posts"}],"about":[{"href":"https:\/\/eltrabajo.cl\/portal\/wp-json\/wp\/v2\/types\/post"}],"author":[{"embeddable":true,"href":"https:\/\/eltrabajo.cl\/portal\/wp-json\/wp\/v2\/users\/482"}],"replies":[{"embeddable":true,"href":"https:\/\/eltrabajo.cl\/portal\/wp-json\/wp\/v2\/comments?post=42616"}],"version-history":[{"count":0,"href":"https:\/\/eltrabajo.cl\/portal\/wp-json\/wp\/v2\/posts\/42616\/revisions"}],"wp:featuredmedia":[{"embeddable":true,"href":"https:\/\/eltrabajo.cl\/portal\/wp-json\/wp\/v2\/media\/42617"}],"wp:attachment":[{"href":"https:\/\/eltrabajo.cl\/portal\/wp-json\/wp\/v2\/media?parent=42616"}],"wp:term":[{"taxonomy":"category","embeddable":true,"href":"https:\/\/eltrabajo.cl\/portal\/wp-json\/wp\/v2\/categories?post=42616"},{"taxonomy":"post_tag","embeddable":true,"href":"https:\/\/eltrabajo.cl\/portal\/wp-json\/wp\/v2\/tags?post=42616"}],"curies":[{"name":"wp","href":"https:\/\/api.w.org\/{rel}","templated":true}]}}