{"id":42619,"date":"2014-01-31T09:19:48","date_gmt":"2014-01-31T12:19:48","guid":{"rendered":"http:\/\/www.eltrabajo.cl\/portal\/?p=42619"},"modified":"2014-01-31T09:19:48","modified_gmt":"2014-01-31T12:19:48","slug":"denuncian-al-municipio-de-panquehue-por-no-pagar-deudas-a-profesores","status":"publish","type":"post","link":"https:\/\/eltrabajo.cl\/portal\/denuncian-al-municipio-de-panquehue-por-no-pagar-deudas-a-profesores\/","title":{"rendered":"Denuncian al Municipio de Panquehue por no pagar deudas a profesores"},"content":{"rendered":"<figure id=\"attachment_42620\" aria-describedby=\"caption-attachment-42620\" style=\"width: 317px\" class=\"wp-caption alignleft\"><a href=\"https:\/\/i0.wp.com\/www.eltrabajo.cl\/portal\/wp-content\/uploads\/2014\/01\/Profesor-Cristian.jpg\"><img data-recalc-dims=\"1\" loading=\"lazy\" decoding=\"async\" class=\" wp-image-42620 \" title=\"Cristian Gonz\u00e1lez Cruz manifest\u00f3 que su situaci\u00f3n de despido ser\u00e1 vista por la v\u00eda judicial, sin referirse mayormente a lo que ha sucedido.\" alt=\"Cristian Gonz\u00e1lez Cruz manifest\u00f3 que su situaci\u00f3n de despido ser\u00e1 vista por la v\u00eda judicial, sin referirse mayormente a lo que ha sucedido.\" src=\"https:\/\/i0.wp.com\/www.eltrabajo.cl\/portal\/wp-content\/uploads\/2014\/01\/Profesor-Cristian.jpg?resize=317%2C417\" width=\"317\" height=\"417\" srcset=\"https:\/\/i0.wp.com\/eltrabajo.cl\/portal\/wp-content\/uploads\/2014\/01\/Profesor-Cristian.jpg?w=529&amp;ssl=1 529w, https:\/\/i0.wp.com\/eltrabajo.cl\/portal\/wp-content\/uploads\/2014\/01\/Profesor-Cristian.jpg?resize=114%2C150&amp;ssl=1 114w, https:\/\/i0.wp.com\/eltrabajo.cl\/portal\/wp-content\/uploads\/2014\/01\/Profesor-Cristian.jpg?resize=228%2C300&amp;ssl=1 228w, https:\/\/i0.wp.com\/eltrabajo.cl\/portal\/wp-content\/uploads\/2014\/01\/Profesor-Cristian.jpg?resize=400%2C525&amp;ssl=1 400w\" sizes=\"auto, (max-width: 317px) 100vw, 317px\" \/><\/a><figcaption id=\"caption-attachment-42620\" class=\"wp-caption-text\">Cristian Gonz\u00e1lez Cruz manifest\u00f3 que su situaci\u00f3n de despido ser\u00e1 vista por la v\u00eda judicial, sin referirse mayormente a lo que ha sucedido.<\/figcaption><\/figure>\n<p>Ex-director de la Escuela Vi\u00f1a Err\u00e1zuriz, Cristian Gonz\u00e1lez Cruz, fue sumariado y despedido del municipio, tras realizar solicitudes de investigaci\u00f3n a la Contralor\u00eda, para determinar si el proceder de la corporaci\u00f3n era el correcto. Deudas por concepto de cuotas sociales, seguros de vida y perfeccionamiento docente, son las que registra la Municipalidad de Panquehue, seg\u00fan asever\u00f3 con documentaci\u00f3n en mano el Profesor Cristian Gonz\u00e1lez Cruz, quien afirm\u00f3 que producto de ello se le someti\u00f3 a sumario y finalmente, fue despedido.<\/p>\n<p>Sin ahondar mucho en su situaci\u00f3n personal, el docente explic\u00f3 que son cerca de 100 los profesores afectados por estos incumplimientos de compromisos suscritos por la municipalidad, en la persona del Alcalde Luis Pradenas.<\/p>\n<p>&nbsp;<\/p>\n<p><strong>DEUDA MILLONARIA<\/strong><\/p>\n<p>Con fecha 7 de agosto de 2013, la Contralor\u00eda General de la Rep\u00fablica inform\u00f3 mediante oficio que, efectivamente la Municipalidad de Panquehue mantiene una deuda con los profesores por concepto de cuotas sociales, que asciende a $5. 500.000 pesos. Seg\u00fan se\u00f1al\u00f3 Gonz\u00e1lez, la situaci\u00f3n es m\u00e1s compleja a\u00fan, ya que durante todo este tiempo se les ha hecho el descuento a los profesores, lo que les hace preguntarse, en qu\u00e9 ha utilizado los fondos destinados para este \u00edtem la corporaci\u00f3n edilicia.<\/p>\n<figure id=\"attachment_42621\" aria-describedby=\"caption-attachment-42621\" style=\"width: 317px\" class=\"wp-caption alignright\"><a href=\"https:\/\/i0.wp.com\/www.eltrabajo.cl\/portal\/wp-content\/uploads\/2014\/01\/Sonia-Fernandez.jpg\"><img data-recalc-dims=\"1\" loading=\"lazy\" decoding=\"async\" class=\" wp-image-42621 \" title=\"La Presidente Provincial del Colegio de Profesores, Sonia Fern\u00e1ndez, manifest\u00f3 que han puesto a disposici\u00f3n de los docentes de Panquehue, un asesor jur\u00eddico.\" alt=\"La Presidente Provincial del Colegio de Profesores, Sonia Fern\u00e1ndez, manifest\u00f3 que han puesto a disposici\u00f3n de los docentes de Panquehue, un asesor jur\u00eddico.\" src=\"https:\/\/i0.wp.com\/www.eltrabajo.cl\/portal\/wp-content\/uploads\/2014\/01\/Sonia-Fernandez.jpg?resize=317%2C353\" width=\"317\" height=\"353\" srcset=\"https:\/\/i0.wp.com\/eltrabajo.cl\/portal\/wp-content\/uploads\/2014\/01\/Sonia-Fernandez.jpg?w=529&amp;ssl=1 529w, https:\/\/i0.wp.com\/eltrabajo.cl\/portal\/wp-content\/uploads\/2014\/01\/Sonia-Fernandez.jpg?resize=134%2C150&amp;ssl=1 134w, https:\/\/i0.wp.com\/eltrabajo.cl\/portal\/wp-content\/uploads\/2014\/01\/Sonia-Fernandez.jpg?resize=269%2C300&amp;ssl=1 269w, https:\/\/i0.wp.com\/eltrabajo.cl\/portal\/wp-content\/uploads\/2014\/01\/Sonia-Fernandez.jpg?resize=400%2C445&amp;ssl=1 400w\" sizes=\"auto, (max-width: 317px) 100vw, 317px\" \/><\/a><figcaption id=\"caption-attachment-42621\" class=\"wp-caption-text\">La Presidente Provincial del Colegio de Profesores, Sonia Fern\u00e1ndez, manifest\u00f3 que han puesto a disposici\u00f3n de los docentes de Panquehue, un asesor jur\u00eddico.<\/figcaption><\/figure>\n<p>Con fecha 8 de agosto de 2013, se ofici\u00f3 acerca de la no cancelaci\u00f3n de cuotas por concepto de un seguro de vida contratado por profesores con la Chilena Consolidada, lo que deriv\u00f3 en que fuese caducado el contrato. La municipalidad, en agosto de 2013 inform\u00f3 a la Contralor\u00eda que se estaba buscando la mejor f\u00f3rmula para resolver este problema, situaci\u00f3n que seg\u00fan Gonz\u00e1lez, tampoco se ha resuelto. A fines de julio de 2013, ofici\u00f3 la entidad fiscalizadora sobre la no cancelaci\u00f3n de la asignaci\u00f3n de perfeccionamiento docente, pese a que existe disponibilidad de fondos para cumplir con este pago, con recursos que entrega el ministerio de Educaci\u00f3n.<\/p>\n<p>\u00abExiste preocupaci\u00f3n entre los profesores de Panquehue, por la figura delictiva que se ha ido formando en el tiempo, respecto de los descuentos que se han ido haciendo de las remuneraciones, para efectos de pago de cuotas en cooperativas como Copeuch y Caja Los Andes, y muy especialmente en cuanto a los seguros de vida. Se descont\u00f3 durante seis meses las cuotas para los seguros de vida y las platas no fueron impetradas por la aseguradora. Por lo tanto, est\u00e1n todos los seguros caducos\u00bb, manifest\u00f3 Cristian Gonz\u00e1lez.<\/p>\n<p>Seg\u00fan asever\u00f3 el docente, se determin\u00f3 la apropiaci\u00f3n de fondos de terceros, lo que constituye una ilegalidad; en tanto que en el caso de la apropiaci\u00f3n de cuotas sociales de los profesores, constituye una figura delictiva. Seg\u00fan afirm\u00f3 Cruz, \u00abhemos tenido graves problemas, con profesores que por ejemplo se van a operar y el seguro no est\u00e1 vigente, est\u00e1 caduco\u00bb.<\/p>\n<p>Por este motivo y con el respaldo del Colegio de Profesores, se pretende estampar una demanda en tribunales, en tanto que ya se est\u00e1 solicitando una entrevista con el Fiscal Jefe del Ministerio P\u00fablico, ya que no descartan interponer una querella criminal.<\/p>\n<p>Si bien no se refiri\u00f3 en extenso a su situaci\u00f3n personal, el profesor Gonz\u00e1lez manifest\u00f3 que ha existido una sistem\u00e1tica persecuci\u00f3n a profesores, de la que \u00e9l tambi\u00e9n habr\u00eda sido objeto, y que ha derivado en que cuatro directores de establecimientos hayan sido despedidos del municipio, cuestionando en este sentido \u00abla figura de autoritarismo del alcalde Luis Pradenas\u00bb.<\/p>\n<p>&nbsp;<\/p>\n<p><strong>COLEGIO DE PROFESORES<\/strong><\/p>\n<p>En tanto, la Presidente del Colegio de Profesores Provincial San Felipe, Sonia Fern\u00e1ndez, manifest\u00f3 su enorme repudio a estas medidas que se han adoptado desde el municipio en contra de sus colegas docentes, al mismo tiempo que lament\u00f3 la situaci\u00f3n personal que vive Cristian Gonz\u00e1lez Cruz, quien es dirigente del Magisterio y de la CUT.<\/p>\n<p>\u00abEl Colegio de Profesores est\u00e1 en antecedentes de la situaci\u00f3n que est\u00e1 viviendo este maestro y por lo tanto se ha hecho part\u00edcipe. Ha informado al asesor jur\u00eddico regional y en asamblea nacional de estos dos \u00faltimos d\u00edas, informamos tambi\u00e9n al directorio acerca de la situaci\u00f3n que ha vivido este maestro\u00bb, se\u00f1al\u00f3 la dirigente.<\/p>\n<p>Sonia Fern\u00e1ndez manifest\u00f3 finalmente que el Magisterio hay mucha claridad sobre el mal momento que enfrenta este profesor, al mismo tiempo que otros docentes de la comuna. A su juicio, Cristian Gonz\u00e1lez Cruz est\u00e1 viviendo esta situaci\u00f3n por haber levantado su voz ante las arbitrariedades hacia los docentes, por el no pago de compromisos suscritos.<\/p>\n<p>Cabe consignar, que Diario El Trabajo se comunic\u00f3 con el Alcalde de Panquehue Luis Pradenas, a fin de tener una versi\u00f3n municipal sobre la situaci\u00f3n que denunci\u00f3 el profesor y ex-director de la Escuela Vi\u00f1a Err\u00e1zuriz. La autoridad se excuso de entregar declaraciones en el momento, se\u00f1alando que el lunes a m\u00e1s tardar se pronunciar\u00e1 sobre este tema.<\/p>\n<p>&nbsp;<\/p>\n","protected":false},"excerpt":{"rendered":"<p>Ex-director de la Escuela Vi\u00f1a Err\u00e1zuriz, Cristian Gonz\u00e1lez Cruz, fue sumariado y despedido del municipio, tras realizar solicitudes de investigaci\u00f3n a la Contralor\u00eda, para determinar si el proceder de la corporaci\u00f3n era&#8230;<\/p>\n","protected":false},"author":482,"featured_media":42620,"comment_status":"open","ping_status":"closed","sticky":false,"template":"","format":"standard","meta":{"advanced_seo_description":"","jetpack_seo_html_title":"","jetpack_seo_noindex":false,"_jetpack_memberships_contains_paid_content":false,"footnotes":""},"categories":[1],"tags":[],"class_list":["post-42619","post","type-post","status-publish","format-standard","has-post-thumbnail","hentry","category-cronica"],"jetpack_featured_media_url":"https:\/\/i0.wp.com\/eltrabajo.cl\/portal\/wp-content\/uploads\/2014\/01\/Profesor-Cristian.jpg?fit=529%2C695&ssl=1","jetpack_sharing_enabled":true,"jetpack_likes_enabled":true,"jetpack-related-posts":[],"_links":{"self":[{"href":"https:\/\/eltrabajo.cl\/portal\/wp-json\/wp\/v2\/posts\/42619","targetHints":{"allow":["GET"]}}],"collection":[{"href":"https:\/\/eltrabajo.cl\/portal\/wp-json\/wp\/v2\/posts"}],"about":[{"href":"https:\/\/eltrabajo.cl\/portal\/wp-json\/wp\/v2\/types\/post"}],"author":[{"embeddable":true,"href":"https:\/\/eltrabajo.cl\/portal\/wp-json\/wp\/v2\/users\/482"}],"replies":[{"embeddable":true,"href":"https:\/\/eltrabajo.cl\/portal\/wp-json\/wp\/v2\/comments?post=42619"}],"version-history":[{"count":0,"href":"https:\/\/eltrabajo.cl\/portal\/wp-json\/wp\/v2\/posts\/42619\/revisions"}],"wp:featuredmedia":[{"embeddable":true,"href":"https:\/\/eltrabajo.cl\/portal\/wp-json\/wp\/v2\/media\/42620"}],"wp:attachment":[{"href":"https:\/\/eltrabajo.cl\/portal\/wp-json\/wp\/v2\/media?parent=42619"}],"wp:term":[{"taxonomy":"category","embeddable":true,"href":"https:\/\/eltrabajo.cl\/portal\/wp-json\/wp\/v2\/categories?post=42619"},{"taxonomy":"post_tag","embeddable":true,"href":"https:\/\/eltrabajo.cl\/portal\/wp-json\/wp\/v2\/tags?post=42619"}],"curies":[{"name":"wp","href":"https:\/\/api.w.org\/{rel}","templated":true}]}}