{"id":42624,"date":"2014-01-31T09:22:56","date_gmt":"2014-01-31T12:22:56","guid":{"rendered":"http:\/\/www.eltrabajo.cl\/portal\/?p=42624"},"modified":"2014-01-31T09:22:56","modified_gmt":"2014-01-31T12:22:56","slug":"hoy-es-la-apertura-de-sobres-y-remate-de-pisos-del-carnaval-de-la-chaya","status":"publish","type":"post","link":"https:\/\/eltrabajo.cl\/portal\/hoy-es-la-apertura-de-sobres-y-remate-de-pisos-del-carnaval-de-la-chaya\/","title":{"rendered":"Hoy es la apertura de sobres y remate de pisos del Carnaval de la Chaya"},"content":{"rendered":"<figure id=\"attachment_42625\" aria-describedby=\"caption-attachment-42625\" style=\"width: 529px\" class=\"wp-caption alignnone\"><a href=\"https:\/\/i0.wp.com\/www.eltrabajo.cl\/portal\/wp-content\/uploads\/2014\/01\/Chaya11.jpg\"><img data-recalc-dims=\"1\" loading=\"lazy\" decoding=\"async\" class=\"size-full wp-image-42625\" title=\"Este viernes 31 de enero a las 12:00 horas y en una ceremonia abierta a toda la comunidad, se llevar\u00e1 a cabo la apertura de sobres y remate de pisos o stands para el Carnaval de la Chaya 2014. (Foto archivo)\" alt=\"Este viernes 31 de enero a las 12:00 horas y en una ceremonia abierta a toda la comunidad, se llevar\u00e1 a cabo la apertura de sobres y remate de pisos o stands para el Carnaval de la Chaya 2014. (Foto archivo)\" src=\"https:\/\/i0.wp.com\/www.eltrabajo.cl\/portal\/wp-content\/uploads\/2014\/01\/Chaya11.jpg?resize=529%2C228\" width=\"529\" height=\"228\" srcset=\"https:\/\/i0.wp.com\/eltrabajo.cl\/portal\/wp-content\/uploads\/2014\/01\/Chaya11.jpg?w=529&amp;ssl=1 529w, https:\/\/i0.wp.com\/eltrabajo.cl\/portal\/wp-content\/uploads\/2014\/01\/Chaya11.jpg?resize=200%2C86&amp;ssl=1 200w, https:\/\/i0.wp.com\/eltrabajo.cl\/portal\/wp-content\/uploads\/2014\/01\/Chaya11.jpg?resize=300%2C129&amp;ssl=1 300w, https:\/\/i0.wp.com\/eltrabajo.cl\/portal\/wp-content\/uploads\/2014\/01\/Chaya11.jpg?resize=150%2C64&amp;ssl=1 150w, https:\/\/i0.wp.com\/eltrabajo.cl\/portal\/wp-content\/uploads\/2014\/01\/Chaya11.jpg?resize=400%2C172&amp;ssl=1 400w\" sizes=\"auto, (max-width: 529px) 100vw, 529px\" \/><\/a><figcaption id=\"caption-attachment-42625\" class=\"wp-caption-text\">Este viernes 31 de enero a las 12:00 horas y en una ceremonia abierta a toda la comunidad, se llevar\u00e1 a cabo la apertura de sobres y remate de pisos o stands para el Carnaval de la Chaya 2014. (Foto archivo)<\/figcaption><\/figure>\n<p><strong>PUTAENDO<\/strong>.- Este viernes 31 de enero a las 12:00 horas y en una ceremonia abierta a toda la comunidad, se llevar\u00e1 a cabo la apertura de sobres y remate de pisos o stand de las diversas actividades comerciales que se instalan tradicionalmente en la plaza y sus alrededores en el Carnaval de la Chaya. Seg\u00fan indic\u00f3 el Alcalde (S) Mauricio Quiroz, la idea de este acto p\u00fablico es darle el m\u00e1ximo de transparencia a este proceso tan tradicional de la Chaya. \u00abEsta es una actividad p\u00fablica, donde pueden asistir los comerciantes que ofertaron, como p\u00fablico en general\u00bb, coment\u00f3 Quiroz.<\/p>\n<p>La apertura de cerca de 50 sobres recepcionados en el Departamento de Rentas municipal, se realizar\u00e1 en el casino del Liceo Manuel Mar\u00edn Fritis y contar\u00e1 con una comisi\u00f3n especial, creada por decreto alcaldicio, de tres funcionarios de planta de las unidades de control, finanzas y alcald\u00eda.<\/p>\n<p>Un remate p\u00fablico de stand para participar en la Chaya de Putaendo 2014 a realizarse desde el viernes 14 al s\u00e1bado 22 de febrero y que este a\u00f1o contar\u00e1 con imperdibles sorpresas musicales de destacada trayectoria nacional que seguramente convocar\u00e1n a miles de personas a la fiesta de la Chaya m\u00e1s tradicional e importante del valle de Aconcagua.<\/p>\n<p>&nbsp;<\/p>\n","protected":false},"excerpt":{"rendered":"<p>PUTAENDO.- Este viernes 31 de enero a las 12:00 horas y en una ceremonia abierta a toda la comunidad, se llevar\u00e1 a cabo la apertura de sobres y remate de pisos o&#8230;<\/p>\n","protected":false},"author":482,"featured_media":42625,"comment_status":"open","ping_status":"closed","sticky":false,"template":"","format":"standard","meta":{"advanced_seo_description":"","jetpack_seo_html_title":"","jetpack_seo_noindex":false,"_jetpack_memberships_contains_paid_content":false,"footnotes":""},"categories":[1],"tags":[],"class_list":["post-42624","post","type-post","status-publish","format-standard","has-post-thumbnail","hentry","category-cronica"],"jetpack_featured_media_url":"https:\/\/i0.wp.com\/eltrabajo.cl\/portal\/wp-content\/uploads\/2014\/01\/Chaya11.jpg?fit=529%2C228&ssl=1","jetpack_sharing_enabled":true,"jetpack_likes_enabled":true,"jetpack-related-posts":[],"_links":{"self":[{"href":"https:\/\/eltrabajo.cl\/portal\/wp-json\/wp\/v2\/posts\/42624","targetHints":{"allow":["GET"]}}],"collection":[{"href":"https:\/\/eltrabajo.cl\/portal\/wp-json\/wp\/v2\/posts"}],"about":[{"href":"https:\/\/eltrabajo.cl\/portal\/wp-json\/wp\/v2\/types\/post"}],"author":[{"embeddable":true,"href":"https:\/\/eltrabajo.cl\/portal\/wp-json\/wp\/v2\/users\/482"}],"replies":[{"embeddable":true,"href":"https:\/\/eltrabajo.cl\/portal\/wp-json\/wp\/v2\/comments?post=42624"}],"version-history":[{"count":0,"href":"https:\/\/eltrabajo.cl\/portal\/wp-json\/wp\/v2\/posts\/42624\/revisions"}],"wp:featuredmedia":[{"embeddable":true,"href":"https:\/\/eltrabajo.cl\/portal\/wp-json\/wp\/v2\/media\/42625"}],"wp:attachment":[{"href":"https:\/\/eltrabajo.cl\/portal\/wp-json\/wp\/v2\/media?parent=42624"}],"wp:term":[{"taxonomy":"category","embeddable":true,"href":"https:\/\/eltrabajo.cl\/portal\/wp-json\/wp\/v2\/categories?post=42624"},{"taxonomy":"post_tag","embeddable":true,"href":"https:\/\/eltrabajo.cl\/portal\/wp-json\/wp\/v2\/tags?post=42624"}],"curies":[{"name":"wp","href":"https:\/\/api.w.org\/{rel}","templated":true}]}}