{"id":42641,"date":"2014-01-31T09:31:50","date_gmt":"2014-01-31T12:31:50","guid":{"rendered":"http:\/\/www.eltrabajo.cl\/portal\/?p=42641"},"modified":"2014-01-31T09:31:50","modified_gmt":"2014-01-31T12:31:50","slug":"fernandita-henriquez-muere-tras-perder-su-lucha-contra-el-cancer","status":"publish","type":"post","link":"https:\/\/eltrabajo.cl\/portal\/fernandita-henriquez-muere-tras-perder-su-lucha-contra-el-cancer\/","title":{"rendered":"Fernandita Henr\u00edquez muere tras perder su lucha contra el c\u00e1ncer"},"content":{"rendered":"<figure id=\"attachment_42642\" aria-describedby=\"caption-attachment-42642\" style=\"width: 317px\" class=\"wp-caption alignleft\"><a href=\"https:\/\/i0.wp.com\/www.eltrabajo.cl\/portal\/wp-content\/uploads\/2014\/01\/Fernandita1.jpg\"><img data-recalc-dims=\"1\" loading=\"lazy\" decoding=\"async\" class=\" wp-image-42642 \" title=\"Fernanda Henr\u00edquez Espinoza, muere a la edad de 16 a\u00f1os.\" alt=\"Fernanda Henr\u00edquez Espinoza, muere a la edad de 16 a\u00f1os.\" src=\"https:\/\/i0.wp.com\/www.eltrabajo.cl\/portal\/wp-content\/uploads\/2014\/01\/Fernandita1.jpg?resize=317%2C241\" width=\"317\" height=\"241\" srcset=\"https:\/\/i0.wp.com\/eltrabajo.cl\/portal\/wp-content\/uploads\/2014\/01\/Fernandita1.jpg?w=529&amp;ssl=1 529w, https:\/\/i0.wp.com\/eltrabajo.cl\/portal\/wp-content\/uploads\/2014\/01\/Fernandita1.jpg?resize=197%2C150&amp;ssl=1 197w, https:\/\/i0.wp.com\/eltrabajo.cl\/portal\/wp-content\/uploads\/2014\/01\/Fernandita1.jpg?resize=300%2C227&amp;ssl=1 300w, https:\/\/i0.wp.com\/eltrabajo.cl\/portal\/wp-content\/uploads\/2014\/01\/Fernandita1.jpg?resize=150%2C113&amp;ssl=1 150w, https:\/\/i0.wp.com\/eltrabajo.cl\/portal\/wp-content\/uploads\/2014\/01\/Fernandita1.jpg?resize=400%2C303&amp;ssl=1 400w\" sizes=\"auto, (max-width: 317px) 100vw, 317px\" \/><\/a><figcaption id=\"caption-attachment-42642\" class=\"wp-caption-text\">Fernanda Henr\u00edquez Espinoza, muere a la edad de 16 a\u00f1os.<\/figcaption><\/figure>\n<p><strong>PUTAENDO.<\/strong>&#8211; A la edad de 16 a\u00f1os y luego de una ardua lucha contra un agresivo c\u00e1ncer, falleci\u00f3 la peque\u00f1a Fernanda Henr\u00edquez Espinoza, lo que ha causado un hondo pesar en gran parte de la comunidad y en la conocida y querida Familia S\u00e1nchez de Calle Brasil. Fernanda desde hace cuatro a\u00f1os junto al cari\u00f1o de sus padres, familiares y seres queridos, se enfrent\u00f3 a una dura lucha que le prepar\u00f3 la vida cuando le detectaron un c\u00e1ncer que la llev\u00f3 a estar mucho tiempo hospitalizada, a sufrir el embate de agresivos tratamientos, pero que ella siempre los enfrent\u00f3 con una sonrisa especial y con la ternura de su rostro, que a\u00fan en los momentos m\u00e1s dif\u00edciles levant\u00f3 el \u00e1nimo y la fuerza de su familia.<\/p>\n<p>En el \u00faltimo tiempo, lamentablemente esta enfermedad fue apagando poco a poco la vida de Fernanda hasta que este jueves en el Hospital San Antonio de Putaendo y luego de haberse agravado, en compa\u00f1\u00eda de sus padres y familiares dej\u00f3 de existir.<\/p>\n<p><strong>DEJ\u00d3 HUELLA<\/strong><\/p>\n<p>Sin lugar a dudas, para muchos se puede tratar de una injusticia m\u00e1s de la vida, pero para su familia fue un desafi\u00f3 que enfrentaron con amor, uni\u00f3n y con la fe que a pesar de lo adverso nunca perdieron, ya que Fernanda en su corto paso por este mundo, regal\u00f3 mucho amor y mucho cari\u00f1o, no tan s\u00f3lo a sus familiares, sino incluso a quienes le conocimos un poco m\u00e1s a la distancia.<\/p>\n<p>Vale la pena recordar que esta peque\u00f1a logr\u00f3 unir a pr\u00e1cticamente toda la comuna a trav\u00e9s de campa\u00f1as y beneficios, incluso llevando a m\u00e1s de 40 putaendinos que viajaron en un bus hasta Santiago para entregar una gota de sangre cuando Fernanda lo necesitaba.<\/p>\n<p>Hoy la vida de Fernanda se ha apagado, pero su ejemplo de lucha y superaci\u00f3n se mantendr\u00e1 vivo por siempre en el coraz\u00f3n de su familia y de quienes le conocieron y como medio nos adherimos al dolor de la Familia Henr\u00edquez Espinoza por la p\u00e9rdida irreparable de su amado ser querido.<\/p>\n<p>Los restos de la peque\u00f1a Fernanda est\u00e1n siendo velados en la Ramada de la Familia S\u00e1nchez de Calle Brasil, cumpliendo un deseo que ella misma pidi\u00f3 y su funeral ser\u00e1 avisado oportunamente una vez que la familia confirme la hora y el d\u00eda.<\/p>\n<p><strong>NO HAY TRILLA<\/strong><\/p>\n<p>La Familia S\u00e1nchez confirm\u00f3 a nuestro medio y pidi\u00f3 dar cuenta a la comunidad, que ante esta lamentable situaci\u00f3n, han decidido no realizar la tradicional Trilla a Yegua Suelta que todos los a\u00f1os llevaban a cabo en estas fechas. Esta decisi\u00f3n ya se hab\u00eda tomado hace un mes luego que la peque\u00f1a Fernanda se agravara, por lo que la familia pidi\u00f3 comprensi\u00f3n a la comunidad.<\/p>\n<p>\u00abLa vida nos prepara pruebas, a veces muy dif\u00edciles, y lo importante no es ganarlas, sino saber enfrentarlas y no decaer hasta el final\u00bb.<\/p>\n<p>Patricio Gallardo M.<\/p>\n","protected":false},"excerpt":{"rendered":"<p>PUTAENDO.&#8211; A la edad de 16 a\u00f1os y luego de una ardua lucha contra un agresivo c\u00e1ncer, falleci\u00f3 la peque\u00f1a Fernanda Henr\u00edquez Espinoza, lo que ha causado un hondo pesar en gran&#8230;<\/p>\n","protected":false},"author":482,"featured_media":42642,"comment_status":"open","ping_status":"closed","sticky":false,"template":"","format":"standard","meta":{"advanced_seo_description":"","jetpack_seo_html_title":"","jetpack_seo_noindex":false,"_jetpack_memberships_contains_paid_content":false,"footnotes":""},"categories":[15],"tags":[],"class_list":["post-42641","post","type-post","status-publish","format-standard","has-post-thumbnail","hentry","category-comunidad"],"jetpack_featured_media_url":"https:\/\/i0.wp.com\/eltrabajo.cl\/portal\/wp-content\/uploads\/2014\/01\/Fernandita1.jpg?fit=529%2C402&ssl=1","jetpack_sharing_enabled":true,"jetpack_likes_enabled":true,"jetpack-related-posts":[],"_links":{"self":[{"href":"https:\/\/eltrabajo.cl\/portal\/wp-json\/wp\/v2\/posts\/42641","targetHints":{"allow":["GET"]}}],"collection":[{"href":"https:\/\/eltrabajo.cl\/portal\/wp-json\/wp\/v2\/posts"}],"about":[{"href":"https:\/\/eltrabajo.cl\/portal\/wp-json\/wp\/v2\/types\/post"}],"author":[{"embeddable":true,"href":"https:\/\/eltrabajo.cl\/portal\/wp-json\/wp\/v2\/users\/482"}],"replies":[{"embeddable":true,"href":"https:\/\/eltrabajo.cl\/portal\/wp-json\/wp\/v2\/comments?post=42641"}],"version-history":[{"count":0,"href":"https:\/\/eltrabajo.cl\/portal\/wp-json\/wp\/v2\/posts\/42641\/revisions"}],"wp:featuredmedia":[{"embeddable":true,"href":"https:\/\/eltrabajo.cl\/portal\/wp-json\/wp\/v2\/media\/42642"}],"wp:attachment":[{"href":"https:\/\/eltrabajo.cl\/portal\/wp-json\/wp\/v2\/media?parent=42641"}],"wp:term":[{"taxonomy":"category","embeddable":true,"href":"https:\/\/eltrabajo.cl\/portal\/wp-json\/wp\/v2\/categories?post=42641"},{"taxonomy":"post_tag","embeddable":true,"href":"https:\/\/eltrabajo.cl\/portal\/wp-json\/wp\/v2\/tags?post=42641"}],"curies":[{"name":"wp","href":"https:\/\/api.w.org\/{rel}","templated":true}]}}