{"id":42645,"date":"2014-01-31T09:33:34","date_gmt":"2014-01-31T12:33:34","guid":{"rendered":"http:\/\/www.eltrabajo.cl\/portal\/?p=42645"},"modified":"2014-01-31T09:33:34","modified_gmt":"2014-01-31T12:33:34","slug":"alcalde-patricio-freire-refuta-declaraciones-del-director-regional-del-ind","status":"publish","type":"post","link":"https:\/\/eltrabajo.cl\/portal\/alcalde-patricio-freire-refuta-declaraciones-del-director-regional-del-ind\/","title":{"rendered":"Alcalde Patricio Freire refuta declaraciones del Director Regional del IND"},"content":{"rendered":"<figure id=\"attachment_42646\" aria-describedby=\"caption-attachment-42646\" style=\"width: 370px\" class=\"wp-caption alignleft\"><a href=\"https:\/\/i0.wp.com\/www.eltrabajo.cl\/portal\/wp-content\/uploads\/2014\/01\/oficio-ordinario.jpg\"><img data-recalc-dims=\"1\" loading=\"lazy\" decoding=\"async\" class=\" wp-image-42646 \" title=\"PAPELITO HABLA.- Este es el oficio ordinario N\u00b0. 01436, remitido por el municipio a Oficina de Partes del IND con fecha 31 de julio de 2013, donde se formaliza el acuerdo tomado por el Concejo Municipal, respecto de la ubicaci\u00f3n elegida para el nuevo estadio.\" alt=\"PAPELITO HABLA.- Este es el oficio ordinario N\u00b0. 01436, remitido por el municipio a Oficina de Partes del IND con fecha 31 de julio de 2013, donde se formaliza el acuerdo tomado por el Concejo Municipal, respecto de la ubicaci\u00f3n elegida para el nuevo estadio.\" src=\"https:\/\/i0.wp.com\/www.eltrabajo.cl\/portal\/wp-content\/uploads\/2014\/01\/oficio-ordinario.jpg?resize=370%2C549\" width=\"370\" height=\"549\" srcset=\"https:\/\/i0.wp.com\/eltrabajo.cl\/portal\/wp-content\/uploads\/2014\/01\/oficio-ordinario.jpg?w=529&amp;ssl=1 529w, https:\/\/i0.wp.com\/eltrabajo.cl\/portal\/wp-content\/uploads\/2014\/01\/oficio-ordinario.jpg?resize=101%2C150&amp;ssl=1 101w, https:\/\/i0.wp.com\/eltrabajo.cl\/portal\/wp-content\/uploads\/2014\/01\/oficio-ordinario.jpg?resize=202%2C300&amp;ssl=1 202w, https:\/\/i0.wp.com\/eltrabajo.cl\/portal\/wp-content\/uploads\/2014\/01\/oficio-ordinario.jpg?resize=400%2C592&amp;ssl=1 400w\" sizes=\"auto, (max-width: 370px) 100vw, 370px\" \/><\/a><figcaption id=\"caption-attachment-42646\" class=\"wp-caption-text\">PAPELITO HABLA.- Este es el oficio ordinario N\u00b0. 01436, remitido por el municipio a Oficina de Partes del IND con fecha 31 de julio de 2013, donde se formaliza el acuerdo tomado por el Concejo Municipal, respecto de la ubicaci\u00f3n elegida para el nuevo estadio.<\/figcaption><\/figure>\n<p>El Alcalde Patricio Freire rechaz\u00f3 categ\u00f3ricamente las declaraciones del Director Regional del IND, Rodrigo Oliver, realizadas este jueves en una visita a la comuna de Catemu, donde le entrega la responsabilidad a este municipio de no formalizar la decisi\u00f3n respecto de la ubicaci\u00f3n donde se construir\u00e1 el nuevo estadio para la comuna.<\/p>\n<p>El jefe comunal se mostr\u00f3 sorprendido y profundamente molesto de estas declaraciones, se\u00f1alando que Oliver estuvo presente en la sesi\u00f3n de Concejo, que se realiz\u00f3 el pasado 23 de julio de 2013, donde se definieron las instalaciones del Estadio Fiscal para ubicar el nuevo recinto deportivo, informaci\u00f3n que fue ratificada en el oficio ordinario N\u00b0. 01436, emanado del municipio y recepcionado por la Oficina de Partes del IND con fecha 31 de julio del mismo a\u00f1o, donde se formaliza el acuerdo tomado por el Concejo Municipal, respecto de la ubicaci\u00f3n elegida para el nuevo estadio.<\/p>\n<p>El jefe comunal dijo adem\u00e1s que posterior a esa fecha se realizaron diversas reuniones, donde participaron tambi\u00e9n el director regional del IND y el arquitecto que est\u00e1 a cargo del dise\u00f1o en esta municipalidad, a lo que se suman visitas a terreno en el Estadio Fiscal.<\/p>\n<p>\u00abAc\u00e1 se ha procedido como corresponde y en los plazos que se indicaron. Nosotros como Municipalidad quedamos con un compromiso que estamos cumpliendo, que es desarrollar el estudio topogr\u00e1fico. Ese estudio est\u00e1 contratado, hay un top\u00f3grafo con experiencia que ha trabajado en otros proyectos del IND desarrollando la topograf\u00eda de acuerdo a los t\u00e9rminos de referencia que nos indic\u00f3 el mismo IND y el producto va a estar en el Instituto Nacional de Deportes a fines de febrero, por tanto para que la comunidad quede tranquila, el municipio ha desarrollado todas las acciones correspondientes para que se realice el dise\u00f1o del estadio en los plazos que el IND nos ha indicado\u00bb, enfatiz\u00f3 el jefe comunal.<\/p>\n<p>El Alcalde Freire se manifest\u00f3 profundamente molesto y lament\u00f3 estas declaraciones, se\u00f1alando que no aceptar\u00e1 que se le entregue a la Municipalidad una responsabilidad que no le pertenece, ya que la corporaci\u00f3n edilicia est\u00e1 haciendo su trabajo y argument\u00f3 razones pol\u00edticas en una autoridad que pareciera no estar haciendo la parte que le corresponde en este tema, sostuvo.<\/p>\n<p>&nbsp;<\/p>\n","protected":false},"excerpt":{"rendered":"<p>El Alcalde Patricio Freire rechaz\u00f3 categ\u00f3ricamente las declaraciones del Director Regional del IND, Rodrigo Oliver, realizadas este jueves en una visita a la comuna de Catemu, donde le entrega la responsabilidad a&#8230;<\/p>\n","protected":false},"author":482,"featured_media":42646,"comment_status":"open","ping_status":"closed","sticky":false,"template":"","format":"standard","meta":{"advanced_seo_description":"","jetpack_seo_html_title":"","jetpack_seo_noindex":false,"_jetpack_memberships_contains_paid_content":false,"footnotes":""},"categories":[1],"tags":[],"class_list":["post-42645","post","type-post","status-publish","format-standard","has-post-thumbnail","hentry","category-cronica"],"jetpack_featured_media_url":"https:\/\/i0.wp.com\/eltrabajo.cl\/portal\/wp-content\/uploads\/2014\/01\/oficio-ordinario.jpg?fit=529%2C784&ssl=1","jetpack_sharing_enabled":true,"jetpack_likes_enabled":true,"jetpack-related-posts":[],"_links":{"self":[{"href":"https:\/\/eltrabajo.cl\/portal\/wp-json\/wp\/v2\/posts\/42645","targetHints":{"allow":["GET"]}}],"collection":[{"href":"https:\/\/eltrabajo.cl\/portal\/wp-json\/wp\/v2\/posts"}],"about":[{"href":"https:\/\/eltrabajo.cl\/portal\/wp-json\/wp\/v2\/types\/post"}],"author":[{"embeddable":true,"href":"https:\/\/eltrabajo.cl\/portal\/wp-json\/wp\/v2\/users\/482"}],"replies":[{"embeddable":true,"href":"https:\/\/eltrabajo.cl\/portal\/wp-json\/wp\/v2\/comments?post=42645"}],"version-history":[{"count":0,"href":"https:\/\/eltrabajo.cl\/portal\/wp-json\/wp\/v2\/posts\/42645\/revisions"}],"wp:featuredmedia":[{"embeddable":true,"href":"https:\/\/eltrabajo.cl\/portal\/wp-json\/wp\/v2\/media\/42646"}],"wp:attachment":[{"href":"https:\/\/eltrabajo.cl\/portal\/wp-json\/wp\/v2\/media?parent=42645"}],"wp:term":[{"taxonomy":"category","embeddable":true,"href":"https:\/\/eltrabajo.cl\/portal\/wp-json\/wp\/v2\/categories?post=42645"},{"taxonomy":"post_tag","embeddable":true,"href":"https:\/\/eltrabajo.cl\/portal\/wp-json\/wp\/v2\/tags?post=42645"}],"curies":[{"name":"wp","href":"https:\/\/api.w.org\/{rel}","templated":true}]}}