{"id":42650,"date":"2014-01-31T09:34:48","date_gmt":"2014-01-31T12:34:48","guid":{"rendered":"http:\/\/www.eltrabajo.cl\/portal\/?p=42650"},"modified":"2014-01-31T09:34:48","modified_gmt":"2014-01-31T12:34:48","slug":"ind-no-ha-realizado-diseno-de-nuevo-estadio-para-san-felipe","status":"publish","type":"post","link":"https:\/\/eltrabajo.cl\/portal\/ind-no-ha-realizado-diseno-de-nuevo-estadio-para-san-felipe\/","title":{"rendered":"IND no ha realizado dise\u00f1o de nuevo estadio para San Felipe"},"content":{"rendered":"<figure id=\"attachment_42651\" aria-describedby=\"caption-attachment-42651\" style=\"width: 317px\" class=\"wp-caption alignleft\"><a href=\"https:\/\/i0.wp.com\/www.eltrabajo.cl\/portal\/wp-content\/uploads\/2014\/01\/Carlos-Oliver.jpg\"><img data-recalc-dims=\"1\" loading=\"lazy\" decoding=\"async\" class=\" wp-image-42651 \" title=\"Director Regional del IND, Carlos Oliver.\" alt=\"Director Regional del IND, Carlos Oliver.\" src=\"https:\/\/i0.wp.com\/www.eltrabajo.cl\/portal\/wp-content\/uploads\/2014\/01\/Carlos-Oliver.jpg?resize=317%2C308\" width=\"317\" height=\"308\" srcset=\"https:\/\/i0.wp.com\/eltrabajo.cl\/portal\/wp-content\/uploads\/2014\/01\/Carlos-Oliver.jpg?w=529&amp;ssl=1 529w, https:\/\/i0.wp.com\/eltrabajo.cl\/portal\/wp-content\/uploads\/2014\/01\/Carlos-Oliver.jpg?resize=154%2C150&amp;ssl=1 154w, https:\/\/i0.wp.com\/eltrabajo.cl\/portal\/wp-content\/uploads\/2014\/01\/Carlos-Oliver.jpg?resize=300%2C290&amp;ssl=1 300w, https:\/\/i0.wp.com\/eltrabajo.cl\/portal\/wp-content\/uploads\/2014\/01\/Carlos-Oliver.jpg?resize=150%2C145&amp;ssl=1 150w, https:\/\/i0.wp.com\/eltrabajo.cl\/portal\/wp-content\/uploads\/2014\/01\/Carlos-Oliver.jpg?resize=400%2C387&amp;ssl=1 400w\" sizes=\"auto, (max-width: 317px) 100vw, 317px\" \/><\/a><figcaption id=\"caption-attachment-42651\" class=\"wp-caption-text\">Director Regional del IND, Carlos Oliver.<\/figcaption><\/figure>\n<p>El Director Regional del IND, Carlos Oliver, confirm\u00f3 ayer en visita a Catemu, que el dise\u00f1o de nuevo estadio para San Felipe no se ha realizado, por cuanto la municipalidad no formaliz\u00f3 la opci\u00f3n del terreno del actual Estadio Fiscal. Al ser consultado en qu\u00e9 etapa se encontraba el dise\u00f1o que anunci\u00f3 meses atr\u00e1s despu\u00e9s que el Concejo Municipal de San Felipe aprobara la opci\u00f3n del Estadio Fiscal en desmedro de la alternativa de la Escuela Agr\u00edcola, Oliver sorprendi\u00f3 al sostener que pr\u00e1cticamente no hay nada, porque la municipalidad nunca formaliz\u00f3 su respuesta.<\/p>\n<p>\u00abDebo decir que el pronunciamiento de la Municipalidad se demor\u00f3 por meses, puesto que parece que uno de esos lugares no era algo en que la Municipalidad estuviera de acuerdo por abc motivo, y tuve que ir personalmente a un Concejo Municipal para poder explicar nuevamente este estudio de localizaci\u00f3n y que existiera un pronunciamiento, despu\u00e9s de lo cual de manera informal nos hacen saber poco tiempo atr\u00e1s que efectivamente est\u00e1n de acuerdo con el Estadio Fiscal, pero eso nunca se ha concretado en algo formal\u00bb, se\u00f1al\u00f3 Oliver.<\/p>\n<p><strong>NO CUMPLIR\u00c1<\/strong><\/p>\n<p>El personero manifest\u00f3 que el tema le preocupaba, porque bajo estas circunstancias no podr\u00edan cumplir el compromiso adquirido. \u00abLos gobiernos pasan, las instituciones permanecen y los compromisos hay que cumplirlos, pero es bastante dif\u00edcil poder cumplir un compromiso de dise\u00f1ar un estadio, si uno no tiene el recinto donde dise\u00f1arlo, (\u2026) internamente lo que nosotros hicimos fue empezar a avanzar, porque al final lo que uno quiere es cumplir este compromiso, pero es bastante dif\u00edcil avanzar m\u00e1s all\u00e1, sino hay una definici\u00f3n y una claridad al respecto por parte del que debiera ser el mayor interesado, que es la comunidad representada en sus autoridades\u00bb.<\/p>\n<p>Asegur\u00f3 Oliver que a diferencia de San Felipe, en San Antonio s\u00ed existe un lugar para realizar el dise\u00f1o y ya fue entregado. \u00abEse es un poco el paralelo y hablamos de compromiso adquiridos en el mismo momento y para lo que tenemos los mismos profesionales. Ahora lo que m\u00e1s lamento es que hay una expertise y conocimiento por parte de los profesionales del IND, que han dise\u00f1ado estadios a nivel nacional, que est\u00e1 ah\u00ed para plasmar todo su conocimiento, pero es bastante dif\u00edcil hacerlo, cuando no tenemos un recinto, ni un pronunciamiento por parte de la autoridad local\u00bb, manifest\u00f3.<\/p>\n<p>Consultado sobre si el dise\u00f1o podr\u00eda estar concluido antes del 11 de marzo, cuando finalice el per\u00edodo presidencial de Sebasti\u00e1jn Pi\u00f1era, dijo que \u00abyo no s\u00e9 qu\u00e9 m\u00e1s puedo hacer; fui al Concejo Municipal m\u00e1s de una vez; he mandado oficios; me he juntado formal e informalmente con las autoridades comunales, pero no tengo un pronunciamiento de parte de la Municipalidad, por lo tanto, de aqu\u00ed a marzo es imposible tener un dise\u00f1o, quiz\u00e1s avances se podr\u00e1n tener, pero yo no puedo seguir comprometi\u00e9ndome y haciendo que los profesionales del IND avancen sobre una cuesti\u00f3n que no est\u00e1 definida por parte de la autoridad local\u00bb.<\/p>\n<p>&nbsp;<\/p>\n","protected":false},"excerpt":{"rendered":"<p>El Director Regional del IND, Carlos Oliver, confirm\u00f3 ayer en visita a Catemu, que el dise\u00f1o de nuevo estadio para San Felipe no se ha realizado, por cuanto la municipalidad no formaliz\u00f3&#8230;<\/p>\n","protected":false},"author":482,"featured_media":42651,"comment_status":"open","ping_status":"closed","sticky":false,"template":"","format":"standard","meta":{"advanced_seo_description":"","jetpack_seo_html_title":"","jetpack_seo_noindex":false,"_jetpack_memberships_contains_paid_content":false,"footnotes":""},"categories":[1],"tags":[],"class_list":["post-42650","post","type-post","status-publish","format-standard","has-post-thumbnail","hentry","category-cronica"],"jetpack_featured_media_url":"https:\/\/i0.wp.com\/eltrabajo.cl\/portal\/wp-content\/uploads\/2014\/01\/Carlos-Oliver.jpg?fit=529%2C513&ssl=1","jetpack_sharing_enabled":true,"jetpack_likes_enabled":true,"jetpack-related-posts":[],"_links":{"self":[{"href":"https:\/\/eltrabajo.cl\/portal\/wp-json\/wp\/v2\/posts\/42650","targetHints":{"allow":["GET"]}}],"collection":[{"href":"https:\/\/eltrabajo.cl\/portal\/wp-json\/wp\/v2\/posts"}],"about":[{"href":"https:\/\/eltrabajo.cl\/portal\/wp-json\/wp\/v2\/types\/post"}],"author":[{"embeddable":true,"href":"https:\/\/eltrabajo.cl\/portal\/wp-json\/wp\/v2\/users\/482"}],"replies":[{"embeddable":true,"href":"https:\/\/eltrabajo.cl\/portal\/wp-json\/wp\/v2\/comments?post=42650"}],"version-history":[{"count":0,"href":"https:\/\/eltrabajo.cl\/portal\/wp-json\/wp\/v2\/posts\/42650\/revisions"}],"wp:featuredmedia":[{"embeddable":true,"href":"https:\/\/eltrabajo.cl\/portal\/wp-json\/wp\/v2\/media\/42651"}],"wp:attachment":[{"href":"https:\/\/eltrabajo.cl\/portal\/wp-json\/wp\/v2\/media?parent=42650"}],"wp:term":[{"taxonomy":"category","embeddable":true,"href":"https:\/\/eltrabajo.cl\/portal\/wp-json\/wp\/v2\/categories?post=42650"},{"taxonomy":"post_tag","embeddable":true,"href":"https:\/\/eltrabajo.cl\/portal\/wp-json\/wp\/v2\/tags?post=42650"}],"curies":[{"name":"wp","href":"https:\/\/api.w.org\/{rel}","templated":true}]}}