{"id":42659,"date":"2014-02-03T09:26:54","date_gmt":"2014-02-03T12:26:54","guid":{"rendered":"http:\/\/www.eltrabajo.cl\/portal\/?p=42659"},"modified":"2014-02-03T09:26:54","modified_gmt":"2014-02-03T12:26:54","slug":"vecina-espera-que-miguel-moreno-le-repare-su-casa-danada","status":"publish","type":"post","link":"https:\/\/eltrabajo.cl\/portal\/vecina-espera-que-miguel-moreno-le-repare-su-casa-danada\/","title":{"rendered":"Vecina espera que Miguel Moreno le repare su casa da\u00f1ada"},"content":{"rendered":"<figure id=\"attachment_42660\" aria-describedby=\"caption-attachment-42660\" style=\"width: 190px\" class=\"wp-caption alignleft\"><a href=\"https:\/\/i0.wp.com\/www.eltrabajo.cl\/portal\/wp-content\/uploads\/2014\/02\/HogladalysFernandez.jpg\"><img data-recalc-dims=\"1\" loading=\"lazy\" decoding=\"async\" class=\" wp-image-42660  \" title=\"Hogladalys Fern\u00e1ndez Calder\u00f3n, propietaria de la vivienda ubicada en Calle Chacabuco esquina de O\u00b4Higgins.\" alt=\"Hogladalys Fern\u00e1ndez Calder\u00f3n, propietaria de la vivienda ubicada en Calle Chacabuco esquina de O\u00b4Higgins.\" src=\"https:\/\/i0.wp.com\/www.eltrabajo.cl\/portal\/wp-content\/uploads\/2014\/02\/HogladalysFernandez.jpg?resize=190%2C238\" width=\"190\" height=\"238\" srcset=\"https:\/\/i0.wp.com\/eltrabajo.cl\/portal\/wp-content\/uploads\/2014\/02\/HogladalysFernandez.jpg?w=529&amp;ssl=1 529w, https:\/\/i0.wp.com\/eltrabajo.cl\/portal\/wp-content\/uploads\/2014\/02\/HogladalysFernandez.jpg?resize=120%2C150&amp;ssl=1 120w, https:\/\/i0.wp.com\/eltrabajo.cl\/portal\/wp-content\/uploads\/2014\/02\/HogladalysFernandez.jpg?resize=240%2C300&amp;ssl=1 240w, https:\/\/i0.wp.com\/eltrabajo.cl\/portal\/wp-content\/uploads\/2014\/02\/HogladalysFernandez.jpg?resize=400%2C499&amp;ssl=1 400w\" sizes=\"auto, (max-width: 190px) 100vw, 190px\" \/><\/a><figcaption id=\"caption-attachment-42660\" class=\"wp-caption-text\">Hogladalys Fern\u00e1ndez Calder\u00f3n, propietaria de la vivienda ubicada en Calle Chacabuco esquina de O\u00b4Higgins.<\/figcaption><\/figure>\n<p><strong>PUTAENDO<\/strong>.- La se\u00f1ora Hogladalys Fern\u00e1ndez Calder\u00f3n, propietaria de la vivienda ubicada en Calle Chacabuco esquina de O\u00b4Higgins, dijo que espera que el pr\u00f3ximo Subsecretario de Bienes Nacionales y ex-candidato a diputado, Miguel Moreno, le deje su muralla tal como la ten\u00eda luego que rayados pol\u00edticos de su candidatura aparecieran en el muro que da hacia Calle Chacabuco. Esta vecina ya hab\u00eda hecho p\u00fablico su reclamo tiempo atr\u00e1s, y pidi\u00f3 encarecidamente, incluso un par de d\u00edas antes que finalizara el plazo legal de propaganda pol\u00edtica, que el aquel entonces candidato Miguel Moreno dejara su muralla tal como estaba, luego que apareciera un rayado con la leyenda \u2018Moreno Diputado\u2019.<\/p>\n<p>La mujer asegura que s\u00f3lo cubrieron el rayado con pintura blanca y hasta la fecha se ha mantenido igual, ella indic\u00f3 que su muro color rojo colonial, hab\u00eda sido pintado s\u00f3lo una semana antes con mucho esfuerzo y mucho trabajo, por lo que al no recibir respuesta del Sr. Moreno, decidi\u00f3 hacer la denuncia correspondiente ante el Juzgado de Polic\u00eda Local y tambi\u00e9n ante el Consejo de Monumentos Nacionales de la Quinta Regi\u00f3n, pues la vivienda da\u00f1ada se encuentra dentro de la zona t\u00edpica de Putaendo.<\/p>\n<p>Fue as\u00ed como la se\u00f1ora Hogladalys Fern\u00e1ndez decidi\u00f3 nuevamente hacer p\u00fablico su malestar, luego de enterarse que la Presidente electa Michelle Bachelet nombr\u00f3 como Subsecretario de Bienes Nacionales a Miguel Moreno y pidi\u00f3 que ojala antes de asumir su importante cargo cumpla su palabra y no tan s\u00f3lo le deje su muralla tal como estaba, sino que incluso la se\u00f1ora Hogladalys espera que el ex-candidato y pr\u00f3ximo Subsecretario venga y le d\u00e9 una disculpa, pues lament\u00f3 que otros vecinos de la comuna que tambi\u00e9n sufrieron rayados por parte de sus adherentes, no hayan reclamado, agregando que es deber de todos los putaendinos cuidar y proteger la zona t\u00edpica, dejando en claro que de modo alguno se trata de un tema pol\u00edtico, pues no le interesa para nada la pol\u00edtica, sea del sector que sea, pero que no se cansar\u00e1 de reclamar hasta que le dejen su muralla tal como la ten\u00eda y los pol\u00edticos terminen de rayar las murallas de la comuna, por lo que reiter\u00f3 que espera que el pr\u00f3ximo Subsecretario de Bienes Nacionales le deje su muralla limpia con el color que ten\u00eda, para que estos hechos nunca m\u00e1s ocurran en la comuna de Putaendo.<\/p>\n<p>Patricio Gallardo M.<\/p>\n","protected":false},"excerpt":{"rendered":"<p>PUTAENDO.- La se\u00f1ora Hogladalys Fern\u00e1ndez Calder\u00f3n, propietaria de la vivienda ubicada en Calle Chacabuco esquina de O\u00b4Higgins, dijo que espera que el pr\u00f3ximo Subsecretario de Bienes Nacionales y ex-candidato a diputado, Miguel&#8230;<\/p>\n","protected":false},"author":482,"featured_media":42660,"comment_status":"open","ping_status":"closed","sticky":false,"template":"","format":"standard","meta":{"advanced_seo_description":"","jetpack_seo_html_title":"","jetpack_seo_noindex":false,"_jetpack_memberships_contains_paid_content":false,"footnotes":""},"categories":[15],"tags":[],"class_list":["post-42659","post","type-post","status-publish","format-standard","has-post-thumbnail","hentry","category-comunidad"],"jetpack_featured_media_url":"https:\/\/i0.wp.com\/eltrabajo.cl\/portal\/wp-content\/uploads\/2014\/02\/HogladalysFernandez.jpg?fit=529%2C661&ssl=1","jetpack_sharing_enabled":true,"jetpack_likes_enabled":true,"jetpack-related-posts":[],"_links":{"self":[{"href":"https:\/\/eltrabajo.cl\/portal\/wp-json\/wp\/v2\/posts\/42659","targetHints":{"allow":["GET"]}}],"collection":[{"href":"https:\/\/eltrabajo.cl\/portal\/wp-json\/wp\/v2\/posts"}],"about":[{"href":"https:\/\/eltrabajo.cl\/portal\/wp-json\/wp\/v2\/types\/post"}],"author":[{"embeddable":true,"href":"https:\/\/eltrabajo.cl\/portal\/wp-json\/wp\/v2\/users\/482"}],"replies":[{"embeddable":true,"href":"https:\/\/eltrabajo.cl\/portal\/wp-json\/wp\/v2\/comments?post=42659"}],"version-history":[{"count":0,"href":"https:\/\/eltrabajo.cl\/portal\/wp-json\/wp\/v2\/posts\/42659\/revisions"}],"wp:featuredmedia":[{"embeddable":true,"href":"https:\/\/eltrabajo.cl\/portal\/wp-json\/wp\/v2\/media\/42660"}],"wp:attachment":[{"href":"https:\/\/eltrabajo.cl\/portal\/wp-json\/wp\/v2\/media?parent=42659"}],"wp:term":[{"taxonomy":"category","embeddable":true,"href":"https:\/\/eltrabajo.cl\/portal\/wp-json\/wp\/v2\/categories?post=42659"},{"taxonomy":"post_tag","embeddable":true,"href":"https:\/\/eltrabajo.cl\/portal\/wp-json\/wp\/v2\/tags?post=42659"}],"curies":[{"name":"wp","href":"https:\/\/api.w.org\/{rel}","templated":true}]}}