{"id":42664,"date":"2014-02-03T09:28:09","date_gmt":"2014-02-03T12:28:09","guid":{"rendered":"http:\/\/www.eltrabajo.cl\/portal\/?p=42664"},"modified":"2014-02-03T09:28:09","modified_gmt":"2014-02-03T12:28:09","slug":"cientos-se-reunieron-para-dar-un-hasta-siempre-a-la-pequena-fernanda","status":"publish","type":"post","link":"https:\/\/eltrabajo.cl\/portal\/cientos-se-reunieron-para-dar-un-hasta-siempre-a-la-pequena-fernanda\/","title":{"rendered":"Cientos se reunieron para dar un \u2018hasta siempre\u2019 a la peque\u00f1a Fernanda"},"content":{"rendered":"<figure id=\"attachment_42665\" aria-describedby=\"caption-attachment-42665\" style=\"width: 529px\" class=\"wp-caption alignnone\"><a href=\"https:\/\/i0.wp.com\/www.eltrabajo.cl\/portal\/wp-content\/uploads\/2014\/02\/Fernandita2.jpg\"><img data-recalc-dims=\"1\" loading=\"lazy\" decoding=\"async\" class=\"size-full wp-image-42665\" title=\"ADI\u00d3S FERNANDITA.- Fueron cientos las personas las que se congregaron en el velorio y tambi\u00e9n en el funeral de la peque\u00f1a Fernanda Henr\u00edquez Espinoza.\" alt=\"ADI\u00d3S FERNANDITA.- Fueron cientos las personas las que se congregaron en el velorio y tambi\u00e9n en el funeral de la peque\u00f1a Fernanda Henr\u00edquez Espinoza.\" src=\"https:\/\/i0.wp.com\/www.eltrabajo.cl\/portal\/wp-content\/uploads\/2014\/02\/Fernandita2.jpg?resize=529%2C353\" width=\"529\" height=\"353\" srcset=\"https:\/\/i0.wp.com\/eltrabajo.cl\/portal\/wp-content\/uploads\/2014\/02\/Fernandita2.jpg?w=529&amp;ssl=1 529w, https:\/\/i0.wp.com\/eltrabajo.cl\/portal\/wp-content\/uploads\/2014\/02\/Fernandita2.jpg?resize=200%2C133&amp;ssl=1 200w, https:\/\/i0.wp.com\/eltrabajo.cl\/portal\/wp-content\/uploads\/2014\/02\/Fernandita2.jpg?resize=300%2C200&amp;ssl=1 300w, https:\/\/i0.wp.com\/eltrabajo.cl\/portal\/wp-content\/uploads\/2014\/02\/Fernandita2.jpg?resize=150%2C100&amp;ssl=1 150w, https:\/\/i0.wp.com\/eltrabajo.cl\/portal\/wp-content\/uploads\/2014\/02\/Fernandita2.jpg?resize=400%2C266&amp;ssl=1 400w\" sizes=\"auto, (max-width: 529px) 100vw, 529px\" \/><\/a><figcaption id=\"caption-attachment-42665\" class=\"wp-caption-text\">ADI\u00d3S FERNANDITA.- Fueron cientos las personas las que se congregaron en el velorio y tambi\u00e9n en el funeral de la peque\u00f1a Fernanda Henr\u00edquez Espinoza.<\/figcaption><\/figure>\n<p><strong>PUTAEN<\/strong>DO.- Fueron cientos las personas las que se congregaron en el velorio y tambi\u00e9n en el funeral de la peque\u00f1a Fernanda Henr\u00edquez Espinoza, para brindarle un \u2018hasta siempre\u2019. Durante su velorio, que se efectu\u00f3 en la Ramada de los S\u00e1nchez, vecinos de distintos sectores de Putaendo y de otras comunas de Aconcagua, llegaron a solidarizar con la familia y miles de flores adornaban la urna de la peque\u00f1a Fernanda.<\/p>\n<p>Las tonadas y la alegr\u00eda de tantas jornadas que se viven en la Ramada de la Familia S\u00e1nchez fueron cambiadas por un momento de tristeza, amargura pero a su vez de mucha tranquilidad y en esta ocasi\u00f3n las guitarras sonaron para cantarle a Fernandita, quien en todo momento estuvo acompa\u00f1ada por su familia y por los amigos de siempre.<\/p>\n<p>A las 17:00 horas del viernes pasado, el Cura Ricardo G\u00f3mez ofici\u00f3 una Misa en la ramada de la Familia S\u00e1nchez y destac\u00f3 el ejemplo de lucha, fe y perseverancia que dej\u00f3 Fernanda y a su vez de toda la familia. Posteriormente familiares despidieron con emotivas palabras a su querida regalona.<\/p>\n<p>El f\u00e9retro fue sacado entre las cientos de personas que repletaron el recinto, quienes adem\u00e1s lanzaban globos y p\u00e9talos al aire en un ambiente cargado de emotividad para despedir a Fernanda que inici\u00f3 su \u00faltimo viaje hasta la ciudad de Santiago donde sus restos fueron cremados, cumpliendo as\u00ed su \u00faltima voluntad para estar siempre en su casa junto a su familia y junto a todos quienes le extra\u00f1aremos y recordaremos por siempre.<\/p>\n<p>&nbsp;<\/p>\n","protected":false},"excerpt":{"rendered":"<p>PUTAENDO.- Fueron cientos las personas las que se congregaron en el velorio y tambi\u00e9n en el funeral de la peque\u00f1a Fernanda Henr\u00edquez Espinoza, para brindarle un \u2018hasta siempre\u2019. Durante su velorio, que&#8230;<\/p>\n","protected":false},"author":482,"featured_media":42665,"comment_status":"open","ping_status":"closed","sticky":false,"template":"","format":"standard","meta":{"advanced_seo_description":"","jetpack_seo_html_title":"","jetpack_seo_noindex":false,"_jetpack_memberships_contains_paid_content":false,"footnotes":""},"categories":[15],"tags":[],"class_list":["post-42664","post","type-post","status-publish","format-standard","has-post-thumbnail","hentry","category-comunidad"],"jetpack_featured_media_url":"https:\/\/i0.wp.com\/eltrabajo.cl\/portal\/wp-content\/uploads\/2014\/02\/Fernandita2.jpg?fit=529%2C353&ssl=1","jetpack_sharing_enabled":true,"jetpack_likes_enabled":true,"jetpack-related-posts":[],"_links":{"self":[{"href":"https:\/\/eltrabajo.cl\/portal\/wp-json\/wp\/v2\/posts\/42664","targetHints":{"allow":["GET"]}}],"collection":[{"href":"https:\/\/eltrabajo.cl\/portal\/wp-json\/wp\/v2\/posts"}],"about":[{"href":"https:\/\/eltrabajo.cl\/portal\/wp-json\/wp\/v2\/types\/post"}],"author":[{"embeddable":true,"href":"https:\/\/eltrabajo.cl\/portal\/wp-json\/wp\/v2\/users\/482"}],"replies":[{"embeddable":true,"href":"https:\/\/eltrabajo.cl\/portal\/wp-json\/wp\/v2\/comments?post=42664"}],"version-history":[{"count":0,"href":"https:\/\/eltrabajo.cl\/portal\/wp-json\/wp\/v2\/posts\/42664\/revisions"}],"wp:featuredmedia":[{"embeddable":true,"href":"https:\/\/eltrabajo.cl\/portal\/wp-json\/wp\/v2\/media\/42665"}],"wp:attachment":[{"href":"https:\/\/eltrabajo.cl\/portal\/wp-json\/wp\/v2\/media?parent=42664"}],"wp:term":[{"taxonomy":"category","embeddable":true,"href":"https:\/\/eltrabajo.cl\/portal\/wp-json\/wp\/v2\/categories?post=42664"},{"taxonomy":"post_tag","embeddable":true,"href":"https:\/\/eltrabajo.cl\/portal\/wp-json\/wp\/v2\/tags?post=42664"}],"curies":[{"name":"wp","href":"https:\/\/api.w.org\/{rel}","templated":true}]}}