{"id":42667,"date":"2014-02-03T09:30:28","date_gmt":"2014-02-03T12:30:28","guid":{"rendered":"http:\/\/www.eltrabajo.cl\/portal\/?p=42667"},"modified":"2014-02-03T09:30:28","modified_gmt":"2014-02-03T12:30:28","slug":"las-morenas-de-aconcagua-nos-representaron-en-fiesta-de-la-virgen-de-la-candelaria","status":"publish","type":"post","link":"https:\/\/eltrabajo.cl\/portal\/las-morenas-de-aconcagua-nos-representaron-en-fiesta-de-la-virgen-de-la-candelaria\/","title":{"rendered":"\u2018Las Morenas de Aconcagua\u2019 nos representaron en Fiesta de la Virgen de La Candelaria"},"content":{"rendered":"<figure id=\"attachment_42668\" aria-describedby=\"caption-attachment-42668\" style=\"width: 528px\" class=\"wp-caption alignnone\"><a href=\"https:\/\/i0.wp.com\/www.eltrabajo.cl\/portal\/wp-content\/uploads\/2014\/02\/Las-Morenas-4.jpg\"><img data-recalc-dims=\"1\" loading=\"lazy\" decoding=\"async\" class=\"size-full wp-image-42668\" title=\"Antes de salir con destino a la Regi\u00f3n de Atacama, la banda pos\u00f3 para las c\u00e1maras de Diario El Trabajo.\" alt=\"Antes de salir con destino a la Regi\u00f3n de Atacama, la banda pos\u00f3 para las c\u00e1maras de Diario El Trabajo.\" src=\"https:\/\/i0.wp.com\/www.eltrabajo.cl\/portal\/wp-content\/uploads\/2014\/02\/Las-Morenas-4.jpg?resize=528%2C319\" width=\"528\" height=\"319\" srcset=\"https:\/\/i0.wp.com\/eltrabajo.cl\/portal\/wp-content\/uploads\/2014\/02\/Las-Morenas-4.jpg?w=528&amp;ssl=1 528w, https:\/\/i0.wp.com\/eltrabajo.cl\/portal\/wp-content\/uploads\/2014\/02\/Las-Morenas-4.jpg?resize=200%2C120&amp;ssl=1 200w, https:\/\/i0.wp.com\/eltrabajo.cl\/portal\/wp-content\/uploads\/2014\/02\/Las-Morenas-4.jpg?resize=300%2C181&amp;ssl=1 300w, https:\/\/i0.wp.com\/eltrabajo.cl\/portal\/wp-content\/uploads\/2014\/02\/Las-Morenas-4.jpg?resize=150%2C90&amp;ssl=1 150w, https:\/\/i0.wp.com\/eltrabajo.cl\/portal\/wp-content\/uploads\/2014\/02\/Las-Morenas-4.jpg?resize=400%2C241&amp;ssl=1 400w\" sizes=\"auto, (max-width: 528px) 100vw, 528px\" \/><\/a><figcaption id=\"caption-attachment-42668\" class=\"wp-caption-text\">Antes de salir con destino a la Regi\u00f3n de Atacama, la banda pos\u00f3 para las c\u00e1maras de Diario El Trabajo.<\/figcaption><\/figure>\n<p>Hasta la Tercera Regi\u00f3n del pa\u00eds, Copiap\u00f3, viajaron m\u00e1s de 60 de los 120 integrantes del grupo de baile chino Las Morenas de Aconcagua\u2019, luego que recibieran la venia de la Asociaci\u00f3n de Bailes Religiosos de la Quinta Regi\u00f3n \u2018Los Reyes Magos\u2019, para representar a la Regi\u00f3n de Valpara\u00edso a la celebraci\u00f3n de la Fiesta de la Virgen de la Candelaria.<\/p>\n<figure id=\"attachment_42669\" aria-describedby=\"caption-attachment-42669\" style=\"width: 423px\" class=\"wp-caption alignright\"><a href=\"https:\/\/i0.wp.com\/www.eltrabajo.cl\/portal\/wp-content\/uploads\/2014\/02\/Las-Morenas-5.jpg\"><img data-recalc-dims=\"1\" loading=\"lazy\" decoding=\"async\" class=\" wp-image-42669 \" title=\"Gracias a la ayuda de la Municipalidad de San Felipe, cuyo Concejo Municipal les aprob\u00f3 los recursos para pagar los servicios de transporte a la ciudad de Copiap\u00f3.\" alt=\"Gracias a la ayuda de la Municipalidad de San Felipe, cuyo Concejo Municipal les aprob\u00f3 los recursos para pagar los servicios de transporte a la ciudad de Copiap\u00f3.\" src=\"https:\/\/i0.wp.com\/www.eltrabajo.cl\/portal\/wp-content\/uploads\/2014\/02\/Las-Morenas-5.jpg?resize=423%2C252\" width=\"423\" height=\"252\" srcset=\"https:\/\/i0.wp.com\/eltrabajo.cl\/portal\/wp-content\/uploads\/2014\/02\/Las-Morenas-5.jpg?w=529&amp;ssl=1 529w, https:\/\/i0.wp.com\/eltrabajo.cl\/portal\/wp-content\/uploads\/2014\/02\/Las-Morenas-5.jpg?resize=200%2C119&amp;ssl=1 200w, https:\/\/i0.wp.com\/eltrabajo.cl\/portal\/wp-content\/uploads\/2014\/02\/Las-Morenas-5.jpg?resize=300%2C178&amp;ssl=1 300w, https:\/\/i0.wp.com\/eltrabajo.cl\/portal\/wp-content\/uploads\/2014\/02\/Las-Morenas-5.jpg?resize=150%2C89&amp;ssl=1 150w, https:\/\/i0.wp.com\/eltrabajo.cl\/portal\/wp-content\/uploads\/2014\/02\/Las-Morenas-5.jpg?resize=400%2C238&amp;ssl=1 400w\" sizes=\"auto, (max-width: 423px) 100vw, 423px\" \/><\/a><figcaption id=\"caption-attachment-42669\" class=\"wp-caption-text\">Gracias a la ayuda de la Municipalidad de San Felipe, cuyo Concejo Municipal les aprob\u00f3 los recursos para pagar los servicios de transporte a la ciudad de Copiap\u00f3.<\/figcaption><\/figure>\n<p>Gracias a la ayuda de la Municipalidad de San Felipe, cuyo Concejo Municipal les aprob\u00f3 los recursos para pagar los servicios de transporte a la ciudad de Copiap\u00f3, pudo viajar la mitad del grupo, ocasi\u00f3n en la que fueron aplaudidos por gran cantidad de personas y fieles cat\u00f3licos que llegaron a la fiesta religiosa, compartiendo con agrupaciones de gran prestigio a nivel nacional.<\/p>\n<p>El Presidente y Fundador de \u2018Las Morenas de Aconcagua\u2019, Eduardo Brito Rozas, se\u00f1al\u00f3 que fueron invitados a participar de esta actividad, por la Federaci\u00f3n de Bailes Religiosos de la Regi\u00f3n de Atacama, por lo que luego de obtener la autorizaci\u00f3n de la asociaci\u00f3n \u2018Los Reyes Mahos\u2019, acudieron al municipio para pedir los recursos para financiar el bus que los transportar\u00eda, resolviendo el Concejo entregarles los fondos que estaban solicitando.<\/p>\n<p>\u00abEl bus nos sali\u00f3 un &amp;1.200.000 pesos para viajar y ac\u00e1 nos acogieron en una escuela, nos acogieron muy bien, por lo que estamos muy felices, ya que representamos a la asociaci\u00f3n y a nuestra querida ciudad de San Felipe\u00bb, se\u00f1al\u00f3 Brito.<\/p>\n<p>Explic\u00f3 que \u00abesta es una experiencia muy linda, porque a esta fiesta, que es la segunda m\u00e1s importante despu\u00e9s de La Tirana, asisten m\u00e1s de 200 bailes, pero vamos a ser pioneros, porque es la primera vez que viene un baile religioso de San Felipe a esta fiesta. Nos recibieron muy bien, los ni\u00f1os han visto cosas que jam\u00e1s pensaron verlas, hemos bailado de igual a igual con bandas de sesenta m\u00fasicos que vienen del norte de Chile\u00bb.<\/p>\n<p>Si bien Eduardo Brito reconoce que los bailes nortinos que se presentaron tienen una enorme ventaja, desde el punto de vista de la trayectoria, respecto de \u2018Las Morenas de Aconcagua\u2019, ellos han demostrado que tienen las ganas y la experiencia, as\u00ed como el profesionalismo para realizar esta labor de car\u00e1cter art\u00edstico, cultural y religioso, sin fines de lucro.<\/p>\n<p>\u00abHemos dejado todo en Copiap\u00f3, bailando y tocando, la banda ha sido sensaci\u00f3n. La banda que tenemos es formada en casa, nosotros no cobramos\u00bb, se\u00f1al\u00f3 Eduardo Brito, quien coment\u00f3 que ha sido el encargado de ense\u00f1ar cada uno de los instrumentos a los integrantes de la banda.<\/p>\n<p>\u2018Las Morenas de Aconcagua\u2019 est\u00e1 integrada por ni\u00f1os, j\u00f3venes, adultos y adultos mayores, quienes han puesto toda su energ\u00eda para realizar una labor que lamentablemente, no ha recibido todo el apoyo que quisieran, explicando Brito que en el marco de la gesti\u00f3n de Patricio Freire han recibido un gran respaldo, que se traduce por ejemplo, en el financiamiento del bus para viajar a Copiap\u00f3. La agrupaci\u00f3n fue fundada el 24 de septiembre de 2009, con gran esfuerzo de Eduardo Brito Rozas, quien agradeci\u00f3 enormemente a los apoderados e integrantes de esta entidad. La delegaci\u00f3n que asisti\u00f3 a Copiap\u00f3 estaba compuesta por la banda de 20 m\u00fasicos, 20 danzantes mujeres, 15 figurinas, dos osos, un c\u00f3ndor y otros dos danzantes varones.<\/p>\n<p>&nbsp;<\/p>\n","protected":false},"excerpt":{"rendered":"<p>Hasta la Tercera Regi\u00f3n del pa\u00eds, Copiap\u00f3, viajaron m\u00e1s de 60 de los 120 integrantes del grupo de baile chino Las Morenas de Aconcagua\u2019, luego que recibieran la venia de la Asociaci\u00f3n&#8230;<\/p>\n","protected":false},"author":482,"featured_media":42668,"comment_status":"open","ping_status":"closed","sticky":false,"template":"","format":"standard","meta":{"advanced_seo_description":"","jetpack_seo_html_title":"","jetpack_seo_noindex":false,"_jetpack_memberships_contains_paid_content":false,"footnotes":""},"categories":[15],"tags":[],"class_list":["post-42667","post","type-post","status-publish","format-standard","has-post-thumbnail","hentry","category-comunidad"],"jetpack_featured_media_url":"https:\/\/i0.wp.com\/eltrabajo.cl\/portal\/wp-content\/uploads\/2014\/02\/Las-Morenas-4.jpg?fit=528%2C319&ssl=1","jetpack_sharing_enabled":true,"jetpack_likes_enabled":true,"jetpack-related-posts":[],"_links":{"self":[{"href":"https:\/\/eltrabajo.cl\/portal\/wp-json\/wp\/v2\/posts\/42667","targetHints":{"allow":["GET"]}}],"collection":[{"href":"https:\/\/eltrabajo.cl\/portal\/wp-json\/wp\/v2\/posts"}],"about":[{"href":"https:\/\/eltrabajo.cl\/portal\/wp-json\/wp\/v2\/types\/post"}],"author":[{"embeddable":true,"href":"https:\/\/eltrabajo.cl\/portal\/wp-json\/wp\/v2\/users\/482"}],"replies":[{"embeddable":true,"href":"https:\/\/eltrabajo.cl\/portal\/wp-json\/wp\/v2\/comments?post=42667"}],"version-history":[{"count":0,"href":"https:\/\/eltrabajo.cl\/portal\/wp-json\/wp\/v2\/posts\/42667\/revisions"}],"wp:featuredmedia":[{"embeddable":true,"href":"https:\/\/eltrabajo.cl\/portal\/wp-json\/wp\/v2\/media\/42668"}],"wp:attachment":[{"href":"https:\/\/eltrabajo.cl\/portal\/wp-json\/wp\/v2\/media?parent=42667"}],"wp:term":[{"taxonomy":"category","embeddable":true,"href":"https:\/\/eltrabajo.cl\/portal\/wp-json\/wp\/v2\/categories?post=42667"},{"taxonomy":"post_tag","embeddable":true,"href":"https:\/\/eltrabajo.cl\/portal\/wp-json\/wp\/v2\/tags?post=42667"}],"curies":[{"name":"wp","href":"https:\/\/api.w.org\/{rel}","templated":true}]}}