{"id":42671,"date":"2014-02-03T09:32:04","date_gmt":"2014-02-03T12:32:04","guid":{"rendered":"http:\/\/www.eltrabajo.cl\/portal\/?p=42671"},"modified":"2014-02-03T09:32:04","modified_gmt":"2014-02-03T12:32:04","slug":"concejal-basilio-muena-ante-caso-del-estadio-fiscal-con-los-suenos-y-anhelos-de-la-gente-no-se-juega","status":"publish","type":"post","link":"https:\/\/eltrabajo.cl\/portal\/concejal-basilio-muena-ante-caso-del-estadio-fiscal-con-los-suenos-y-anhelos-de-la-gente-no-se-juega\/","title":{"rendered":"Concejal Basilio Muena ante caso del Estadio Fiscal: \u00abCon los sue\u00f1os y anhelos de la gente no se juega\u00bb"},"content":{"rendered":"<figure id=\"attachment_42672\" aria-describedby=\"caption-attachment-42672\" style=\"width: 317px\" class=\"wp-caption alignleft\"><a href=\"https:\/\/i0.wp.com\/www.eltrabajo.cl\/portal\/wp-content\/uploads\/2014\/02\/Basilio-Muena.jpg\"><img data-recalc-dims=\"1\" loading=\"lazy\" decoding=\"async\" class=\" wp-image-42672 \" title=\"Concejal Basilio Muena.\" alt=\"Concejal Basilio Muena.\" src=\"https:\/\/i0.wp.com\/www.eltrabajo.cl\/portal\/wp-content\/uploads\/2014\/02\/Basilio-Muena.jpg?resize=317%2C325\" width=\"317\" height=\"325\" srcset=\"https:\/\/i0.wp.com\/eltrabajo.cl\/portal\/wp-content\/uploads\/2014\/02\/Basilio-Muena.jpg?w=529&amp;ssl=1 529w, https:\/\/i0.wp.com\/eltrabajo.cl\/portal\/wp-content\/uploads\/2014\/02\/Basilio-Muena.jpg?resize=146%2C150&amp;ssl=1 146w, https:\/\/i0.wp.com\/eltrabajo.cl\/portal\/wp-content\/uploads\/2014\/02\/Basilio-Muena.jpg?resize=293%2C300&amp;ssl=1 293w, https:\/\/i0.wp.com\/eltrabajo.cl\/portal\/wp-content\/uploads\/2014\/02\/Basilio-Muena.jpg?resize=400%2C409&amp;ssl=1 400w\" sizes=\"auto, (max-width: 317px) 100vw, 317px\" \/><\/a><figcaption id=\"caption-attachment-42672\" class=\"wp-caption-text\">Concejal Basilio Muena.<\/figcaption><\/figure>\n<p>El Concejal Basilio Muena, lament\u00f3 las declaraciones del Director Regional del IND, Carlos Oliver, en las cuales la autoridad regional indicara que no habr\u00eda dise\u00f1o aun del nuevo estadio para San Felipe producto que el municipio no oficializo la opci\u00f3n del emplazamiento en los terrenos del abandonando estadio fiscal.<\/p>\n<p>Muena precis\u00f3 que en la sesi\u00f3n de Concejo Municipal en la que se opta por la opci\u00f3n del Estadio Fiscal para realizar el dise\u00f1o. Carlos Oliver estuvo presente realizando presi\u00f3n para una pronta definici\u00f3n lo que se consigui\u00f3 en buena hora en la sesi\u00f3n. Ahora bien, por la informaci\u00f3n proporcionada por la administraci\u00f3n es que luego del Concejo se enviaron a la Direcci\u00f3n Regional oficio conductor y certificado de acuerdo oficializando as\u00ed la respuesta del municipio. Con eso se caer\u00eda el argumento del se\u00f1or Oliver. No obstante lo anterior en los pr\u00f3ximos d\u00edas solicitare al municipio carta gantt sobre esta materia, los plazos y los acuerdos existentes entre el Municipio y el IND. Adem\u00e1s del estado sobre el estudio topogr\u00e1fico responsabilidad del municipio.<\/p>\n<p>El concejal indic\u00f3 que declaraciones de un lado y de otro no contribuyen a la soluci\u00f3n del problema. Lo \u00fanico que se est\u00e1 logrando es generar una incertidumbre en la comunidad sanfelipe\u00f1a y con los sue\u00f1os y anhelos de la gente no se juega, hay que reunirse aclarar situaciones y avanzar en la materia.<\/p>\n<p>&nbsp;<\/p>\n","protected":false},"excerpt":{"rendered":"<p>El Concejal Basilio Muena, lament\u00f3 las declaraciones del Director Regional del IND, Carlos Oliver, en las cuales la autoridad regional indicara que no habr\u00eda dise\u00f1o aun del nuevo estadio para San Felipe&#8230;<\/p>\n","protected":false},"author":482,"featured_media":42672,"comment_status":"open","ping_status":"closed","sticky":false,"template":"","format":"standard","meta":{"advanced_seo_description":"","jetpack_seo_html_title":"","jetpack_seo_noindex":false,"_jetpack_memberships_contains_paid_content":false,"footnotes":""},"categories":[1],"tags":[],"class_list":["post-42671","post","type-post","status-publish","format-standard","has-post-thumbnail","hentry","category-cronica"],"jetpack_featured_media_url":"https:\/\/i0.wp.com\/eltrabajo.cl\/portal\/wp-content\/uploads\/2014\/02\/Basilio-Muena.jpg?fit=529%2C541&ssl=1","jetpack_sharing_enabled":true,"jetpack_likes_enabled":true,"jetpack-related-posts":[],"_links":{"self":[{"href":"https:\/\/eltrabajo.cl\/portal\/wp-json\/wp\/v2\/posts\/42671","targetHints":{"allow":["GET"]}}],"collection":[{"href":"https:\/\/eltrabajo.cl\/portal\/wp-json\/wp\/v2\/posts"}],"about":[{"href":"https:\/\/eltrabajo.cl\/portal\/wp-json\/wp\/v2\/types\/post"}],"author":[{"embeddable":true,"href":"https:\/\/eltrabajo.cl\/portal\/wp-json\/wp\/v2\/users\/482"}],"replies":[{"embeddable":true,"href":"https:\/\/eltrabajo.cl\/portal\/wp-json\/wp\/v2\/comments?post=42671"}],"version-history":[{"count":0,"href":"https:\/\/eltrabajo.cl\/portal\/wp-json\/wp\/v2\/posts\/42671\/revisions"}],"wp:featuredmedia":[{"embeddable":true,"href":"https:\/\/eltrabajo.cl\/portal\/wp-json\/wp\/v2\/media\/42672"}],"wp:attachment":[{"href":"https:\/\/eltrabajo.cl\/portal\/wp-json\/wp\/v2\/media?parent=42671"}],"wp:term":[{"taxonomy":"category","embeddable":true,"href":"https:\/\/eltrabajo.cl\/portal\/wp-json\/wp\/v2\/categories?post=42671"},{"taxonomy":"post_tag","embeddable":true,"href":"https:\/\/eltrabajo.cl\/portal\/wp-json\/wp\/v2\/tags?post=42671"}],"curies":[{"name":"wp","href":"https:\/\/api.w.org\/{rel}","templated":true}]}}