{"id":42675,"date":"2014-02-03T09:33:22","date_gmt":"2014-02-03T12:33:22","guid":{"rendered":"http:\/\/www.eltrabajo.cl\/portal\/?p=42675"},"modified":"2014-02-03T09:33:22","modified_gmt":"2014-02-03T12:33:22","slug":"municipio-abre-licitacion-por-proyecto-de-luminarias","status":"publish","type":"post","link":"https:\/\/eltrabajo.cl\/portal\/municipio-abre-licitacion-por-proyecto-de-luminarias\/","title":{"rendered":"Municipio abre licitaci\u00f3n por proyecto de luminarias"},"content":{"rendered":"<figure id=\"attachment_42676\" aria-describedby=\"caption-attachment-42676\" style=\"width: 528px\" class=\"wp-caption alignnone\"><a href=\"https:\/\/i0.wp.com\/www.eltrabajo.cl\/portal\/wp-content\/uploads\/2014\/02\/empresas.jpg\"><img data-recalc-dims=\"1\" loading=\"lazy\" decoding=\"async\" class=\"size-full wp-image-42676\" title=\"Diversas empresas se presentaron este jueves en la apertura del proceso de licitaci\u00f3n el proyecto de luminarias.   \" alt=\"Diversas empresas se presentaron este jueves en la apertura del proceso de licitaci\u00f3n el proyecto de luminarias.   \" src=\"https:\/\/i0.wp.com\/www.eltrabajo.cl\/portal\/wp-content\/uploads\/2014\/02\/empresas.jpg?resize=528%2C332\" width=\"528\" height=\"332\" srcset=\"https:\/\/i0.wp.com\/eltrabajo.cl\/portal\/wp-content\/uploads\/2014\/02\/empresas.jpg?w=528&amp;ssl=1 528w, https:\/\/i0.wp.com\/eltrabajo.cl\/portal\/wp-content\/uploads\/2014\/02\/empresas.jpg?resize=200%2C125&amp;ssl=1 200w, https:\/\/i0.wp.com\/eltrabajo.cl\/portal\/wp-content\/uploads\/2014\/02\/empresas.jpg?resize=300%2C188&amp;ssl=1 300w, https:\/\/i0.wp.com\/eltrabajo.cl\/portal\/wp-content\/uploads\/2014\/02\/empresas.jpg?resize=150%2C94&amp;ssl=1 150w, https:\/\/i0.wp.com\/eltrabajo.cl\/portal\/wp-content\/uploads\/2014\/02\/empresas.jpg?resize=400%2C251&amp;ssl=1 400w\" sizes=\"auto, (max-width: 528px) 100vw, 528px\" \/><\/a><figcaption id=\"caption-attachment-42676\" class=\"wp-caption-text\">Diversas empresas se presentaron este jueves en la apertura del proceso de licitaci\u00f3n el proyecto de luminarias.<\/figcaption><\/figure>\n<p>La semana reci\u00e9n pasada, la Municipalidad de San Felipe comenz\u00f3 con el proceso de licitaci\u00f3n del programa de recambio de luminarias en la comuna, una de las l\u00edneas estrat\u00e9gicas que ha impulsado el Alcalde Patricio Freire. En ese contexto, la Secretar\u00eda de Planificaci\u00f3n Comunal comenz\u00f3 el llamado a licitaci\u00f3n para ejecutar este proyecto que cuenta con financiamiento FNDR y cuya inversi\u00f3n supera los 700 millones de pesos.<\/p>\n<p>El proyecto contempla el cambio de luminarias en distintos sectores de la comuna de San Felipe y la instalaci\u00f3n de postes en \u00e1reas donde hasta la fecha no exist\u00edan.<\/p>\n<p>\u00abEstamos hablando de un proyecto que va a contemplar m\u00e1s de 1.500 luminarias LED, de 65, 95 y 125 de acuerdo al sector donde est\u00e9n localizados y adem\u00e1s va a contemplar nuevas postaciones en sectores donde la comunicad lo ha requerido por muchos a\u00f1os como Parras\u00eda, Barrancas y sectores de Curim\u00f3n. El llamado para las empresas es a postular, esta es una licitaci\u00f3n abierta hasta el 18 de febrero y estamos en proceso de visita a terreno y posteriormente de la entrega de propuestas de las distintas empresas que se quieran presentar\u00bb, se\u00f1al\u00f3 Claudio Paredes, Jefe de Secpla.<\/p>\n<p>La licitaci\u00f3n cierra el pr\u00f3ximo 18 de febrero y luego el municipio realizar\u00e1 el an\u00e1lisis t\u00e9cnico de cada una de las propuestas mientras que la adjudicaci\u00f3n se realice posiblemente en el mes de marzo, para iniciar obras lo m\u00e1s pronto posible.<\/p>\n<p>Estas luminarias estar\u00e1n destinadas principalmente al sector urbano de la comuna, ya que en este primer a\u00f1o, la gesti\u00f3n del Alcalde Freire se ha enfocado en el cambio de luminarias en los sectores rurales, que por muchos a\u00f1os estuvieron postergados. Este proyecto fue presentado \u00edntegramente en el este primer a\u00f1o del Alcalde Patricio Freire y contempla una de las l\u00edneas principales de su gesti\u00f3n, fue aprobado t\u00e9cnicamente por el Ministerio de Desarrollo Social y luego aprobado econ\u00f3micamente por el Gobierno Regional.<\/p>\n<p>&nbsp;<\/p>\n","protected":false},"excerpt":{"rendered":"<p>La semana reci\u00e9n pasada, la Municipalidad de San Felipe comenz\u00f3 con el proceso de licitaci\u00f3n del programa de recambio de luminarias en la comuna, una de las l\u00edneas estrat\u00e9gicas que ha impulsado&#8230;<\/p>\n","protected":false},"author":482,"featured_media":42676,"comment_status":"open","ping_status":"closed","sticky":false,"template":"","format":"standard","meta":{"advanced_seo_description":"","jetpack_seo_html_title":"","jetpack_seo_noindex":false,"_jetpack_memberships_contains_paid_content":false,"footnotes":""},"categories":[1],"tags":[],"class_list":["post-42675","post","type-post","status-publish","format-standard","has-post-thumbnail","hentry","category-cronica"],"jetpack_featured_media_url":"https:\/\/i0.wp.com\/eltrabajo.cl\/portal\/wp-content\/uploads\/2014\/02\/empresas.jpg?fit=528%2C332&ssl=1","jetpack_sharing_enabled":true,"jetpack_likes_enabled":true,"jetpack-related-posts":[],"_links":{"self":[{"href":"https:\/\/eltrabajo.cl\/portal\/wp-json\/wp\/v2\/posts\/42675","targetHints":{"allow":["GET"]}}],"collection":[{"href":"https:\/\/eltrabajo.cl\/portal\/wp-json\/wp\/v2\/posts"}],"about":[{"href":"https:\/\/eltrabajo.cl\/portal\/wp-json\/wp\/v2\/types\/post"}],"author":[{"embeddable":true,"href":"https:\/\/eltrabajo.cl\/portal\/wp-json\/wp\/v2\/users\/482"}],"replies":[{"embeddable":true,"href":"https:\/\/eltrabajo.cl\/portal\/wp-json\/wp\/v2\/comments?post=42675"}],"version-history":[{"count":0,"href":"https:\/\/eltrabajo.cl\/portal\/wp-json\/wp\/v2\/posts\/42675\/revisions"}],"wp:featuredmedia":[{"embeddable":true,"href":"https:\/\/eltrabajo.cl\/portal\/wp-json\/wp\/v2\/media\/42676"}],"wp:attachment":[{"href":"https:\/\/eltrabajo.cl\/portal\/wp-json\/wp\/v2\/media?parent=42675"}],"wp:term":[{"taxonomy":"category","embeddable":true,"href":"https:\/\/eltrabajo.cl\/portal\/wp-json\/wp\/v2\/categories?post=42675"},{"taxonomy":"post_tag","embeddable":true,"href":"https:\/\/eltrabajo.cl\/portal\/wp-json\/wp\/v2\/tags?post=42675"}],"curies":[{"name":"wp","href":"https:\/\/api.w.org\/{rel}","templated":true}]}}