{"id":42681,"date":"2014-02-03T09:37:31","date_gmt":"2014-02-03T12:37:31","guid":{"rendered":"http:\/\/www.eltrabajo.cl\/portal\/?p=42681"},"modified":"2014-02-03T09:37:31","modified_gmt":"2014-02-03T12:37:31","slug":"municipio-a-ejecuta-programa-de-tenencia-responsable-de-mascotas","status":"publish","type":"post","link":"https:\/\/eltrabajo.cl\/portal\/municipio-a-ejecuta-programa-de-tenencia-responsable-de-mascotas\/","title":{"rendered":"Municipio a ejecuta Programa de Tenencia Responsable de Mascotas"},"content":{"rendered":"<figure id=\"attachment_42682\" aria-describedby=\"caption-attachment-42682\" style=\"width: 529px\" class=\"wp-caption alignnone\"><a href=\"https:\/\/i0.wp.com\/www.eltrabajo.cl\/portal\/wp-content\/uploads\/2014\/02\/Tenencia-Responsable-1.jpg\"><img data-recalc-dims=\"1\" loading=\"lazy\" decoding=\"async\" class=\"size-full wp-image-42682\" title=\"Campa\u00f1a ejecutada en Villa Las Acacias por el \u00c1rea de Medioambiente de la Secretar\u00eda de Planificaci\u00f3n de la Municipalidad de San Felipe\" alt=\"Campa\u00f1a ejecutada en Villa Las Acacias por el \u00c1rea de Medioambiente de la Secretar\u00eda de Planificaci\u00f3n de la Municipalidad de San Felipe\" src=\"https:\/\/i0.wp.com\/www.eltrabajo.cl\/portal\/wp-content\/uploads\/2014\/02\/Tenencia-Responsable-1.jpg?resize=529%2C388\" width=\"529\" height=\"388\" srcset=\"https:\/\/i0.wp.com\/eltrabajo.cl\/portal\/wp-content\/uploads\/2014\/02\/Tenencia-Responsable-1.jpg?w=529&amp;ssl=1 529w, https:\/\/i0.wp.com\/eltrabajo.cl\/portal\/wp-content\/uploads\/2014\/02\/Tenencia-Responsable-1.jpg?resize=200%2C146&amp;ssl=1 200w, https:\/\/i0.wp.com\/eltrabajo.cl\/portal\/wp-content\/uploads\/2014\/02\/Tenencia-Responsable-1.jpg?resize=300%2C220&amp;ssl=1 300w, https:\/\/i0.wp.com\/eltrabajo.cl\/portal\/wp-content\/uploads\/2014\/02\/Tenencia-Responsable-1.jpg?resize=150%2C110&amp;ssl=1 150w, https:\/\/i0.wp.com\/eltrabajo.cl\/portal\/wp-content\/uploads\/2014\/02\/Tenencia-Responsable-1.jpg?resize=400%2C293&amp;ssl=1 400w\" sizes=\"auto, (max-width: 529px) 100vw, 529px\" \/><\/a><figcaption id=\"caption-attachment-42682\" class=\"wp-caption-text\">Campa\u00f1a ejecutada en Villa Las Acacias por el \u00c1rea de Medioambiente de la Secretar\u00eda de Planificaci\u00f3n de la Municipalidad de San Felipe<\/figcaption><\/figure>\n<p>Este viernes en Villa Las Acacias, el \u00c1rea de Medioambiente de la Secretar\u00eda de Planificaci\u00f3n de la Municipalidad de San Felipe, dio inicio al Programa de Tenencia Responsable de Mascotas, el que cont\u00f3 con la presencia del Alcalde Patricio Freire. El programa contempla varias etapas que est\u00e1n enfocadas en desparasitaci\u00f3n; esterilizaci\u00f3n canina; coordinaci\u00f3n con organizaciones animalistas; la formulaci\u00f3n de una ordenanza municipal sobre tenencia responsable de mascotas y la socializaci\u00f3n de este tema.<\/p>\n<figure id=\"attachment_42683\" aria-describedby=\"caption-attachment-42683\" style=\"width: 423px\" class=\"wp-caption alignright\"><a href=\"https:\/\/i0.wp.com\/www.eltrabajo.cl\/portal\/wp-content\/uploads\/2014\/02\/Tenencia-Responsable-2.jpg\"><img data-recalc-dims=\"1\" loading=\"lazy\" decoding=\"async\" class=\" wp-image-42683 \" title=\"El Alcalde Patricio Freire particip\u00f3 en el proceso aplicando el l\u00edquido que elimina los inc\u00f3modos par\u00e1sitos en los perros.\" alt=\"El Alcalde Patricio Freire particip\u00f3 en el proceso aplicando el l\u00edquido que elimina los inc\u00f3modos par\u00e1sitos en los perros.\" src=\"https:\/\/i0.wp.com\/www.eltrabajo.cl\/portal\/wp-content\/uploads\/2014\/02\/Tenencia-Responsable-2.jpg?resize=423%2C354\" width=\"423\" height=\"354\" srcset=\"https:\/\/i0.wp.com\/eltrabajo.cl\/portal\/wp-content\/uploads\/2014\/02\/Tenencia-Responsable-2.jpg?w=529&amp;ssl=1 529w, https:\/\/i0.wp.com\/eltrabajo.cl\/portal\/wp-content\/uploads\/2014\/02\/Tenencia-Responsable-2.jpg?resize=179%2C150&amp;ssl=1 179w, https:\/\/i0.wp.com\/eltrabajo.cl\/portal\/wp-content\/uploads\/2014\/02\/Tenencia-Responsable-2.jpg?resize=300%2C251&amp;ssl=1 300w, https:\/\/i0.wp.com\/eltrabajo.cl\/portal\/wp-content\/uploads\/2014\/02\/Tenencia-Responsable-2.jpg?resize=150%2C125&amp;ssl=1 150w, https:\/\/i0.wp.com\/eltrabajo.cl\/portal\/wp-content\/uploads\/2014\/02\/Tenencia-Responsable-2.jpg?resize=400%2C334&amp;ssl=1 400w\" sizes=\"auto, (max-width: 423px) 100vw, 423px\" \/><\/a><figcaption id=\"caption-attachment-42683\" class=\"wp-caption-text\">El Alcalde Patricio Freire particip\u00f3 en el proceso aplicando el l\u00edquido que elimina los inc\u00f3modos par\u00e1sitos en los perros.<\/figcaption><\/figure>\n<p>La iniciativa tiene como objetivo la promoci\u00f3n de un conjunto de obligaciones que deben realizar las personas cuando deciden tener una mascota y que consisten en proveer el alimento necesario, albergue y buen trato y los cuidados necesarios para su bienestar.<\/p>\n<p>Para socializar estos importantes aspectos, es que la Unidad de Medioambiente de la Secpla se traslad\u00f3 hasta Villa Las Acacias en horas de la ma\u00f1ana del viernes reci\u00e9n pasado y ejecut\u00f3 adem\u00e1s una desparasitaci\u00f3n a los animales del sector, llegando a atender a m\u00e1s de 100 perros s\u00f3lo durante la ma\u00f1ana.<\/p>\n<p>\u00abVamos a hacer alrededor de 15 campa\u00f1as de esta en distintos sectores de San Felipe, y hemos tenido una excelente respuesta de los vecinos que ha n tra\u00eddo sus mascotas hasta este sector de Villa Las Acacias, donde se est\u00e1 desparasitando, en el marco de programa tan importante para todos los vecinos. La tenencia responsable de mascotas es de suma importancia, porque lamentablemente estamos viendo en las calles de la comuna muchos perros abandonados y esos animales alguna vez tuvieron due\u00f1os, no queremos eso para los animales, porque quedan abandonados en la calle, nosotros estamos tomando esos perros y desparasit\u00e1ndolos, pero les pedimos a los vecinos que sean responsables con sus mascotas\u00bb, se\u00f1al\u00f3 el Alcalde Patricio Freire.<\/p>\n<p>Lograr una tenencia responsable de mascotas es de suma importancia para el municipio, ya que eso implica un cambio de conductas de vecinos que dejan abandonados a los animales en la calle, por ello desde el mes de marzo van a comenzar una serie talleres con la comunidad y al interior de los establecimientos educacionales. Simult\u00e1neamente tambi\u00e9n se van a estar realizando las distintas campa\u00f1as que contempla este programa, como son desparasitaci\u00f3n y esterilizaci\u00f3n y en ese tema la idea es esterilizar durante el a\u00f1o a alrededor de 500 perros que viven en la comuna.<\/p>\n<p>\u00abVamos a partir con perros que tienen due\u00f1os, pero vamos a llegar a los de las calles y en ese proceso tambi\u00e9n generar algunas campa\u00f1as de adopci\u00f3n a trav\u00e9s de la coordinaci\u00f3n con grupos animalistas\u00bb, se\u00f1al\u00f3 Enrique Barrera, encargado del programa municipal.<\/p>\n<p>Adem\u00e1s y para apoyar esta iniciativa, esta unidad est\u00e1 trabajado en conjunto con el jefe comunal y con la direcci\u00f3n jur\u00eddica del municipio en una ordenanza de tenencia responsable de mascotas de manera de ordenar el tema en la comuna.<\/p>\n<p>\u00abHoy d\u00eda de cada tres perros que hay en la calle, dos tienen due\u00f1o y s\u00f3lo uno es un perro propiamente de la calle, entonces ah\u00ed queremos, a trav\u00e9s de la ordenanza, poder trabajar. A trav\u00e9s de la Autoridad Sanitaria y a prop\u00f3sito de lo que fue la vacunaci\u00f3n antirr\u00e1bica, ya comenzamos con un plan piloto de chipeo, donde la idea es poder tener un chipeo de mascotas de manera de reconocer cu\u00e1les perros que est\u00e1n en la calle tienen propietario, y que ellos se hagan cargo o de lo contrario podr\u00eda haber una multa\u00bb, dijo Barrera. La idea, seg\u00fan plantea el encargado, es que los due\u00f1os de las mascotas no se preocupen solamente de ellas cuando son peque\u00f1as, sino durante toda su vida.<\/p>\n<p>&nbsp;<\/p>\n","protected":false},"excerpt":{"rendered":"<p>Este viernes en Villa Las Acacias, el \u00c1rea de Medioambiente de la Secretar\u00eda de Planificaci\u00f3n de la Municipalidad de San Felipe, dio inicio al Programa de Tenencia Responsable de Mascotas, el que&#8230;<\/p>\n","protected":false},"author":482,"featured_media":42682,"comment_status":"open","ping_status":"closed","sticky":false,"template":"","format":"standard","meta":{"advanced_seo_description":"","jetpack_seo_html_title":"","jetpack_seo_noindex":false,"_jetpack_memberships_contains_paid_content":false,"footnotes":""},"categories":[1],"tags":[],"class_list":["post-42681","post","type-post","status-publish","format-standard","has-post-thumbnail","hentry","category-cronica"],"jetpack_featured_media_url":"https:\/\/i0.wp.com\/eltrabajo.cl\/portal\/wp-content\/uploads\/2014\/02\/Tenencia-Responsable-1.jpg?fit=529%2C388&ssl=1","jetpack_sharing_enabled":true,"jetpack_likes_enabled":true,"jetpack-related-posts":[],"_links":{"self":[{"href":"https:\/\/eltrabajo.cl\/portal\/wp-json\/wp\/v2\/posts\/42681","targetHints":{"allow":["GET"]}}],"collection":[{"href":"https:\/\/eltrabajo.cl\/portal\/wp-json\/wp\/v2\/posts"}],"about":[{"href":"https:\/\/eltrabajo.cl\/portal\/wp-json\/wp\/v2\/types\/post"}],"author":[{"embeddable":true,"href":"https:\/\/eltrabajo.cl\/portal\/wp-json\/wp\/v2\/users\/482"}],"replies":[{"embeddable":true,"href":"https:\/\/eltrabajo.cl\/portal\/wp-json\/wp\/v2\/comments?post=42681"}],"version-history":[{"count":0,"href":"https:\/\/eltrabajo.cl\/portal\/wp-json\/wp\/v2\/posts\/42681\/revisions"}],"wp:featuredmedia":[{"embeddable":true,"href":"https:\/\/eltrabajo.cl\/portal\/wp-json\/wp\/v2\/media\/42682"}],"wp:attachment":[{"href":"https:\/\/eltrabajo.cl\/portal\/wp-json\/wp\/v2\/media?parent=42681"}],"wp:term":[{"taxonomy":"category","embeddable":true,"href":"https:\/\/eltrabajo.cl\/portal\/wp-json\/wp\/v2\/categories?post=42681"},{"taxonomy":"post_tag","embeddable":true,"href":"https:\/\/eltrabajo.cl\/portal\/wp-json\/wp\/v2\/tags?post=42681"}],"curies":[{"name":"wp","href":"https:\/\/api.w.org\/{rel}","templated":true}]}}