{"id":42700,"date":"2014-02-03T10:00:28","date_gmt":"2014-02-03T13:00:28","guid":{"rendered":"http:\/\/www.eltrabajo.cl\/portal\/?p=42700"},"modified":"2014-02-03T10:00:28","modified_gmt":"2014-02-03T13:00:28","slug":"melisa-garay-fue-coronada-como-miss-aconcagua-2014","status":"publish","type":"post","link":"https:\/\/eltrabajo.cl\/portal\/melisa-garay-fue-coronada-como-miss-aconcagua-2014\/","title":{"rendered":"Melisa Garay fue coronada como Miss Aconcagua 2014"},"content":{"rendered":"<figure id=\"attachment_42701\" aria-describedby=\"caption-attachment-42701\" style=\"width: 423px\" class=\"wp-caption alignleft\"><a href=\"https:\/\/i0.wp.com\/www.eltrabajo.cl\/portal\/wp-content\/uploads\/2014\/02\/Reinas1.jpg\"><img data-recalc-dims=\"1\" loading=\"lazy\" decoding=\"async\" class=\" wp-image-42701 \" title=\"SOBERANAS.- La corona Miss Teeneger 2014 fue para Mar\u00eda Paz Molina D\u00edaz y la putaendina Melisa Garay Estay, fue certificada como la nueva Soberana 2014 del Miss Aconcagua.\" alt=\"SOBERANAS.- La corona Miss Teeneger 2014 fue para Mar\u00eda Paz Molina D\u00edaz y la putaendina Melisa Garay Estay, fue certificada como la nueva Soberana 2014 del Miss Aconcagua.\" src=\"https:\/\/i0.wp.com\/www.eltrabajo.cl\/portal\/wp-content\/uploads\/2014\/02\/Reinas1.jpg?resize=423%2C305\" width=\"423\" height=\"305\" srcset=\"https:\/\/i0.wp.com\/eltrabajo.cl\/portal\/wp-content\/uploads\/2014\/02\/Reinas1.jpg?w=529&amp;ssl=1 529w, https:\/\/i0.wp.com\/eltrabajo.cl\/portal\/wp-content\/uploads\/2014\/02\/Reinas1.jpg?resize=200%2C144&amp;ssl=1 200w, https:\/\/i0.wp.com\/eltrabajo.cl\/portal\/wp-content\/uploads\/2014\/02\/Reinas1.jpg?resize=300%2C216&amp;ssl=1 300w, https:\/\/i0.wp.com\/eltrabajo.cl\/portal\/wp-content\/uploads\/2014\/02\/Reinas1.jpg?resize=150%2C108&amp;ssl=1 150w, https:\/\/i0.wp.com\/eltrabajo.cl\/portal\/wp-content\/uploads\/2014\/02\/Reinas1.jpg?resize=400%2C288&amp;ssl=1 400w\" sizes=\"auto, (max-width: 423px) 100vw, 423px\" \/><\/a><figcaption id=\"caption-attachment-42701\" class=\"wp-caption-text\">SOBERANAS.- La corona Miss Teeneger 2014 fue para Mar\u00eda Paz Molina D\u00edaz y la putaendina Melisa Garay Estay, fue certificada como la nueva Soberana 2014 del Miss Aconcagua.<\/figcaption><\/figure>\n<p>Luego que durante los \u00faltimos seis meses en Diario El Trabajo inform\u00e1ramos cada detalle vivido en el desarrollo de la preparaci\u00f3n de la cuarta versi\u00f3n del certamen de belleza Miss Aconcagua 2014 y la primera jornada del Miss Tenneger, hoy cerramos esta campa\u00f1a informativa publicando cada detalle del electrizante acto de coronaci\u00f3n a la nueva Soberana 2014.<\/p>\n<p><strong>NERVIOS DE PUNTA<\/strong><\/p>\n<p>Fue una noche intensa y llena del buen esp\u00edritu de la solidaridad del p\u00fablico para con las ocho lindas candidatas del Miss Aconcagua Katherine Gallardo, Liseth Cort\u00e9s, Pamela Brito, Fernanda Cantillano, Melissa Garay, Valentina B\u00e1ez y Stella Blanco, Javiera Pizarro y las \u00fanicas dos jovencitas del Miss Teen, Guillermina Salgado Maldonado y Mar\u00eda Paz Bel\u00e9n D\u00edaz.<\/p>\n<figure id=\"attachment_42702\" aria-describedby=\"caption-attachment-42702\" style=\"width: 296px\" class=\"wp-caption alignright\"><a href=\"https:\/\/i0.wp.com\/www.eltrabajo.cl\/portal\/wp-content\/uploads\/2014\/02\/Candidatas1.jpg\"><img data-recalc-dims=\"1\" loading=\"lazy\" decoding=\"async\" class=\" wp-image-42702  \" title=\"BELLEZAS ACONCAG\u00dcINAS.- Ellas son las candidatas del Miss Aconcagua 2014: Katherine Gallardo, Liseth Cort\u00e9s, Pamela Brito, Fernanda Cantillano,  Melisa Garay, Valentina B\u00e1ez y Stella Blanco, Javiera Pizarro y las \u00fanicas dos jovencitas del Miss Teen, Guillermina Salgado Maldonado y Mar\u00eda Paz Bel\u00e9n D\u00edaz.\" alt=\"BELLEZAS ACONCAG\u00dcINAS.- Ellas son las candidatas del Miss Aconcagua 2014: Katherine Gallardo, Liseth Cort\u00e9s, Pamela Brito, Fernanda Cantillano,  Melisa Garay, Valentina B\u00e1ez y Stella Blanco, Javiera Pizarro y las \u00fanicas dos jovencitas del Miss Teen, Guillermina Salgado Maldonado y Mar\u00eda Paz Bel\u00e9n D\u00edaz.\" src=\"https:\/\/i0.wp.com\/www.eltrabajo.cl\/portal\/wp-content\/uploads\/2014\/02\/Candidatas1.jpg?resize=296%2C361\" width=\"296\" height=\"361\" srcset=\"https:\/\/i0.wp.com\/eltrabajo.cl\/portal\/wp-content\/uploads\/2014\/02\/Candidatas1.jpg?w=529&amp;ssl=1 529w, https:\/\/i0.wp.com\/eltrabajo.cl\/portal\/wp-content\/uploads\/2014\/02\/Candidatas1.jpg?resize=123%2C150&amp;ssl=1 123w, https:\/\/i0.wp.com\/eltrabajo.cl\/portal\/wp-content\/uploads\/2014\/02\/Candidatas1.jpg?resize=246%2C300&amp;ssl=1 246w, https:\/\/i0.wp.com\/eltrabajo.cl\/portal\/wp-content\/uploads\/2014\/02\/Candidatas1.jpg?resize=400%2C487&amp;ssl=1 400w\" sizes=\"auto, (max-width: 296px) 100vw, 296px\" \/><\/a><figcaption id=\"caption-attachment-42702\" class=\"wp-caption-text\">BELLEZAS ACONCAG\u00dcINAS.- Ellas son las candidatas del Miss Aconcagua 2014: Katherine Gallardo, Liseth Cort\u00e9s, Pamela Brito, Fernanda Cantillano, Melisa Garay, Valentina B\u00e1ez y Stella Blanco, Javiera Pizarro y las \u00fanicas dos jovencitas del Miss Teen, Guillermina Salgado Maldonado y Mar\u00eda Paz Bel\u00e9n D\u00edaz.<\/figcaption><\/figure>\n<p>Cada una de las chicas estaba con sus nervios de punta, ansiosas por saber qu\u00e9 se puede sentir al ser las diez mujeres a quienes todo un efervescente p\u00fablico mirar\u00edan con atenci\u00f3n durante todo el evento.<\/p>\n<figure id=\"attachment_42704\" aria-describedby=\"caption-attachment-42704\" style=\"width: 370px\" class=\"wp-caption alignleft\"><a href=\"https:\/\/i0.wp.com\/www.eltrabajo.cl\/portal\/wp-content\/uploads\/2014\/02\/Jurado1.jpg\"><img data-recalc-dims=\"1\" loading=\"lazy\" decoding=\"async\" class=\" wp-image-42704 \" title=\"EL JURADO.- Este es el Jurado, personalidades conocedoras en la materia, cualidades que los facultan para hacer el trabajo en esta jornada de belleza.\" alt=\"EL JURADO.- Este es el Jurado, personalidades conocedoras en la materia, cualidades que los facultan para hacer el trabajo en esta jornada de belleza.\" src=\"https:\/\/i0.wp.com\/www.eltrabajo.cl\/portal\/wp-content\/uploads\/2014\/02\/Jurado1.jpg?resize=370%2C255\" width=\"370\" height=\"255\" srcset=\"https:\/\/i0.wp.com\/eltrabajo.cl\/portal\/wp-content\/uploads\/2014\/02\/Jurado1.jpg?w=528&amp;ssl=1 528w, https:\/\/i0.wp.com\/eltrabajo.cl\/portal\/wp-content\/uploads\/2014\/02\/Jurado1.jpg?resize=200%2C138&amp;ssl=1 200w, https:\/\/i0.wp.com\/eltrabajo.cl\/portal\/wp-content\/uploads\/2014\/02\/Jurado1.jpg?resize=300%2C207&amp;ssl=1 300w, https:\/\/i0.wp.com\/eltrabajo.cl\/portal\/wp-content\/uploads\/2014\/02\/Jurado1.jpg?resize=150%2C103&amp;ssl=1 150w, https:\/\/i0.wp.com\/eltrabajo.cl\/portal\/wp-content\/uploads\/2014\/02\/Jurado1.jpg?resize=400%2C276&amp;ssl=1 400w\" sizes=\"auto, (max-width: 370px) 100vw, 370px\" \/><\/a><figcaption id=\"caption-attachment-42704\" class=\"wp-caption-text\">EL JURADO.- Este es el Jurado, personalidades conocedoras en la materia, cualidades que los facultan para hacer el trabajo en esta jornada de belleza.<\/figcaption><\/figure>\n<p><strong>LOS ARTISTAS<\/strong><\/p>\n<p>La conducci\u00f3n de esta gala de coronaci\u00f3n (igual que muchos otros aspectos del proceso) estuvo a carago de la experimentada modelo internacional y Miss Chile 2004, Ver\u00f3nica Roberts, quien con elegancia y entusiasmo, supo poner a cada uno de las barras de Llay Llay, Putaendo, Catemu, Villa Alemana y San Felipe como locos de alegr\u00eda por apoyar a sus candidatas.<\/p>\n<figure id=\"attachment_42705\" aria-describedby=\"caption-attachment-42705\" style=\"width: 370px\" class=\"wp-caption alignright\"><a href=\"https:\/\/i0.wp.com\/www.eltrabajo.cl\/portal\/wp-content\/uploads\/2014\/02\/Dance1.jpg\"><img data-recalc-dims=\"1\" loading=\"lazy\" decoding=\"async\" class=\"wp-image-42705 \" title=\"ELECTRIZANTES.- Cada una de las secciones del evento fue combinada con las hilarantes coreograf\u00edas musicales de las chicas de la Compa\u00f1\u00eda Dance Latinos de Llay Llay.\" alt=\"ELECTRIZANTES.- Cada una de las secciones del evento fue combinada con las hilarantes coreograf\u00edas musicales de las chicas de la Compa\u00f1\u00eda Dance Latinos de Llay Llay.\" src=\"https:\/\/i0.wp.com\/www.eltrabajo.cl\/portal\/wp-content\/uploads\/2014\/02\/Dance1.jpg?resize=370%2C267\" width=\"370\" height=\"267\" srcset=\"https:\/\/i0.wp.com\/eltrabajo.cl\/portal\/wp-content\/uploads\/2014\/02\/Dance1.jpg?w=529&amp;ssl=1 529w, https:\/\/i0.wp.com\/eltrabajo.cl\/portal\/wp-content\/uploads\/2014\/02\/Dance1.jpg?resize=200%2C144&amp;ssl=1 200w, https:\/\/i0.wp.com\/eltrabajo.cl\/portal\/wp-content\/uploads\/2014\/02\/Dance1.jpg?resize=300%2C216&amp;ssl=1 300w, https:\/\/i0.wp.com\/eltrabajo.cl\/portal\/wp-content\/uploads\/2014\/02\/Dance1.jpg?resize=150%2C108&amp;ssl=1 150w, https:\/\/i0.wp.com\/eltrabajo.cl\/portal\/wp-content\/uploads\/2014\/02\/Dance1.jpg?resize=400%2C288&amp;ssl=1 400w\" sizes=\"auto, (max-width: 370px) 100vw, 370px\" \/><\/a><figcaption id=\"caption-attachment-42705\" class=\"wp-caption-text\">ELECTRIZANTES.- Cada una de las secciones del evento fue combinada con las hilarantes coreograf\u00edas musicales de las chicas de la Compa\u00f1\u00eda Dance Latinos de Llay Llay.<\/figcaption><\/figure>\n<p>En la parte art\u00edstica, el Grupo Desencajados, quienes dejaron a todos pidiendo \u2018otra-otra\u2019. Michelle Andrade tambi\u00e9n estuvo haciendo de las suyas con sus temas m\u00e1s pegajosos del momento en el escenario. El D\u00fao Manantial dej\u00f3 a muchos asombrados, pues conquistaron al p\u00fablico s\u00f3lo de entrada, cada melod\u00eda por ellos interpretada, fue refrescante y bien ejecutada, cada una de las secciones del evento fue combinada con las hilarantes coreograf\u00edas musicales de las chicas de la Compa\u00f1\u00eda Dance Latinos de Llay Llay, quienes se robaron el coraz\u00f3n del p\u00fablico en cada una de sus presentaciones.<\/p>\n<figure id=\"attachment_42708\" aria-describedby=\"caption-attachment-42708\" style=\"width: 370px\" class=\"wp-caption alignleft\"><a href=\"https:\/\/i0.wp.com\/www.eltrabajo.cl\/portal\/wp-content\/uploads\/2014\/02\/Familia-Reina.jpg\"><img data-recalc-dims=\"1\" loading=\"lazy\" decoding=\"async\" class=\" wp-image-42708 \" title=\"LA REGALONA.- La familia en general de la Reina saliente, Valentina Carrasco, pos\u00f3 para las c\u00e1maras de Diario El Trabajo.\" alt=\"LA REGALONA.- La familia en general de la Reina saliente, Valentina Carrasco, pos\u00f3 para las c\u00e1maras de Diario El Trabajo.\" src=\"https:\/\/i0.wp.com\/www.eltrabajo.cl\/portal\/wp-content\/uploads\/2014\/02\/Familia-Reina.jpg?resize=370%2C243\" width=\"370\" height=\"243\" srcset=\"https:\/\/i0.wp.com\/eltrabajo.cl\/portal\/wp-content\/uploads\/2014\/02\/Familia-Reina.jpg?w=529&amp;ssl=1 529w, https:\/\/i0.wp.com\/eltrabajo.cl\/portal\/wp-content\/uploads\/2014\/02\/Familia-Reina.jpg?resize=200%2C131&amp;ssl=1 200w, https:\/\/i0.wp.com\/eltrabajo.cl\/portal\/wp-content\/uploads\/2014\/02\/Familia-Reina.jpg?resize=300%2C196&amp;ssl=1 300w, https:\/\/i0.wp.com\/eltrabajo.cl\/portal\/wp-content\/uploads\/2014\/02\/Familia-Reina.jpg?resize=150%2C98&amp;ssl=1 150w, https:\/\/i0.wp.com\/eltrabajo.cl\/portal\/wp-content\/uploads\/2014\/02\/Familia-Reina.jpg?resize=400%2C262&amp;ssl=1 400w\" sizes=\"auto, (max-width: 370px) 100vw, 370px\" \/><\/a><figcaption id=\"caption-attachment-42708\" class=\"wp-caption-text\">LA REGALONA.- La familia en general de la Reina saliente, Valentina Carrasco, pos\u00f3 para las c\u00e1maras de Diario El Trabajo.<\/figcaption><\/figure>\n<p>&nbsp;<\/p>\n<p><strong>EL JURADO<\/strong><\/p>\n<p>Cada elemento art\u00edstico de esta actividad, en su parte selectiva, estuvo a cargo de un Jurado calificador meticulosamente convocado para hacer un trabajo imparcial y justo. Los integrantes fueron Hugo Manzur, locutor y periodista de Radio Trasandina de Los Andes; Prisilla Astudillo, Gerente de Marketing Cyzone; Erick Rojas Meri, Coordinador del Miss Aconcagua; Omay Jury, profesional representante de Diario El Trabajo; Jos\u00e9 Ignacio Valenzuela, ex-Calle7, actual conductor de Trining Totem de Canal 8, Jos\u00e9 Robinson Alfaro, Director del Miss Aconcagua y Miss Teenager. Mauricio Henr\u00edquez, experimentado hombre de Radio, quien figura como un criterio m\u00e1s que v\u00e1lido en el tema; Javiera Merino, Miss Chile Reinado Internacional de las flores en Ecuador 2010; Richard Loshe, Director de la Academia Internacional de modelaje Loshe; Aurora Medina, Concejal de Catemu; Fernando Far\u00edas, Director de \u2018Qui\u00e9rete de Cyzone\u2019 y Patricia Salas, esposa del Alcalde de Catemu Boris Luksic.<\/p>\n<figure id=\"attachment_42709\" aria-describedby=\"caption-attachment-42709\" style=\"width: 370px\" class=\"wp-caption alignright\"><a href=\"https:\/\/i0.wp.com\/www.eltrabajo.cl\/portal\/wp-content\/uploads\/2014\/02\/Manantial1.jpg\"><img data-recalc-dims=\"1\" loading=\"lazy\" decoding=\"async\" class=\"wp-image-42709 \" title=\"D\u00daO MANANTIAL.- El D\u00fao Manantial dej\u00f3 a muchos asombrados, pues conquistaron al p\u00fablico s\u00f3lo de entrada, cada melod\u00eda por ellos interpretada, fue refrescante y bien ejecutada.\" alt=\"D\u00daO MANANTIAL.- El D\u00fao Manantial dej\u00f3 a muchos asombrados, pues conquistaron al p\u00fablico s\u00f3lo de entrada, cada melod\u00eda por ellos interpretada, fue refrescante y bien ejecutada.\" src=\"https:\/\/i0.wp.com\/www.eltrabajo.cl\/portal\/wp-content\/uploads\/2014\/02\/Manantial1.jpg?resize=370%2C240\" width=\"370\" height=\"240\" srcset=\"https:\/\/i0.wp.com\/eltrabajo.cl\/portal\/wp-content\/uploads\/2014\/02\/Manantial1.jpg?w=528&amp;ssl=1 528w, https:\/\/i0.wp.com\/eltrabajo.cl\/portal\/wp-content\/uploads\/2014\/02\/Manantial1.jpg?resize=200%2C129&amp;ssl=1 200w, https:\/\/i0.wp.com\/eltrabajo.cl\/portal\/wp-content\/uploads\/2014\/02\/Manantial1.jpg?resize=300%2C194&amp;ssl=1 300w, https:\/\/i0.wp.com\/eltrabajo.cl\/portal\/wp-content\/uploads\/2014\/02\/Manantial1.jpg?resize=150%2C97&amp;ssl=1 150w, https:\/\/i0.wp.com\/eltrabajo.cl\/portal\/wp-content\/uploads\/2014\/02\/Manantial1.jpg?resize=400%2C259&amp;ssl=1 400w\" sizes=\"auto, (max-width: 370px) 100vw, 370px\" \/><\/a><figcaption id=\"caption-attachment-42709\" class=\"wp-caption-text\">D\u00daO MANANTIAL.- El D\u00fao Manantial dej\u00f3 a muchos asombrados, pues conquistaron al p\u00fablico s\u00f3lo de entrada, cada melod\u00eda por ellos interpretada, fue refrescante y bien ejecutada.<\/figcaption><\/figure>\n<p><strong>LA CORONACI\u00d3N<\/strong><\/p>\n<p>Finalmente el Jurado logr\u00f3 sacar la dif\u00edcil tarea, la de elegir a la Miss Simpat\u00eda Katherine Gallardo, quien supo agradecer ese nombramiento a sus mismas compa\u00f1eras del certamen.<\/p>\n<figure id=\"attachment_42710\" aria-describedby=\"caption-attachment-42710\" style=\"width: 370px\" class=\"wp-caption alignleft\"><a href=\"https:\/\/i0.wp.com\/www.eltrabajo.cl\/portal\/wp-content\/uploads\/2014\/02\/Desencajados1.jpg\"><img data-recalc-dims=\"1\" loading=\"lazy\" decoding=\"async\" class=\"wp-image-42710 \" title=\"DESENCAJADOS.- Ellos conforman el Grupo Desencajados, quienes dejaron a todos pidiendo \u2018otra-otra\u2019.\" alt=\"DESENCAJADOS.- Ellos conforman el Grupo Desencajados, quienes dejaron a todos pidiendo \u2018otra-otra\u2019.\" src=\"https:\/\/i0.wp.com\/www.eltrabajo.cl\/portal\/wp-content\/uploads\/2014\/02\/Desencajados1.jpg?resize=370%2C240\" width=\"370\" height=\"240\" srcset=\"https:\/\/i0.wp.com\/eltrabajo.cl\/portal\/wp-content\/uploads\/2014\/02\/Desencajados1.jpg?w=529&amp;ssl=1 529w, https:\/\/i0.wp.com\/eltrabajo.cl\/portal\/wp-content\/uploads\/2014\/02\/Desencajados1.jpg?resize=200%2C129&amp;ssl=1 200w, https:\/\/i0.wp.com\/eltrabajo.cl\/portal\/wp-content\/uploads\/2014\/02\/Desencajados1.jpg?resize=300%2C194&amp;ssl=1 300w, https:\/\/i0.wp.com\/eltrabajo.cl\/portal\/wp-content\/uploads\/2014\/02\/Desencajados1.jpg?resize=150%2C97&amp;ssl=1 150w, https:\/\/i0.wp.com\/eltrabajo.cl\/portal\/wp-content\/uploads\/2014\/02\/Desencajados1.jpg?resize=400%2C259&amp;ssl=1 400w\" sizes=\"auto, (max-width: 370px) 100vw, 370px\" \/><\/a><figcaption id=\"caption-attachment-42710\" class=\"wp-caption-text\">DESENCAJADOS.- Ellos conforman el Grupo Desencajados, quienes dejaron a todos pidiendo \u2018otra-otra\u2019.<\/figcaption><\/figure>\n<p>Fue al filo de la 01:00 hora de este domingo, cuando Ver\u00f3nica Roberts pronunci\u00f3 el nombre de la mujer que se convirti\u00f3 en la dama m\u00e1s bella del Valle de Aconcagua y nueva Soberana 2014 del Miss Aconcagua, la putaendina Melisa Garay Estay, mientras que la corona Miss Teeneger 2014 fue para Mar\u00eda Paz Molina D\u00edaz.<\/p>\n<figure id=\"attachment_42714\" aria-describedby=\"caption-attachment-42714\" style=\"width: 317px\" class=\"wp-caption alignright\"><a href=\"https:\/\/i0.wp.com\/www.eltrabajo.cl\/portal\/wp-content\/uploads\/2014\/02\/Michelle-Andrade.jpg\"><img data-recalc-dims=\"1\" loading=\"lazy\" decoding=\"async\" class=\" wp-image-42714 \" title=\"CON MUCHO SABOR.- Michelle Andrade tambi\u00e9n estuvo haciendo de las suyas con sus temas m\u00e1s pegajosos del momento en el escenario.\" alt=\"CON MUCHO SABOR.- Michelle Andrade tambi\u00e9n estuvo haciendo de las suyas con sus temas m\u00e1s pegajosos del momento en el escenario.\" src=\"https:\/\/i0.wp.com\/www.eltrabajo.cl\/portal\/wp-content\/uploads\/2014\/02\/Michelle-Andrade.jpg?resize=317%2C286\" width=\"317\" height=\"286\" srcset=\"https:\/\/i0.wp.com\/eltrabajo.cl\/portal\/wp-content\/uploads\/2014\/02\/Michelle-Andrade.jpg?w=529&amp;ssl=1 529w, https:\/\/i0.wp.com\/eltrabajo.cl\/portal\/wp-content\/uploads\/2014\/02\/Michelle-Andrade.jpg?resize=166%2C150&amp;ssl=1 166w, https:\/\/i0.wp.com\/eltrabajo.cl\/portal\/wp-content\/uploads\/2014\/02\/Michelle-Andrade.jpg?resize=150%2C134&amp;ssl=1 150w, https:\/\/i0.wp.com\/eltrabajo.cl\/portal\/wp-content\/uploads\/2014\/02\/Michelle-Andrade.jpg?resize=400%2C359&amp;ssl=1 400w\" sizes=\"auto, (max-width: 317px) 100vw, 317px\" \/><\/a><figcaption id=\"caption-attachment-42714\" class=\"wp-caption-text\">CON MUCHO SABOR.- Michelle Andrade tambi\u00e9n estuvo haciendo de las suyas con sus temas m\u00e1s pegajosos del momento en el escenario.<\/figcaption><\/figure>\n<p>El certamen Miss Aconcagua se diferencia, a nivel interno, mayormente a los dem\u00e1s cert\u00e1menes de belleza que se realizan en Chile, propiamente en el accionar social que funciona como resorte gatillador de las buenas relaciones humanas; los valores \u00e9ticos y morales y buenas costumbres que cada una de las candidatas aprende a poner en pr\u00e1ctica, tanto en su etapa de candidata al igual que durante su reinado.<\/p>\n<p>Durante estos \u00faltimos meses, ellas visitaron a enfermos en hospitales; enfermos de SIDA; abuelitos en casas de cuido; dieron apoyo en v\u00edveres a familias vulnerables, funci\u00f3n que seguir\u00e1 haciendo la nueva Miss Aconcagua. Las anteriores aconcag\u00fcinas de este certamen en a\u00f1os anteriores son Leslie Silva en 2007; Paola Meneses en 2009; Valentina Carrasco en 2013 y ahora Melisa Garay Estay.<\/p>\n<figure id=\"attachment_42716\" aria-describedby=\"caption-attachment-42716\" style=\"width: 190px\" class=\"wp-caption alignleft\"><a href=\"https:\/\/i0.wp.com\/www.eltrabajo.cl\/portal\/wp-content\/uploads\/2014\/02\/Jose-Alfaro.jpg\"><img data-recalc-dims=\"1\" loading=\"lazy\" decoding=\"async\" class=\" wp-image-42716  \" title=\"Jos\u00e9 Robinson Alfaro, Director del Miss Aconcagua y Miss Teeneger.\" alt=\"Jos\u00e9 Robinson Alfaro, Director del Miss Aconcagua y Miss Teeneger.er.\" src=\"https:\/\/i0.wp.com\/www.eltrabajo.cl\/portal\/wp-content\/uploads\/2014\/02\/Jose-Alfaro.jpg?resize=190%2C177\" width=\"190\" height=\"177\" srcset=\"https:\/\/i0.wp.com\/eltrabajo.cl\/portal\/wp-content\/uploads\/2014\/02\/Jose-Alfaro.jpg?w=529&amp;ssl=1 529w, https:\/\/i0.wp.com\/eltrabajo.cl\/portal\/wp-content\/uploads\/2014\/02\/Jose-Alfaro.jpg?resize=161%2C150&amp;ssl=1 161w, https:\/\/i0.wp.com\/eltrabajo.cl\/portal\/wp-content\/uploads\/2014\/02\/Jose-Alfaro.jpg?resize=300%2C278&amp;ssl=1 300w, https:\/\/i0.wp.com\/eltrabajo.cl\/portal\/wp-content\/uploads\/2014\/02\/Jose-Alfaro.jpg?resize=150%2C139&amp;ssl=1 150w, https:\/\/i0.wp.com\/eltrabajo.cl\/portal\/wp-content\/uploads\/2014\/02\/Jose-Alfaro.jpg?resize=400%2C371&amp;ssl=1 400w\" sizes=\"auto, (max-width: 190px) 100vw, 190px\" \/><\/a><figcaption id=\"caption-attachment-42716\" class=\"wp-caption-text\">Jos\u00e9 Robinson Alfaro, Director del Miss Aconcagua y Miss Teeneger.<\/figcaption><\/figure>\n<p>La Miss Tenneger recibir\u00e1 un viaje con todo pago a un destino dentro de Chile en compa\u00f1\u00eda de otra persona, mientras que las Miss Aconcagua se nos va de viaje al Ecuador con otra persona, viaje que se prolongar\u00e1 por varios d\u00edas all\u00e1 y sus gastos est\u00e1n todos pagados, adem\u00e1s, recibieron premios de varias empresas, as\u00ed como algunas becas completas y medias, de la prestigiosa Academia Internacional de modelaje Loshe.<\/p>\n<p>Roberto Gonz\u00e1lez Short<\/p>\n<p>rgonzalez@eltrabajo.cl<\/p>\n<p>&nbsp;<\/p>\n","protected":false},"excerpt":{"rendered":"<p>Luego que durante los \u00faltimos seis meses en Diario El Trabajo inform\u00e1ramos cada detalle vivido en el desarrollo de la preparaci\u00f3n de la cuarta versi\u00f3n del certamen de belleza Miss Aconcagua 2014&#8230;<\/p>\n","protected":false},"author":482,"featured_media":42701,"comment_status":"open","ping_status":"closed","sticky":false,"template":"","format":"standard","meta":{"advanced_seo_description":"","jetpack_seo_html_title":"","jetpack_seo_noindex":false,"_jetpack_memberships_contains_paid_content":false,"footnotes":""},"categories":[15],"tags":[],"class_list":["post-42700","post","type-post","status-publish","format-standard","has-post-thumbnail","hentry","category-comunidad"],"jetpack_featured_media_url":"https:\/\/i0.wp.com\/eltrabajo.cl\/portal\/wp-content\/uploads\/2014\/02\/Reinas1.jpg?fit=529%2C381&ssl=1","jetpack_sharing_enabled":true,"jetpack_likes_enabled":true,"jetpack-related-posts":[],"_links":{"self":[{"href":"https:\/\/eltrabajo.cl\/portal\/wp-json\/wp\/v2\/posts\/42700","targetHints":{"allow":["GET"]}}],"collection":[{"href":"https:\/\/eltrabajo.cl\/portal\/wp-json\/wp\/v2\/posts"}],"about":[{"href":"https:\/\/eltrabajo.cl\/portal\/wp-json\/wp\/v2\/types\/post"}],"author":[{"embeddable":true,"href":"https:\/\/eltrabajo.cl\/portal\/wp-json\/wp\/v2\/users\/482"}],"replies":[{"embeddable":true,"href":"https:\/\/eltrabajo.cl\/portal\/wp-json\/wp\/v2\/comments?post=42700"}],"version-history":[{"count":0,"href":"https:\/\/eltrabajo.cl\/portal\/wp-json\/wp\/v2\/posts\/42700\/revisions"}],"wp:featuredmedia":[{"embeddable":true,"href":"https:\/\/eltrabajo.cl\/portal\/wp-json\/wp\/v2\/media\/42701"}],"wp:attachment":[{"href":"https:\/\/eltrabajo.cl\/portal\/wp-json\/wp\/v2\/media?parent=42700"}],"wp:term":[{"taxonomy":"category","embeddable":true,"href":"https:\/\/eltrabajo.cl\/portal\/wp-json\/wp\/v2\/categories?post=42700"},{"taxonomy":"post_tag","embeddable":true,"href":"https:\/\/eltrabajo.cl\/portal\/wp-json\/wp\/v2\/tags?post=42700"}],"curies":[{"name":"wp","href":"https:\/\/api.w.org\/{rel}","templated":true}]}}