{"id":42720,"date":"2014-02-04T09:51:42","date_gmt":"2014-02-04T12:51:42","guid":{"rendered":"http:\/\/www.eltrabajo.cl\/portal\/?p=42720"},"modified":"2014-02-04T09:51:42","modified_gmt":"2014-02-04T12:51:42","slug":"autoridades-inauguran-1a-etapa-de-tranque-el-zaino","status":"publish","type":"post","link":"https:\/\/eltrabajo.cl\/portal\/autoridades-inauguran-1a-etapa-de-tranque-el-zaino\/","title":{"rendered":"Autoridades inauguran 1\u00aa Etapa de Tranque El Zaino"},"content":{"rendered":"<figure id=\"attachment_42721\" aria-describedby=\"caption-attachment-42721\" style=\"width: 529px\" class=\"wp-caption alignnone\"><a href=\"https:\/\/i0.wp.com\/www.eltrabajo.cl\/portal\/wp-content\/uploads\/2014\/02\/Agua1.jpg\"><img data-recalc-dims=\"1\" loading=\"lazy\" decoding=\"async\" class=\"size-full wp-image-42721\" title=\"Cerca de 300 ser\u00e1n los agricultores del sector El Zaino en la localidad de Jahuel.\" alt=\"Cerca de 300 ser\u00e1n los agricultores del sector El Zaino en la localidad de Jahuel.\" src=\"https:\/\/i0.wp.com\/www.eltrabajo.cl\/portal\/wp-content\/uploads\/2014\/02\/Agua1.jpg?resize=529%2C275\" width=\"529\" height=\"275\" srcset=\"https:\/\/i0.wp.com\/eltrabajo.cl\/portal\/wp-content\/uploads\/2014\/02\/Agua1.jpg?w=529&amp;ssl=1 529w, https:\/\/i0.wp.com\/eltrabajo.cl\/portal\/wp-content\/uploads\/2014\/02\/Agua1.jpg?resize=200%2C103&amp;ssl=1 200w, https:\/\/i0.wp.com\/eltrabajo.cl\/portal\/wp-content\/uploads\/2014\/02\/Agua1.jpg?resize=300%2C155&amp;ssl=1 300w, https:\/\/i0.wp.com\/eltrabajo.cl\/portal\/wp-content\/uploads\/2014\/02\/Agua1.jpg?resize=150%2C77&amp;ssl=1 150w, https:\/\/i0.wp.com\/eltrabajo.cl\/portal\/wp-content\/uploads\/2014\/02\/Agua1.jpg?resize=400%2C207&amp;ssl=1 400w\" sizes=\"auto, (max-width: 529px) 100vw, 529px\" \/><\/a><figcaption id=\"caption-attachment-42721\" class=\"wp-caption-text\">Cerca de 300 ser\u00e1n los agricultores del sector El Zaino en la localidad de Jahuel.<\/figcaption><\/figure>\n<p><strong>SANTA MAR\u00cdA<\/strong>.- Cerca de 300 ser\u00e1n los agricultores del sector El Zaino en la localidad de Jahuel, de la comuna de Santa Mar\u00eda, los que se ver\u00e1n beneficiados con la puesta en marcha del tranque acumulador de agua, que fuera construido gracias a un convenio entre Indap-Gore. La primera etapa de las obras fue inaugurada por las autoridades, ceremonia que cont\u00f3 con la asistencia de la Gobernadora Patricia Boffa; el Director Regional de Indap Alejandro Peirano; el Alcalde Claudio Zurita; los Consejeros Regionales, Iv\u00e1n Reyes, Mario Sotolichio, Eduardo Le\u00f3n, Rolando Stevenson as\u00ed como concejales y agricultores beneficiarios.<\/p>\n<p>La piscina tiene una capacidad de 20.000 metros c\u00fabicos, almacenar\u00e1 las aguas del invierno y las que escurren por la vertiente del lugar en verano, con una inversi\u00f3n de 100 millones de pesos. De acuerdo a lo manifestado por el Director Regional de Indap, Alejandro Peirano, es una obra que permitir\u00e1 dar una soluci\u00f3n a la escasez h\u00eddrica.<\/p>\n<p>\u00abTenemos una vertiente que es de muy buena calidad en El Zaino, pero mientras escurra y no se pueda acumular en un lugar, se hace ineficiente su uso, pues hay que regar de noche y no siempre la gente est\u00e1 dispuesto a eso. Por lo tanto, se hizo esta inversi\u00f3n, es una obra macro, que servir\u00e1 de acumulador de agua nocturna y semanal, lo que permite hacer una distribuci\u00f3n de las aguas de una manera m\u00e1s equitativa y justa, por lo tanto, como Indap, hemos logrado recuperar una gran cantidad de tranques y dar un mejor uso al agua\u00bb.<\/p>\n<p>Agreg\u00f3 Peirano, que las obras est\u00e1n terminadas en una primera etapa, falta a\u00fan por efectuar las obras del canal de conexi\u00f3n y el de distribuci\u00f3n, proyecto que deber\u00e1 seguir su curso. En tanto el Alcalde Claudio Zurita, explic\u00f3 que se est\u00e1 dando una soluci\u00f3n a un n\u00famero importante de agricultores, que ven\u00edan con preocupaci\u00f3n el futuro de sus producciones.<\/p>\n<p>\u00abJahuel es un sector que no se riega por el Rio Aconcagua, sino por vertientes, y en invierno cuando llueve, esa agua se pierde y la idea era acumularla, por lo tanto, este proyecto, es un gran avance para nuestros agricultores\u00bb.<\/p>\n<p>Por su parte la Gobernadora Patricia Boffa, junto con valorar esta gran obra en el sector de Jahuel, destac\u00f3 el compromiso de los consejeros regionales.<\/p>\n<p>\u00abComo primera autoridad de la provincia, quiero hacer un llamado a las pr\u00f3ximas autoridades, para que este proyecto quede operativo en un 100%. Nosotros como gobierno hemos trabajado mucho con la comunidad de El Zaino, conocemos sus problemas, sabemos de la dificultad de los productores, por lo tanto, lo que se est\u00e1 inaugurando es la primera parte de una soluci\u00f3n muy necesaria para estas personas\u00bb.<\/p>\n","protected":false},"excerpt":{"rendered":"<p>SANTA MAR\u00cdA.- Cerca de 300 ser\u00e1n los agricultores del sector El Zaino en la localidad de Jahuel, de la comuna de Santa Mar\u00eda, los que se ver\u00e1n beneficiados con la puesta en&#8230;<\/p>\n","protected":false},"author":482,"featured_media":42721,"comment_status":"open","ping_status":"closed","sticky":false,"template":"","format":"standard","meta":{"advanced_seo_description":"","jetpack_seo_html_title":"","jetpack_seo_noindex":false,"_jetpack_memberships_contains_paid_content":false,"footnotes":""},"categories":[1],"tags":[],"class_list":["post-42720","post","type-post","status-publish","format-standard","has-post-thumbnail","hentry","category-cronica"],"jetpack_featured_media_url":"https:\/\/i0.wp.com\/eltrabajo.cl\/portal\/wp-content\/uploads\/2014\/02\/Agua1.jpg?fit=529%2C275&ssl=1","jetpack_sharing_enabled":true,"jetpack_likes_enabled":true,"jetpack-related-posts":[],"_links":{"self":[{"href":"https:\/\/eltrabajo.cl\/portal\/wp-json\/wp\/v2\/posts\/42720","targetHints":{"allow":["GET"]}}],"collection":[{"href":"https:\/\/eltrabajo.cl\/portal\/wp-json\/wp\/v2\/posts"}],"about":[{"href":"https:\/\/eltrabajo.cl\/portal\/wp-json\/wp\/v2\/types\/post"}],"author":[{"embeddable":true,"href":"https:\/\/eltrabajo.cl\/portal\/wp-json\/wp\/v2\/users\/482"}],"replies":[{"embeddable":true,"href":"https:\/\/eltrabajo.cl\/portal\/wp-json\/wp\/v2\/comments?post=42720"}],"version-history":[{"count":0,"href":"https:\/\/eltrabajo.cl\/portal\/wp-json\/wp\/v2\/posts\/42720\/revisions"}],"wp:featuredmedia":[{"embeddable":true,"href":"https:\/\/eltrabajo.cl\/portal\/wp-json\/wp\/v2\/media\/42721"}],"wp:attachment":[{"href":"https:\/\/eltrabajo.cl\/portal\/wp-json\/wp\/v2\/media?parent=42720"}],"wp:term":[{"taxonomy":"category","embeddable":true,"href":"https:\/\/eltrabajo.cl\/portal\/wp-json\/wp\/v2\/categories?post=42720"},{"taxonomy":"post_tag","embeddable":true,"href":"https:\/\/eltrabajo.cl\/portal\/wp-json\/wp\/v2\/tags?post=42720"}],"curies":[{"name":"wp","href":"https:\/\/api.w.org\/{rel}","templated":true}]}}