{"id":42723,"date":"2014-02-04T09:52:51","date_gmt":"2014-02-04T12:52:51","guid":{"rendered":"http:\/\/www.eltrabajo.cl\/portal\/?p=42723"},"modified":"2014-02-04T09:52:51","modified_gmt":"2014-02-04T12:52:51","slug":"en-un-50-avanzan-obras-de-remodelacion-de-plaza-de-armas","status":"publish","type":"post","link":"https:\/\/eltrabajo.cl\/portal\/en-un-50-avanzan-obras-de-remodelacion-de-plaza-de-armas\/","title":{"rendered":"En un 50% avanzan obras de remodelaci\u00f3n de plaza de armas"},"content":{"rendered":"<figure id=\"attachment_42724\" aria-describedby=\"caption-attachment-42724\" style=\"width: 528px\" class=\"wp-caption alignnone\"><a href=\"https:\/\/i0.wp.com\/www.eltrabajo.cl\/portal\/wp-content\/uploads\/2014\/02\/Plaza1.jpg\"><img data-recalc-dims=\"1\" loading=\"lazy\" decoding=\"async\" class=\"size-full wp-image-42724\" title=\"Millonaria inversi\u00f3n del Ministerio y Urbanismo permitir\u00e1 renovar completamente la emblem\u00e1tica Plaza de Armas de Santa Mar\u00eda que tiene m\u00e1s de 100 a\u00f1os de vida y no hab\u00eda sido sometida a ning\u00fan tipo de arreglo.\" alt=\"Millonaria inversi\u00f3n del Ministerio y Urbanismo permitir\u00e1 renovar completamente la emblem\u00e1tica Plaza de Armas de Santa Mar\u00eda que tiene m\u00e1s de 100 a\u00f1os de vida y no hab\u00eda sido sometida a ning\u00fan tipo de arreglo.\" src=\"https:\/\/i0.wp.com\/www.eltrabajo.cl\/portal\/wp-content\/uploads\/2014\/02\/Plaza1.jpg?resize=528%2C397\" width=\"528\" height=\"397\" srcset=\"https:\/\/i0.wp.com\/eltrabajo.cl\/portal\/wp-content\/uploads\/2014\/02\/Plaza1.jpg?w=528&amp;ssl=1 528w, https:\/\/i0.wp.com\/eltrabajo.cl\/portal\/wp-content\/uploads\/2014\/02\/Plaza1.jpg?resize=200%2C150&amp;ssl=1 200w, https:\/\/i0.wp.com\/eltrabajo.cl\/portal\/wp-content\/uploads\/2014\/02\/Plaza1.jpg?resize=300%2C225&amp;ssl=1 300w, https:\/\/i0.wp.com\/eltrabajo.cl\/portal\/wp-content\/uploads\/2014\/02\/Plaza1.jpg?resize=150%2C112&amp;ssl=1 150w, https:\/\/i0.wp.com\/eltrabajo.cl\/portal\/wp-content\/uploads\/2014\/02\/Plaza1.jpg?resize=400%2C300&amp;ssl=1 400w\" sizes=\"auto, (max-width: 528px) 100vw, 528px\" \/><\/a><figcaption id=\"caption-attachment-42724\" class=\"wp-caption-text\">Millonaria inversi\u00f3n del Ministerio y Urbanismo permitir\u00e1 renovar completamente la emblem\u00e1tica Plaza de Armas de Santa Mar\u00eda que tiene m\u00e1s de 100 a\u00f1os de vida y no hab\u00eda sido sometida a ning\u00fan tipo de arreglo.<\/figcaption><\/figure>\n<p><strong>SANTA MAR\u00cdA.<\/strong>&#8211; Al menos un 50% de avance, presentan las obras de mejoramiento y remodelaci\u00f3n de la Plaza de Armas de la comuna de Santa Mar\u00eda, emplazada entre las calles Latorre, Irarr\u00e1zaval, O\u00b4Higgins y Tres Carrera. La iniciativa se enmarca en el Programa de Rehabilitaci\u00f3n de Espacios P\u00fablicos del Ministerio de Vivienda y Urbanismo y tiene una inversi\u00f3n de m\u00e1s de $600 millones, beneficiando as\u00ed a m\u00e1s de 14.000 personas del sector.<\/p>\n<p>El proyecto de rehabilitaci\u00f3n de la Plaza de Armas de Santa Mar\u00eda, propone la reposici\u00f3n de todo su pavimento con baldosa micro-vibrada, sendas para minusv\u00e1lidos con baldosa t\u00e1ctil, accesibilidad universal, mobiliario urbano, una gran iluminaci\u00f3n, riego tecnificado para sus zonas de \u00e1reas verdes, ba\u00f1os p\u00fablicos, bodega y punto tur\u00edstico.<\/p>\n<p>Cabe se\u00f1alar que la Plaza de Santa de Mar\u00eda con m\u00e1s de 100 a\u00f1os de existencia, presentaba un deterioro en sus instalaciones: pavimentos, bancos, kiosco, iluminaci\u00f3n, mobiliario, etc. Tambi\u00e9n su dise\u00f1o no permit\u00eda acoger la diversidad de actividades que la comunidad realiza o podr\u00eda realizar, como espect\u00e1culos recreativos y culturales, carnavales, desfiles, ferias, etc. Los \u00e1rboles y arbustos son muy apreciados por la comunidad y se estima que existen varios ejemplares centenarios, pero no exist\u00eda ning\u00fan estudio ni plan de manejo orientado a preservar este patrimonio.<\/p>\n<p>El Director (S) de Serviu, Mat\u00edas Eyzaguirre, explic\u00f3 que \u00abla Plaza de Armas de la comuna de Santa Mar\u00eda tiene m\u00e1s de 100 a\u00f1os de vida, tiene un valor \u00fanico para toda la comunidad, por eso son muy importantes los trabajos que estamos realizando all\u00ed, que incluye entre otras cosas, el cambio de pavimento, mejoras en la iluminaci\u00f3n, sendas para discapacitados, zonas de \u00e1reas verdes, Ba\u00f1os P\u00fablicos, bodega y un punto tur\u00edstico\u00bb, coment\u00f3 Eyzaguirre.<\/p>\n<p>El funcionario agreg\u00f3 adem\u00e1s que \u00abeste gobierno ha cuadriplicado la inversi\u00f3n en espacio p\u00fablicos porque entendemos la relevancia que tienen las plazas, los espacios donde los ni\u00f1os, adultos y la familia entera puede jugar y desarrollarse. Aqu\u00ed se est\u00e1n invirtiendo m\u00e1s de 600 millones de pesos que dejar\u00e1n una plaza de armas completamente renovada para la comuna de Santa Mar\u00eda\u00bb.<\/p>\n<p>&nbsp;<\/p>\n","protected":false},"excerpt":{"rendered":"<p>SANTA MAR\u00cdA.&#8211; Al menos un 50% de avance, presentan las obras de mejoramiento y remodelaci\u00f3n de la Plaza de Armas de la comuna de Santa Mar\u00eda, emplazada entre las calles Latorre, Irarr\u00e1zaval,&#8230;<\/p>\n","protected":false},"author":482,"featured_media":42724,"comment_status":"open","ping_status":"closed","sticky":false,"template":"","format":"standard","meta":{"advanced_seo_description":"","jetpack_seo_html_title":"","jetpack_seo_noindex":false,"_jetpack_memberships_contains_paid_content":false,"footnotes":""},"categories":[1],"tags":[],"class_list":["post-42723","post","type-post","status-publish","format-standard","has-post-thumbnail","hentry","category-cronica"],"jetpack_featured_media_url":"https:\/\/i0.wp.com\/eltrabajo.cl\/portal\/wp-content\/uploads\/2014\/02\/Plaza1.jpg?fit=528%2C397&ssl=1","jetpack_sharing_enabled":true,"jetpack_likes_enabled":true,"jetpack-related-posts":[],"_links":{"self":[{"href":"https:\/\/eltrabajo.cl\/portal\/wp-json\/wp\/v2\/posts\/42723","targetHints":{"allow":["GET"]}}],"collection":[{"href":"https:\/\/eltrabajo.cl\/portal\/wp-json\/wp\/v2\/posts"}],"about":[{"href":"https:\/\/eltrabajo.cl\/portal\/wp-json\/wp\/v2\/types\/post"}],"author":[{"embeddable":true,"href":"https:\/\/eltrabajo.cl\/portal\/wp-json\/wp\/v2\/users\/482"}],"replies":[{"embeddable":true,"href":"https:\/\/eltrabajo.cl\/portal\/wp-json\/wp\/v2\/comments?post=42723"}],"version-history":[{"count":0,"href":"https:\/\/eltrabajo.cl\/portal\/wp-json\/wp\/v2\/posts\/42723\/revisions"}],"wp:featuredmedia":[{"embeddable":true,"href":"https:\/\/eltrabajo.cl\/portal\/wp-json\/wp\/v2\/media\/42724"}],"wp:attachment":[{"href":"https:\/\/eltrabajo.cl\/portal\/wp-json\/wp\/v2\/media?parent=42723"}],"wp:term":[{"taxonomy":"category","embeddable":true,"href":"https:\/\/eltrabajo.cl\/portal\/wp-json\/wp\/v2\/categories?post=42723"},{"taxonomy":"post_tag","embeddable":true,"href":"https:\/\/eltrabajo.cl\/portal\/wp-json\/wp\/v2\/tags?post=42723"}],"curies":[{"name":"wp","href":"https:\/\/api.w.org\/{rel}","templated":true}]}}