{"id":42726,"date":"2014-02-04T09:55:10","date_gmt":"2014-02-04T12:55:10","guid":{"rendered":"http:\/\/www.eltrabajo.cl\/portal\/?p=42726"},"modified":"2014-02-04T09:55:10","modified_gmt":"2014-02-04T12:55:10","slug":"para-2015-estarian-viviendas-del-comite-futura-casa-finalmente-construidas","status":"publish","type":"post","link":"https:\/\/eltrabajo.cl\/portal\/para-2015-estarian-viviendas-del-comite-futura-casa-finalmente-construidas\/","title":{"rendered":"Para 2015 estar\u00edan viviendas del Comit\u00e9 Futura Casa finalmente construidas"},"content":{"rendered":"<figure id=\"attachment_42727\" aria-describedby=\"caption-attachment-42727\" style=\"width: 317px\" class=\"wp-caption alignleft\"><a href=\"https:\/\/i0.wp.com\/www.eltrabajo.cl\/portal\/wp-content\/uploads\/2014\/02\/Miguel-Torres.jpg\"><img data-recalc-dims=\"1\" loading=\"lazy\" decoding=\"async\" class=\" wp-image-42727 \" title=\"El reelegido Presidente del Comit\u00e9 Habitacional Futura Casa, Miguel Torres, expres\u00f3 que el proyecto podr\u00eda concretarse a principios de 2015.\" alt=\"El reelegido Presidente del Comit\u00e9 Habitacional Futura Casa, Miguel Torres, expres\u00f3 que el proyecto podr\u00eda concretarse a principios de 2015.\" src=\"https:\/\/i0.wp.com\/www.eltrabajo.cl\/portal\/wp-content\/uploads\/2014\/02\/Miguel-Torres.jpg?resize=317%2C238\" width=\"317\" height=\"238\" srcset=\"https:\/\/i0.wp.com\/eltrabajo.cl\/portal\/wp-content\/uploads\/2014\/02\/Miguel-Torres.jpg?w=528&amp;ssl=1 528w, https:\/\/i0.wp.com\/eltrabajo.cl\/portal\/wp-content\/uploads\/2014\/02\/Miguel-Torres.jpg?resize=200%2C150&amp;ssl=1 200w, https:\/\/i0.wp.com\/eltrabajo.cl\/portal\/wp-content\/uploads\/2014\/02\/Miguel-Torres.jpg?resize=300%2C225&amp;ssl=1 300w, https:\/\/i0.wp.com\/eltrabajo.cl\/portal\/wp-content\/uploads\/2014\/02\/Miguel-Torres.jpg?resize=150%2C112&amp;ssl=1 150w, https:\/\/i0.wp.com\/eltrabajo.cl\/portal\/wp-content\/uploads\/2014\/02\/Miguel-Torres.jpg?resize=400%2C300&amp;ssl=1 400w\" sizes=\"auto, (max-width: 317px) 100vw, 317px\" \/><\/a><figcaption id=\"caption-attachment-42727\" class=\"wp-caption-text\">El reelegido Presidente del Comit\u00e9 Habitacional Futura Casa, Miguel Torres, expres\u00f3 que el proyecto podr\u00eda concretarse a principios de 2015.<\/figcaption><\/figure>\n<p>Tras recibir el subsidio habitacional el a\u00f1o pasado, los integrantes del Comit\u00e9 Futura Casa, proyectan para los primeros meses del pr\u00f3ximo a\u00f1o, la entrega de sus viviendas construidas y listas para ser habitadas, por cuanto el proyecto est\u00e1 pr\u00f3ximo a iniciar su materializaci\u00f3n.<\/p>\n<p>As\u00ed lo dio a conocer el reelegido Presidente del Comit\u00e9 Habitacional, Miguel Torres, quien particip\u00f3 ayer de una reuni\u00f3n donde se firmaron los \u00faltimos documentos necesarios para la tramitaci\u00f3n de los permisos de edificaci\u00f3n, los que tienen por objetivo iniciar las obras de construcci\u00f3n de edificios de tres niveles.<\/p>\n<p>\u00abEstamos muy contentos, porque ya tenemos los planos de las casas que van a construirnos y esperamos que pronto pueda iniciarse la ejecuci\u00f3n de este proyecto. Hemos luchado mucho y a veces, hasta se nos olvida que nos robaron nuestros ahorros, porque la verdad es que al contar con el subsidio y ver que esto avanza, nos pone muy felices\u00bb, se\u00f1al\u00f3 Torres.<\/p>\n<p>Consultado sobre fecha tentativa para el inicio de las obras, se\u00f1al\u00f3 que de acuerdo a lo que se les ha manifestado, esto podr\u00eda ocurrir dentro de unos meses, ya que deben esperar que se cumplan los pasos administrativos que normalmente consideran estos proyectos.<\/p>\n<p>\u00abLo m\u00e1s lindo, es que ya no estamos golpeando puertas de aqu\u00ed para all\u00e1, estamos bien avanzados, aunque esperamos que cuanto antes salgan nuestras casas\u00bb, sentenci\u00f3 Miguel Torres.<\/p>\n<p>En total son 92 casas las que compondr\u00e1n este conjunto habitacional, de las cuales poco m\u00e1s de 50, pertenecer\u00e1n a familias que resultaron estafadas a prop\u00f3sito de las irregularidades de la ex-Egis Daniela, la que en la pr\u00e1ctica, s\u00f3lo tuvo como sanci\u00f3n el perder la condici\u00f3n de entidad de gesti\u00f3n inmobiliaria, sin que fuesen sancionados sus representantes.<\/p>\n<p>&nbsp;<\/p>\n","protected":false},"excerpt":{"rendered":"<p>Tras recibir el subsidio habitacional el a\u00f1o pasado, los integrantes del Comit\u00e9 Futura Casa, proyectan para los primeros meses del pr\u00f3ximo a\u00f1o, la entrega de sus viviendas construidas y listas para ser&#8230;<\/p>\n","protected":false},"author":482,"featured_media":42727,"comment_status":"open","ping_status":"closed","sticky":false,"template":"","format":"standard","meta":{"advanced_seo_description":"","jetpack_seo_html_title":"","jetpack_seo_noindex":false,"_jetpack_memberships_contains_paid_content":false,"footnotes":""},"categories":[1],"tags":[],"class_list":["post-42726","post","type-post","status-publish","format-standard","has-post-thumbnail","hentry","category-cronica"],"jetpack_featured_media_url":"https:\/\/i0.wp.com\/eltrabajo.cl\/portal\/wp-content\/uploads\/2014\/02\/Miguel-Torres.jpg?fit=528%2C396&ssl=1","jetpack_sharing_enabled":true,"jetpack_likes_enabled":true,"jetpack-related-posts":[],"_links":{"self":[{"href":"https:\/\/eltrabajo.cl\/portal\/wp-json\/wp\/v2\/posts\/42726","targetHints":{"allow":["GET"]}}],"collection":[{"href":"https:\/\/eltrabajo.cl\/portal\/wp-json\/wp\/v2\/posts"}],"about":[{"href":"https:\/\/eltrabajo.cl\/portal\/wp-json\/wp\/v2\/types\/post"}],"author":[{"embeddable":true,"href":"https:\/\/eltrabajo.cl\/portal\/wp-json\/wp\/v2\/users\/482"}],"replies":[{"embeddable":true,"href":"https:\/\/eltrabajo.cl\/portal\/wp-json\/wp\/v2\/comments?post=42726"}],"version-history":[{"count":0,"href":"https:\/\/eltrabajo.cl\/portal\/wp-json\/wp\/v2\/posts\/42726\/revisions"}],"wp:featuredmedia":[{"embeddable":true,"href":"https:\/\/eltrabajo.cl\/portal\/wp-json\/wp\/v2\/media\/42727"}],"wp:attachment":[{"href":"https:\/\/eltrabajo.cl\/portal\/wp-json\/wp\/v2\/media?parent=42726"}],"wp:term":[{"taxonomy":"category","embeddable":true,"href":"https:\/\/eltrabajo.cl\/portal\/wp-json\/wp\/v2\/categories?post=42726"},{"taxonomy":"post_tag","embeddable":true,"href":"https:\/\/eltrabajo.cl\/portal\/wp-json\/wp\/v2\/tags?post=42726"}],"curies":[{"name":"wp","href":"https:\/\/api.w.org\/{rel}","templated":true}]}}